{"id":633514,"date":"2026-08-20T01:48:39","date_gmt":"2026-08-20T01:48:39","guid":{"rendered":"https:\/\/www.europesays.com\/pl\/633514\/"},"modified":"2026-08-20T01:48:39","modified_gmt":"2026-08-20T01:48:39","slug":"akcja-saperow-w-warszawie-kilkadziesiat-niewybuchow-i-ewakuacja-mieszkancow-2","status":"publish","type":"post","link":"https:\/\/www.europesays.com\/pl\/633514\/","title":{"rendered":"Akcja saper\u00f3w w Warszawie. Kilkadziesi\u0105t niewybuch\u00f3w i ewakuacja mieszka\u0144c\u00f3w"},"content":{"rendered":"<p>W rejonie skrzy\u017cowania ul. Grzybowskiej z \u017belazn\u0105 robotnicy znale\u017ali niewybuchy. S\u0142u\u017cby obecnie informuj\u0105, \u017ce jest ich ponad 20. Na terenie wok\u00f3\u0142 znaleziska wstrzymano ruch ko\u0142owy i pieszy. Ewakuowano mieszka\u0144c\u00f3w dw\u00f3ch budynk\u00f3w. Na miejscu dzia\u0142aj\u0105 saperzy.<\/p>\n<p>Dalszy ci\u0105g artyku\u0142u pod materia\u0142em wideo<\/p>\n<p>\u2014 Dostali\u015bmy zg\u0142oszenie o znalezieniu 22 niewybuch\u00f3w na budowie na skrzy\u017cowaniu ulic Grzybowskiej i \u017belaznej. Konieczna by\u0142a ewakuacja mieszka\u0144c\u00f3w dw\u00f3ch budynk\u00f3w \u2014 przekaza\u0142a nadkom. Marta Sulowska w wolskiej policji. Jak doda\u0142a, na miejscu ci\u0105gle pracuje patrol saperski.<\/p>\n<p>Niewybuch u zbiegu ulic Grzybowskiej i \u017belaznej. Utrudnienia w centrum Warszawy<\/p>\n<p>Zarz\u0105d Transportu Miejskiego poinformowa\u0142, \u017ce w zwi\u0105zku z utrudnieniami w tym rejonie, autobusy linii 106 i 157 skierowano na trasy objazdowe w obu kierunkach.<\/p>\n<p>Jak prywatny detektyw handlowa\u0142 ta\u015bmami polityk\u00f3w. Od Jana Kulczyka chcia\u0142 ogromnej kwoty<img class=\"ods-a-photo ods-a-photo--background\" src=\"https:\/\/www.europesays.com\/pl\/wp-content\/uploads\/2026\/08\/xVyk9lBaHR0cHM6Ly9vY2RuLmV1L3B1bHNjbXMvTURBXy81NTRkMTNlMjQwMzQ5MDM0N2M4NjBlNmNkY2FiOWZlYi5wbmeRlQLNA.jpeg\" height=\"253\" width=\"450\" alt=\"Sklejka zdj\u0119\u0107 - Krzysztof Szaruga, Sowa i Przyjaciele, Marek Falenta\" loading=\"lazy\" fetchpriority=\"low\" decoding=\"async\"\/><\/p>\n<p>Linia 106 w kierunku Mariensztatu kursuje Al. Solidarno\u015bci, Al. Jana Paw\u0142a II, zawraca na Rondzie ONZ, Al. Jana Paw\u0142a II, Grzybowska, natomiast w kierunku Ostroroga, ulicami: Grzybowsk\u0105, Al. Jana Paw\u0142a II i Prost\u0105. Linia 157 w obu kierunkach je\u017adzi \u017belazn\u0105, Al. Solidarno\u015bci, Al. Jana Paw\u0142a II i Al. Jerozolimskimi.<\/p>\n<p>W miniony pi\u0105tek 14 sierpnia na tym samym skrzy\u017cowaniu r\u00f3wnie\u017c pracowali saperzy. Dzie\u0144 wcze\u015bniej w trakcie prac ziemnych operator koparki wykopa\u0142 pochodz\u0105ce prawdopodobnie z okresu II wojny \u015bwiatowej pociski artyleryjskie. Skrzy\u017cowanie z ulic\u0105 \u017belazn\u0105 by\u0142o wy\u0142\u0105czone z ruchu na czas trwania prac. Ze wzgl\u0119du na bezpiecze\u0144stwo os\u00f3b postronnych podj\u0119to decyzj\u0119 o ewakuacji mieszka\u0144c\u00f3w s\u0105siednich budynk\u00f3w.<\/p>\n","protected":false},"excerpt":{"rendered":"W rejonie skrzy\u017cowania ul. Grzybowskiej z \u017belazn\u0105 robotnicy znale\u017ali niewybuchy. S\u0142u\u017cby obecnie informuj\u0105, \u017ce jest ich ponad 20.&hellip;\n","protected":false},"author":2,"featured_media":633515,"comment_status":"","ping_status":"","sticky":false,"template":"","format":"standard","meta":{"footnotes":"","_share_on_mastodon":"0"},"categories":[51605],"tags":[61195,48,44183,46,55,42,38,40,39,41,56447,47,435],"class_list":["post-633514","post","type-post","status-publish","format-standard","has-post-thumbnail","category-warszawa","tag-bottomfeed_styl","tag-nat_styl","tag-niewypaly","tag-omp","tag-phx","tag-pl","tag-poland","tag-polish","tag-polska","tag-polski","tag-saperzy","tag-screening_general","tag-warszawa"],"share_on_mastodon":{"url":"https:\/\/pubeurope.com\/@pl\/117125324557158466","error":""},"_links":{"self":[{"href":"https:\/\/www.europesays.com\/pl\/wp-json\/wp\/v2\/posts\/633514","targetHints":{"allow":["GET"]}}],"collection":[{"href":"https:\/\/www.europesays.com\/pl\/wp-json\/wp\/v2\/posts"}],"about":[{"href":"https:\/\/www.europesays.com\/pl\/wp-json\/wp\/v2\/types\/post"}],"author":[{"embeddable":true,"href":"https:\/\/www.europesays.com\/pl\/wp-json\/wp\/v2\/users\/2"}],"replies":[{"embeddable":true,"href":"https:\/\/www.europesays.com\/pl\/wp-json\/wp\/v2\/comments?post=633514"}],"version-history":[{"count":0,"href":"https:\/\/www.europesays.com\/pl\/wp-json\/wp\/v2\/posts\/633514\/revisions"}],"wp:featuredmedia":[{"embeddable":true,"href":"https:\/\/www.europesays.com\/pl\/wp-json\/wp\/v2\/media\/633515"}],"wp:attachment":[{"href":"https:\/\/www.europesays.com\/pl\/wp-json\/wp\/v2\/media?parent=633514"}],"wp:term":[{"taxonomy":"category","embeddable":true,"href":"https:\/\/www.europesays.com\/pl\/wp-json\/wp\/v2\/categories?post=633514"},{"taxonomy":"post_tag","embeddable":true,"href":"https:\/\/www.europesays.com\/pl\/wp-json\/wp\/v2\/tags?post=633514"}],"curies":[{"name":"wp","href":"https:\/\/api.w.org\/{rel}","templated":true}]}}