{"id":633632,"date":"2026-08-20T03:21:11","date_gmt":"2026-08-20T03:21:11","guid":{"rendered":"https:\/\/www.europesays.com\/pl\/633632\/"},"modified":"2026-08-20T03:21:11","modified_gmt":"2026-08-20T03:21:11","slug":"zona-w-warszawie-warszawa-nasze-miasto","status":"publish","type":"post","link":"https:\/\/www.europesays.com\/pl\/633632\/","title":{"rendered":"\u017bONa w Warszawie | Warszawa Nasze Miasto"},"content":{"rendered":"<p class=\"atomsHappeningContent__desc\">G\u0142o\u015bny, francuski przeb\u00f3j teatralny teraz tak\u017ce w Polsce! Fran\u00e7ois to polityk z wieloma sukcesami, kt\u00f3ry startuje w wyborach na mera miasta. Doskona\u0142y plan zacznie si\u0119 sypa\u0107 w festiwalu k\u0142\u00f3tni i niespodziewanych rewelacji, kt\u00f3re bawi\u0105 do \u0142ez, a zarazem daj\u0105 do my\u015blenia.<\/p>\n<p>Fran\u00e7ois ma liberalne pogl\u0105dy i wysokoprocentowe poparcie. Jego \u017cona Carla jest inteligentna i atrakcyjna, a pi\u0119kna c\u00f3rka Louise to ich oczko w g\u0142owie. Obrazek idealny \u2013 wizerunkowy wz\u00f3r sukcesu. Ale\u2026 \u017cycie to nie plakat wyborczy. Jeden dzie\u0144 wywr\u00f3ci do g\u00f3ry nogami losy ca\u0142ej rodziny, a w konsekwencji mo\u017ce zrujnowa\u0107 b\u0142yskotliw\u0105 karier\u0119 Fran\u00e7ois. Kto\u015b wyjawi z dawna skrywan\u0105 tajemnic\u0119, inny og\u0142osi zaskakuj\u0105c\u0105 nowin\u0119, a we wszystko wmiesza si\u0119 g\u0142\u00f3wny oponent polityczny \u2013 Rachon.<\/p>\n<p>Komedia \u201e\u017cONa\u201d jest od lat wielkim przebojem we Francji. Historia prowokuje do my\u015blenia, a zarazem roz\u015bmiesza do \u0142ez! Re\u017cyser Adam Sajnuk umiej\u0119tnie wydobywa ironi\u0119 losu polityka wystawionego na pr\u00f3b\u0119, a czw\u00f3rka znakomitych aktor\u00f3w gra brawurowo i improwizuje, kreuj\u0105c wiarygodne postaci tej komedii o hipokryzji, mi\u0142o\u015bci i tolerancji.<\/p>\n<p>Re\u017cyser: Adam Sajnuk<\/p>\n<p>Obsada: Renata Dancewicz, Piotr Polk, Justyna Fabisiak, Cezary \u0141ukaszewicz \/ Micha\u0142 Rolnicki.<\/p>\n<p>Autor: Jade-Rose Parker<br \/>Przek\u0142ad: Irma Helt<br \/>Gatunek: komedia<br \/>Muzyka: Micha\u0142 Lam\u017ca<\/p>\n","protected":false},"excerpt":{"rendered":"G\u0142o\u015bny, francuski przeb\u00f3j teatralny teraz tak\u017ce w Polsce! Fran\u00e7ois to polityk z wieloma sukcesami, kt\u00f3ry startuje w wyborach&hellip;\n","protected":false},"author":2,"featured_media":633633,"comment_status":"","ping_status":"","sticky":false,"template":"","format":"standard","meta":{"footnotes":"","_share_on_mastodon":"0"},"categories":[51605],"tags":[6226,10195,42,38,40,39,41,8812,435,22920],"class_list":["post-633632","post","type-post","status-publish","format-standard","has-post-thumbnail","category-warszawa","tag-bilety","tag-impreza","tag-pl","tag-poland","tag-polish","tag-polska","tag-polski","tag-spektakle","tag-warszawa","tag-wydarzenie"],"share_on_mastodon":{"url":"https:\/\/pubeurope.com\/@pl\/117125689075344066","error":""},"_links":{"self":[{"href":"https:\/\/www.europesays.com\/pl\/wp-json\/wp\/v2\/posts\/633632","targetHints":{"allow":["GET"]}}],"collection":[{"href":"https:\/\/www.europesays.com\/pl\/wp-json\/wp\/v2\/posts"}],"about":[{"href":"https:\/\/www.europesays.com\/pl\/wp-json\/wp\/v2\/types\/post"}],"author":[{"embeddable":true,"href":"https:\/\/www.europesays.com\/pl\/wp-json\/wp\/v2\/users\/2"}],"replies":[{"embeddable":true,"href":"https:\/\/www.europesays.com\/pl\/wp-json\/wp\/v2\/comments?post=633632"}],"version-history":[{"count":0,"href":"https:\/\/www.europesays.com\/pl\/wp-json\/wp\/v2\/posts\/633632\/revisions"}],"wp:featuredmedia":[{"embeddable":true,"href":"https:\/\/www.europesays.com\/pl\/wp-json\/wp\/v2\/media\/633633"}],"wp:attachment":[{"href":"https:\/\/www.europesays.com\/pl\/wp-json\/wp\/v2\/media?parent=633632"}],"wp:term":[{"taxonomy":"category","embeddable":true,"href":"https:\/\/www.europesays.com\/pl\/wp-json\/wp\/v2\/categories?post=633632"},{"taxonomy":"post_tag","embeddable":true,"href":"https:\/\/www.europesays.com\/pl\/wp-json\/wp\/v2\/tags?post=633632"}],"curies":[{"name":"wp","href":"https:\/\/api.w.org\/{rel}","templated":true}]}}