{"id":633670,"date":"2026-08-20T03:48:15","date_gmt":"2026-08-20T03:48:15","guid":{"rendered":"https:\/\/www.europesays.com\/pl\/633670\/"},"modified":"2026-08-20T03:48:15","modified_gmt":"2026-08-20T03:48:15","slug":"silne-nawalnice-z-ulewami-zagroza-dzis-polsce-to-beda-niebezpieczne-godziny","status":"publish","type":"post","link":"https:\/\/www.europesays.com\/pl\/633670\/","title":{"rendered":"Silne nawa\u0142nice z ulewami zagro\u017c\u0105 dzi\u015b Polsce. To b\u0119d\u0105 niebezpieczne godziny"},"content":{"rendered":"<p>Od rana w <a href=\"https:\/\/wiadomosci.onet.pl\/pogoda\" id=\"713eeebb-dc80-43f1-9f28-31538bedef3a\" rel=\"nofollow noopener\" target=\"_blank\">pogodzie<\/a> du\u017co si\u0119 dzieje, przede wszystkim gdzieniegdzie w centrum, na po\u0142udniu i wschodzie, gdzie przechodz\u0105 intensywne opady deszczu po\u0142\u0105czone z burzami. Temperatura jest zr\u00f3\u017cnicowana i podczas gdy na po\u0142udniowym wschodzie mamy blisko 20 st. C, to lokalnie na pojezierzach zaledwie ok. 10 st. C.Policzyli\u015bmy, kt\u00f3re miasta najgorzej znosz\u0105 upa\u0142y. Sprawd\u017a nasz ranking<img class=\"ods-a-photo ods-a-photo--background\" src=\"https:\/\/www.europesays.com\/pl\/wp-content\/uploads\/2026\/08\/1787197692_884_PMkk9lBaHR0cHM6Ly9vY2RuLmV1L3B1bHNjbXMvTURBXy9iYTBhZWM2NzBiOTI0NDA0N2U0NDJjMTg2MmUzMDQwYS5wbmeRlQLNA.jpeg\" height=\"199\" width=\"450\" alt=\"Indeks podatno\u015bci na upa\u0142y\" loading=\"lazy\" fetchpriority=\"low\" decoding=\"async\"\/>Dzi\u015b w pogodzie b\u0119dzie si\u0119 du\u017co dzia\u0142o. Miejscami prawie 30 st. C i ryzyko silnych burzKolejne godziny przynios\u0105 zmienn\u0105 pogod\u0119. Do po\u0142udnia przelotne opady deszczu, a lokalnie te\u017c zanikaj\u0105ce burze, mo\u017cliwe s\u0105 jeszcze na wschodzie, po\u0142udniu oraz w centrum. Tymczasem w drugiej cz\u0119\u015bci dnia powinno pojawi\u0107 si\u0119 zdecydowanie wi\u0119cej s\u0142o\u0144ca, ale pod wiecz\u00f3r na po\u0142udniu, po\u0142udniowym wschodzie i p\u00f3\u0142nocnym zachodzie zn\u00f3w zaczn\u0105 wyst\u0119powa\u0107 opady, lokalnie te\u017c <a href=\"https:\/\/wiadomosci.onet.pl\/burze\" id=\"a462582c-f4e5-425f-9bbe-bcedcad3fb9a\" rel=\"nofollow noopener\" target=\"_blank\">burze<\/a>. W czasie ich trwania niewykluczone s\u0105 ulewy, grad i silny wiatr do 80 km na godz. Punktowo przez ca\u0142y dzie\u0144 spadnie 10-20 mm wody.<img class=\"ods-a-photo ods-a-photo--background\" src=\"https:\/\/www.europesays.com\/pl\/wp-content\/uploads\/2026\/08\/0Fxk9lBaHR0cHM6Ly9vY2RuLmV1L3B1bHNjbXMvTURBXy8xMmI4Y2NjNzkzMzE3YjllYTRhOGI0NjY2NWNjYTVhMy5wbmeRkwXNB.jpeg\" height=\"1155\" width=\"940\" alt=\"Na kra\u0144cach po\u0142udniowych temperatura zbli\u017cy si\u0119 dzi\u015b do 30 st. C, ale niemal wsz\u0119dzie mo\u017ce pada\u0107\" loading=\"lazy\" fetchpriority=\"auto\" decoding=\"auto\"\/><\/p>\n<p>Arkadiusz P\u0142achta \/ Onet<\/p>\n<p>Na kra\u0144cach po\u0142udniowych temperatura zbli\u017cy si\u0119 dzi\u015b do 30 st. C, ale niemal wsz\u0119dzie mo\u017ce pada\u0107<\/p>\n<p><a href=\"https:\/\/wiadomosci.onet.pl\/temperatura\" id=\"009af609-ce66-4e41-802f-21199b7452ef\" rel=\"nofollow noopener\" target=\"_blank\">Temperatura<\/a> b\u0119dzie dzi\u015b zr\u00f3\u017cnicowana. Maksymalnie odnotujemy od 21-23 st. C na p\u00f3\u0142nocy, ok. 25 st. C w centrum do nawet 28-29 st. C w Ma\u0142opolsce i na Podkarpaciu. W rejonie Tarnowa nie wykluczamy 30 st. C.Dalszy ci\u0105g artyku\u0142u pod materia\u0142em wideo<\/p>\n<p>Wiatr umiarkowany, czasami porywisty, g\u0142\u00f3wnie na po\u0142udniu, z zachodu i po\u0142udniowego zachodu. Biomet nie b\u0119dzie dzi\u015b najlepszy, a wszystko przez burze. Na po\u0142udniu dominowa\u0107 ma dzi\u015b odczucie gor\u0105ca, a w g\u0142\u0119bi kraju komfortu termicznego albo ciep\u0142a.<\/p>\n<p>Noc z niespokojn\u0105 pogod\u0105. Nad Polsk\u0105 pojawi si\u0119 nast\u0119pna fala silnego deszczu i gwa\u0142townych burz<\/p>\n<p>W nocy na zachodzie i w centrum b\u0119dzie do\u015b\u0107 pogodnie. Na pozosta\u0142ym obszarze kraju zapowiadamy wi\u0119cej chmur i cz\u0119ste opady deszczu, czasami te\u017c burze. Najgwa\u0142towniejsze zjawiska wyst\u0105pi\u0105 na po\u0142udniu i po\u0142udniowym wschodzie, gdzie nie wykluczamy przej\u015bcia wi\u0119kszego uk\u0142adu z gradem i wichurami do 90 km na godz. Suma opad\u00f3w w pasie od Roztocza po Karpaty i G\u00f3rny \u015al\u0105sk wyniesie \u015brednio 15-25 mm, lokalnie do 40 mm.<\/p>\n<p><img class=\"ods-a-photo ods-a-photo--background\" src=\"https:\/\/www.europesays.com\/pl\/wp-content\/uploads\/2026\/08\/m_lk9lBaHR0cHM6Ly9vY2RuLmV1L3B1bHNjbXMvTURBXy9kNWI2MTVjZDJlMGUzMjBkZjY0ODczMDU1MjYyNGZhOS5wbmeRkwXNB.jpeg\" height=\"1155\" width=\"940\" alt=\"Noc w wielu regionach przyniesie nast\u0119pn\u0105 fal\u0119 do\u015b\u0107 intensywnych opad\u00f3w deszczu po\u0142\u0105czonych z burzami\" loading=\"lazy\" fetchpriority=\"auto\" decoding=\"auto\"\/><\/p>\n<p>Arkadiusz P\u0142achta \/ Onet<\/p>\n<p>Noc w wielu regionach przyniesie nast\u0119pn\u0105 fal\u0119 do\u015b\u0107 intensywnych opad\u00f3w deszczu po\u0142\u0105czonych z burzami<\/p>\n<p>Temperatura minimalna spadnie do 12 st. C na p\u00f3\u0142nocnym zachodzie, 16 st. C w centrum i do 18 st. C na Podkarpaciu. Wiatr poza burzami wia\u0107 ma s\u0142abo i umiarkowanie, z po\u0142udnia oraz po\u0142udniowego zachodu.<\/p>\n","protected":false},"excerpt":{"rendered":"Od rana w pogodzie du\u017co si\u0119 dzieje, przede wszystkim gdzieniegdzie w centrum, na po\u0142udniu i wschodzie, gdzie przechodz\u0105&hellip;\n","protected":false},"author":2,"featured_media":633671,"comment_status":"","ping_status":"","sticky":false,"template":"","format":"standard","meta":{"footnotes":"","_share_on_mastodon":"0"},"categories":[12],"tags":[61195,14276,48,46,42,78,38,40,39,41,47,8011],"class_list":["post-633670","post","type-post","status-publish","format-standard","has-post-thumbnail","category-polska","tag-bottomfeed_styl","tag-burze","tag-nat_styl","tag-omp","tag-pl","tag-pogoda","tag-poland","tag-polish","tag-polska","tag-polski","tag-screening_general","tag-ulewy"],"share_on_mastodon":{"url":"https:\/\/pubeurope.com\/@pl\/117125796341315793","error":""},"_links":{"self":[{"href":"https:\/\/www.europesays.com\/pl\/wp-json\/wp\/v2\/posts\/633670","targetHints":{"allow":["GET"]}}],"collection":[{"href":"https:\/\/www.europesays.com\/pl\/wp-json\/wp\/v2\/posts"}],"about":[{"href":"https:\/\/www.europesays.com\/pl\/wp-json\/wp\/v2\/types\/post"}],"author":[{"embeddable":true,"href":"https:\/\/www.europesays.com\/pl\/wp-json\/wp\/v2\/users\/2"}],"replies":[{"embeddable":true,"href":"https:\/\/www.europesays.com\/pl\/wp-json\/wp\/v2\/comments?post=633670"}],"version-history":[{"count":0,"href":"https:\/\/www.europesays.com\/pl\/wp-json\/wp\/v2\/posts\/633670\/revisions"}],"wp:featuredmedia":[{"embeddable":true,"href":"https:\/\/www.europesays.com\/pl\/wp-json\/wp\/v2\/media\/633671"}],"wp:attachment":[{"href":"https:\/\/www.europesays.com\/pl\/wp-json\/wp\/v2\/media?parent=633670"}],"wp:term":[{"taxonomy":"category","embeddable":true,"href":"https:\/\/www.europesays.com\/pl\/wp-json\/wp\/v2\/categories?post=633670"},{"taxonomy":"post_tag","embeddable":true,"href":"https:\/\/www.europesays.com\/pl\/wp-json\/wp\/v2\/tags?post=633670"}],"curies":[{"name":"wp","href":"https:\/\/api.w.org\/{rel}","templated":true}]}}