{"id":633920,"date":"2026-08-20T06:41:08","date_gmt":"2026-08-20T06:41:08","guid":{"rendered":"https:\/\/www.europesays.com\/pl\/633920\/"},"modified":"2026-08-20T06:41:08","modified_gmt":"2026-08-20T06:41:08","slug":"maroko-mocno-zyskuje-w-krakowie-ryanair-wykona-170-lotow-zima","status":"publish","type":"post","link":"https:\/\/www.europesays.com\/pl\/633920\/","title":{"rendered":"Maroko mocno zyskuje w Krakowie. Ryanair wykona 170 lot\u00f3w zim\u0105"},"content":{"rendered":"<p>Nadchodz\u0105cy sezon zimowy b\u0119dzie dla krakowskiego portu lotniczego rekordowy pod wzgl\u0119dem po\u0142\u0105cze\u0144 do Afryki P\u00f3\u0142nocnej. W rozk\u0142adzie znalaz\u0142y si\u0119 trzy maroka\u0144skie kierunki \u2013 Agadir, Marrakesz i Rabat \u2013 a \u0142\u0105cznie samoloty irlandzkiego przewo\u017anika wykonaj\u0105 z Balic 170 rejs\u00f3w do Kr\u00f3lestwa Maroka\u0144skiego. <\/p>\n<p>Najwi\u0119ksze zmiany dotycz\u0105 po\u0142\u0105czenia Krak\u00f3w \u2013 Marrakesz. Zar\u00f3wno w listopadzie, jak i w okresie od 22 grudnia do 3 stycznia Ryanair b\u0119dzie realizowa\u0142 trzy rotacje tygodniowo, czyli o jedn\u0105 wi\u0119cej ni\u017c w standardowym rozk\u0142adzie. Opr\u00f3cz dotychczasowych rejs\u00f3w wykonywanych w czwartki i niedziele przewo\u017anik do\u0142o\u017cy po\u0142\u0105czenie we wtorki. <\/p>\n<p>Jeszcze bogatsza b\u0119dzie oferta do Agadiru. Od 28 pa\u017adziernika do 31 stycznia, a tak\u017ce w ostatnim tygodniu sezonu zimowego, Ryanair b\u0119dzie lata\u0142 na tej trasie trzy razy w tygodniu. Nast\u0119pnie, od 1 lutego do 21 marca, cz\u0119stotliwo\u015b\u0107 wzro\u015bnie do czterech rejs\u00f3w tygodniowo. <\/p>\n<p>Maroka\u0144sk\u0105 siatk\u0119 po\u0142\u0105cze\u0144 z Krakowa uzupe\u0142ni Rabat. Stolica Maroka pojawi si\u0119 w rozk\u0142adzie dwa razy w tygodniu. B\u0119dzie to nowo\u015b\u0107 nie tylko w krakowskiej ofercie Ryanaira, ale r\u00f3wnie\u017c na polskim rynku lotniczym.<\/p>\n<p>W efekcie Balice b\u0119d\u0105 jednym z najwa\u017cniejszych polskich lotnisk pod wzgl\u0119dem oferty irlandzkich linii lotniczych do Maroka. W ca\u0142ym sezonie zimowym z Ma\u0142opolski w kierunku Kr\u00f3lestwa Maroka\u0144skiego przewo\u017anik wykona \u0142\u0105cznie 170 rejs\u00f3w. <\/p>\n<p>Rozbudowa maroka\u0144skiej oferty wpisuje si\u0119 w strategi\u0119 Ryanaira polegaj\u0105c\u0105 na zwi\u0119kszaniu liczby po\u0142\u0105cze\u0144 z krakowskiego lotniska i rozwijaniu siatki kierunk\u00f3w turystycznych. Rozbudowany program kierunk\u00f3w docelowych pozwala pasa\u017cerom wylecie\u0107 z Balic do jednego miasta w Maroku, aby powr\u00f3ci\u0107 po Ma\u0142opolski z innej lokalizacji. <\/p>\n<p>Tegoroczna oferta pokazuje r\u00f3wnie\u017c, \u017ce Maroko staje si\u0119 coraz istotniejszym kierunkiem w zimowej siatce krakowskiego lotniska. Szczeg\u00f3lnie wyra\u017anie wida\u0107 to w przypadku Agadiru, gdzie w szczytowym okresie cz\u0119stotliwo\u015b\u0107 rejs\u00f3w wzro\u015bnie do czterech tygodniowo.<\/p>\n","protected":false},"excerpt":{"rendered":"Nadchodz\u0105cy sezon zimowy b\u0119dzie dla krakowskiego portu lotniczego rekordowy pod wzgl\u0119dem po\u0142\u0105cze\u0144 do Afryki P\u00f3\u0142nocnej. W rozk\u0142adzie znalaz\u0142y&hellip;\n","protected":false},"author":2,"featured_media":633921,"comment_status":"","ping_status":"","sticky":false,"template":"","format":"standard","meta":{"footnotes":"","_share_on_mastodon":"0"},"categories":[51606],"tags":[1304,48033,55975,42,38,40,39,41,53247,55974,55973,7941,83301,112911,55972,54409],"class_list":["post-633920","post","type-post","status-publish","format-standard","has-post-thumbnail","category-krakow","tag-krakow","tag-krakow-airport","tag-linie-niskokosztowe","tag-pl","tag-poland","tag-polish","tag-polska","tag-polski","tag-port-lotniczy-krakow-balice","tag-przewoznicy-niskokosztowi","tag-przewoznik-niskokosztowy","tag-ryanair","tag-sezon-zimowy","tag-siatka-zimowa","tag-tanie-linie","tag-tanie-linie-lotnicze"],"share_on_mastodon":{"url":"https:\/\/pubeurope.com\/@pl\/117126475468950247","error":""},"_links":{"self":[{"href":"https:\/\/www.europesays.com\/pl\/wp-json\/wp\/v2\/posts\/633920","targetHints":{"allow":["GET"]}}],"collection":[{"href":"https:\/\/www.europesays.com\/pl\/wp-json\/wp\/v2\/posts"}],"about":[{"href":"https:\/\/www.europesays.com\/pl\/wp-json\/wp\/v2\/types\/post"}],"author":[{"embeddable":true,"href":"https:\/\/www.europesays.com\/pl\/wp-json\/wp\/v2\/users\/2"}],"replies":[{"embeddable":true,"href":"https:\/\/www.europesays.com\/pl\/wp-json\/wp\/v2\/comments?post=633920"}],"version-history":[{"count":0,"href":"https:\/\/www.europesays.com\/pl\/wp-json\/wp\/v2\/posts\/633920\/revisions"}],"wp:featuredmedia":[{"embeddable":true,"href":"https:\/\/www.europesays.com\/pl\/wp-json\/wp\/v2\/media\/633921"}],"wp:attachment":[{"href":"https:\/\/www.europesays.com\/pl\/wp-json\/wp\/v2\/media?parent=633920"}],"wp:term":[{"taxonomy":"category","embeddable":true,"href":"https:\/\/www.europesays.com\/pl\/wp-json\/wp\/v2\/categories?post=633920"},{"taxonomy":"post_tag","embeddable":true,"href":"https:\/\/www.europesays.com\/pl\/wp-json\/wp\/v2\/tags?post=633920"}],"curies":[{"name":"wp","href":"https:\/\/api.w.org\/{rel}","templated":true}]}}