{"id":633924,"date":"2026-08-20T06:43:11","date_gmt":"2026-08-20T06:43:11","guid":{"rendered":"https:\/\/www.europesays.com\/pl\/633924\/"},"modified":"2026-08-20T06:43:11","modified_gmt":"2026-08-20T06:43:11","slug":"piechurska-i-cholewinski-znikaja-z-newsmax-polska-to-nie-koniec","status":"publish","type":"post","link":"https:\/\/www.europesays.com\/pl\/633924\/","title":{"rendered":"Piechurska i Cholewi\u0144ski znikaj\u0105 z Newsmax Polska. To nie koniec?"},"content":{"rendered":"\n<p>&#13;<br \/>\nW sobot\u0119 4\u00a0lipca nadawanie rozpocz\u0105\u0142 <a href=\"https:\/\/dorzeczy.pl\/kraj\/910216\/kanal-newsmax-polska-rozpoczyna-nadawanie-pierwszy-program-poswiecony-usa.html\" target=\"_blank\" rel=\"nofollow noopener\">nowy kana\u0142 informacyjno-publicystyczny Newsmax Polska<\/a>. W\u015br\u00f3d twarzy stacji znale\u017ali si\u0119 m.in. Marta Kosik, Jacek Cholewi\u0144ski, Oliver Pochwat, Agnieszka Piechurska, Adrian Kowarzyk, Ja\u015bmina Nowak, Krzysztof Puternicki, Urszula Rzepczak, Stanis\u0142aw Jegli\u0144ski, Karol Gac oraz\u00a0Maciej Chudkiewicz. Szefem projektu jest Producent Wykonawczy Newsmax Polska Wojciech Surmacz. &#13;\n<\/p>\n<p>&#13;<br \/>\nOd startu stacji min\u0119\u0142o p\u00f3\u0142tora miesi\u0105ca, a\u00a0ju\u017c dosz\u0142o w\u00a0niej do\u00a0zmian kadrowych. Jak ustali\u0142 portal Wirtualnemedia.pl, ze\u00a0stacj\u0105 po\u017cegnali si\u0119 prezenterzy Agnieszka Piechurska i\u00a0Jacek Cholewi\u0144ski. Co\u00a0wi\u0119cej, serwis informuje, \u017ce\u00a0lista odej\u015b\u0107 mo\u017ce si\u0119 jeszcze wyd\u0142u\u017cy\u0107. &#13;\n<\/p>\n<p>Agnieszka Piechurska i\u00a0Jacek Cholewi\u0144ski znikaj\u0105 z\u00a0Newsmax Polska<\/p>\n<p>&#13;<br \/>\nAgnieszka Piechurska zako\u0144czy\u0142a wsp\u00f3\u0142prac\u0119 ze\u00a0stacj\u0105 ju\u017c w\u00a0po\u0142owie lipca. Dziennikarka wcze\u015bniej zdobywa\u0142a do\u015bwiadczenie m.in. w\u00a0TVN24, TVP Info, &#8222;Fakcie&#8221;, programie &#8222;Alarm!&#8221; emitowanym w\u00a0TVP1 oraz\u00a0Polskiej Agencji Prasowej. Prezenterka wyja\u015bni\u0142a w\u00a0rozmowie z\u00a0Wirtualnemedia.pl, \u017ce\u00a0nie przed\u0142u\u017cono jej umowy. \u2013\u00a0Mia\u0142am umow\u0119 na\u00a03 miesi\u0105ce pr\u00f3bne, od\u00a0kwietnia do\u00a0lipca. Nie\u00a0zosta\u0142a przed\u0142u\u017cona przez pracodawc\u0119. Prac\u0119 w\u00a0Newsmax Polska wspominam jednak bardzo dobrze, ze\u00a0wzgl\u0119du na\u00a0ludzi, kt\u00f3rych mia\u0142am okazj\u0119 pozna\u0107 \u2013\u00a0przekaza\u0142a. &#13;\n<\/p>\n<p>&#13;<br \/>\nJak ustali\u0142 portal Wirtualnemedia.pl, ze\u00a0stacj\u0105 rozsta\u0142 si\u0119 r\u00f3wnie\u017c Jacek Cholewi\u0144ski, kt\u00f3ry, przed do\u0142\u0105czeniem do\u00a0nowej telewizji, przez oko\u0142o 20 lat by\u0142 zwi\u0105zany z\u00a0Telewizj\u0105 Polsk\u0105. &#13;\n<\/p>\n<p>Nadawca potwierdza. &#8222;Powodzenia w\u00a0dalszej karierze&#8221;<\/p>\n<p>&#13;<br \/>\nNadawca potwierdzi\u0142 zako\u0144czenie wsp\u00f3\u0142pracy z\u00a0obojgiem dziennikarzy. &#13;\n<\/p>\n<p>&#13;<br \/>\n&#8222;Redakcja zako\u0144czy\u0142a wsp\u00f3\u0142prac\u0119 z\u00a0panem redaktorem Jackiem Cholewi\u0144skim oraz\u00a0pani\u0105 redaktor Agnieszk\u0105 Piechursk\u0105. Redakcja \u017cyczy pani redaktor i\u00a0panu redaktorowi powodzenia w\u00a0dalszej karierze zawodowej&#8221; \u2013\u00a0przekaza\u0142o biuro prasowe Newsmax Polska Wirtualnym Mediom, nie\u00a0wyja\u015bniaj\u0105c powod\u00f3w tej decyzji. &#13;\n<\/p>\n<p>&#13;<br \/>\nNadawca podkre\u015bla jednocze\u015bnie, \u017ce\u00a0stacja znajduje si\u0119 dopiero na\u00a0pocz\u0105tku swojej dzia\u0142alno\u015bci i\u00a0nadal kszta\u0142tuje sw\u00f3j zesp\u00f3\u0142 oraz\u00a0ofert\u0119 programow\u0105. &#8221; Redakcja pracuje od\u00a04 lipca i\u00a0obecnie jest czas planowania pewnych krok\u00f3w i\u00a0dzia\u0142a\u0144 czy\u00a0to\u00a0na polu oferty dla\u00a0widz\u00f3w czy\u00a0redakcji (tu mam na\u00a0my\u015bli oczywi\u015bcie tak\u017ce istotne zaplecze techniczne czy\u00a0administracyjne). Mowa o\u00a0wci\u0105\u017c rozwijaj\u0105cej si\u0119 redakcji&#8221; \u2013\u00a0dodano w\u00a0komunikacie. &#13;\n<\/p>\n<p>&#13;<br \/>\n   Czytaj te\u017c:<br \/><a href=\"https:\/\/dorzeczy.pl\/kraj\/930961\/dziennikarz-tvp-info-sie-zdenerwowal-upomnial-kolegow-na-antenie.html\" rel=\"follow nofollow noopener\" data-schema=\"DORZECZY\" data-image=\"https:\/\/img.dorzeczy.pl\/_thumb\/21\/3a\/4b9dd48dfd0884e8b1ef644155ae.jpeg\" target=\"_blank\">Nerwowo w\u00a0TVP Info. &#8222;Mo\u017ce kto\u015b w\u00a0ko\u0144cu si\u0119 zajmie swoj\u0105 prac\u0105&#8221;<\/a>   Czytaj te\u017c:<br \/><a href=\"https:\/\/dorzeczy.pl\/kraj\/930892\/stanowski-i-matczak-zaloza-partie-szef-kanalu-zero-odpowiada.html\" rel=\"follow nofollow noopener\" data-schema=\"DORZECZY\" data-image=\"https:\/\/img.dorzeczy.pl\/_thumb\/6f\/d9\/8a5861b97518be24a7698e261295.jpeg\" target=\"_blank\">Stanowski i\u00a0Matczak za\u0142o\u017c\u0105 w\u0142asn\u0105 parti\u0119? &#8222;TAK&#8221;<\/a>&#13;<\/p>\n","protected":false},"excerpt":{"rendered":"&#13; W sobot\u0119 4\u00a0lipca nadawanie rozpocz\u0105\u0142 nowy kana\u0142 informacyjno-publicystyczny Newsmax Polska. W\u015br\u00f3d twarzy stacji znale\u017ali si\u0119 m.in. Marta&hellip;\n","protected":false},"author":2,"featured_media":633925,"comment_status":"","ping_status":"","sticky":false,"template":"","format":"standard","meta":{"footnotes":"","_share_on_mastodon":"0"},"categories":[12],"tags":[124560,98,124561,49,287,1158,60089,103,42,38,40,39,41,51405,123,224],"class_list":["post-633924","post","type-post","status-publish","format-standard","has-post-thumbnail","category-polska","tag-agnieszka-piechurska","tag-dorzeczy","tag-jacek-cholewinski","tag-kraj","tag-malgorzata-puzyr","tag-media","tag-newsmax-polska","tag-obserwator-mediow","tag-pl","tag-poland","tag-polish","tag-polska","tag-polski","tag-praca-w-mediach","tag-rozrywka","tag-telewizja"],"share_on_mastodon":{"url":"https:\/\/pubeurope.com\/@pl\/117126483515636666","error":""},"_links":{"self":[{"href":"https:\/\/www.europesays.com\/pl\/wp-json\/wp\/v2\/posts\/633924","targetHints":{"allow":["GET"]}}],"collection":[{"href":"https:\/\/www.europesays.com\/pl\/wp-json\/wp\/v2\/posts"}],"about":[{"href":"https:\/\/www.europesays.com\/pl\/wp-json\/wp\/v2\/types\/post"}],"author":[{"embeddable":true,"href":"https:\/\/www.europesays.com\/pl\/wp-json\/wp\/v2\/users\/2"}],"replies":[{"embeddable":true,"href":"https:\/\/www.europesays.com\/pl\/wp-json\/wp\/v2\/comments?post=633924"}],"version-history":[{"count":0,"href":"https:\/\/www.europesays.com\/pl\/wp-json\/wp\/v2\/posts\/633924\/revisions"}],"wp:featuredmedia":[{"embeddable":true,"href":"https:\/\/www.europesays.com\/pl\/wp-json\/wp\/v2\/media\/633925"}],"wp:attachment":[{"href":"https:\/\/www.europesays.com\/pl\/wp-json\/wp\/v2\/media?parent=633924"}],"wp:term":[{"taxonomy":"category","embeddable":true,"href":"https:\/\/www.europesays.com\/pl\/wp-json\/wp\/v2\/categories?post=633924"},{"taxonomy":"post_tag","embeddable":true,"href":"https:\/\/www.europesays.com\/pl\/wp-json\/wp\/v2\/tags?post=633924"}],"curies":[{"name":"wp","href":"https:\/\/api.w.org\/{rel}","templated":true}]}}