{"id":634173,"date":"2026-08-20T09:03:16","date_gmt":"2026-08-20T09:03:16","guid":{"rendered":"https:\/\/www.europesays.com\/pl\/634173\/"},"modified":"2026-08-20T09:03:16","modified_gmt":"2026-08-20T09:03:16","slug":"gigantyczne-maszyny-nato-znow-nad-polska-co-sie-dzieje","status":"publish","type":"post","link":"https:\/\/www.europesays.com\/pl\/634173\/","title":{"rendered":"Gigantyczne maszyny NATO zn\u00f3w nad Polsk\u0105. Co si\u0119 dzieje?"},"content":{"rendered":"<p>NATO \u015bci\u0105ga pot\u0119\u017cne maszyny nad Polsk\u0119. Ruch na radarach<\/p>\n<p class=\"font-primary mb-8 text-lg leading-[1.55] [&amp;_a]:text-[#23437D] [&amp;_a]:underline [&amp;_a]:font-bold\">W polskiej przestrzeni powietrznej odnotowano <a href=\"https:\/\/polskieradio24.pl\/polska\/co-cwiczy-nato-nad-polska-kolejny-dzien-intensywnych-lotow\" rel=\"nofollow noopener\" target=\"_blank\">obecno\u015b\u0107 licznych samolot\u00f3w wojskowych<\/a> &#8211; wynika z danych serwisu Flightradar24, kt\u00f3ry pozwala \u015bledzi\u0107 ruch maszyn w czasie rzeczywistym.<\/p>\n<p>Redakcja poleca<\/p>\n<p class=\"font-primary mb-8 text-lg leading-[1.55] [&amp;_a]:text-[#23437D] [&amp;_a]:underline [&amp;_a]:font-bold\">W\u015br\u00f3d maszyn znajduj\u0105cych si\u0119 w rejonie Polski jest m.in.\u00a0Boeing E-3A Sentry. To\u00a0ameryka\u0144ski samolot wczesnego ostrzegania i dowodzenia AWACS (ang. Airborne Warning and Control System). Jedna taka maszyna obejmuje swoim radarem ca\u0142y obszar pa\u0144stw ba\u0142tyckich oraz znaczn\u0105 cz\u0119\u015b\u0107 morza.<\/p>\n<p class=\"font-primary mb-8 text-lg leading-[1.55] [&amp;_a]:text-[#23437D] [&amp;_a]:underline [&amp;_a]:font-bold\">Na radarach pojawi\u0142 si\u0119 r\u00f3wnie\u017c ameryka\u0144ski\u00a0Gulfstream EA-37B Compass Call II, czyli samolot przeznaczony do prowadzenia\u00a0walki radioelektronicznej.\u00a0Jego zadaniem jest m.in. zak\u0142\u00f3canie system\u00f3w \u0142\u0105czno\u015bci i radar\u00f3w przeciwnika.<\/p>\n<p>Kilka tankowc\u00f3w naraz. NATO szykuje co\u015b wi\u0119kszego<\/p>\n<p class=\"font-primary mb-8 text-lg leading-[1.55] [&amp;_a]:text-[#23437D] [&amp;_a]:underline [&amp;_a]:font-bold\">W operacji uczestnicz\u0105 tak\u017ce maszyny odpowiedzialne za tankowanie innych samolot\u00f3w w powietrzu. Chodzi o dwa\u00a0Airbusy A330-243MRTT\u00a0oraz ameryka\u0144skiego Boeinga KC-135R Stratotanker. Obecno\u015b\u0107 kilku tankowc\u00f3w naraz mo\u017ce wskazywa\u0107 na zakrojon\u0105 na wi\u0119ksz\u0105 skal\u0119 operacj\u0119, pozwalaj\u0105c\u0105 innym maszynom pozostawa\u0107 w powietrzu przez wiele godzin.<\/p>\n<p class=\"font-primary mb-8 text-lg leading-[1.55] [&amp;_a]:text-[#23437D] [&amp;_a]:underline [&amp;_a]:font-bold\">Profil Polish Military Radar poda\u0142, \u017ce za kilka minut w powietrzu mog\u0105 pojawi\u0107 si\u0119 ameryka\u0144skie tankowce, kt\u00f3re stacjonuj\u0105 obecnie w bazie lotniczej w Powidzu.<\/p>\n<p>Redakcja poleca<\/p>\n","protected":false},"excerpt":{"rendered":"NATO \u015bci\u0105ga pot\u0119\u017cne maszyny nad Polsk\u0119. Ruch na radarach W polskiej przestrzeni powietrznej odnotowano obecno\u015b\u0107 licznych samolot\u00f3w wojskowych&hellip;\n","protected":false},"author":2,"featured_media":634174,"comment_status":"","ping_status":"","sticky":false,"template":"","format":"standard","meta":{"footnotes":"","_share_on_mastodon":"0"},"categories":[12],"tags":[160,42,38,40,39,41,1030],"class_list":["post-634173","post","type-post","status-publish","format-standard","has-post-thumbnail","category-polska","tag-nato","tag-pl","tag-poland","tag-polish","tag-polska","tag-polski","tag-samolot"],"share_on_mastodon":{"url":"https:\/\/pubeurope.com\/@pl\/117127033864955104","error":""},"_links":{"self":[{"href":"https:\/\/www.europesays.com\/pl\/wp-json\/wp\/v2\/posts\/634173","targetHints":{"allow":["GET"]}}],"collection":[{"href":"https:\/\/www.europesays.com\/pl\/wp-json\/wp\/v2\/posts"}],"about":[{"href":"https:\/\/www.europesays.com\/pl\/wp-json\/wp\/v2\/types\/post"}],"author":[{"embeddable":true,"href":"https:\/\/www.europesays.com\/pl\/wp-json\/wp\/v2\/users\/2"}],"replies":[{"embeddable":true,"href":"https:\/\/www.europesays.com\/pl\/wp-json\/wp\/v2\/comments?post=634173"}],"version-history":[{"count":0,"href":"https:\/\/www.europesays.com\/pl\/wp-json\/wp\/v2\/posts\/634173\/revisions"}],"wp:featuredmedia":[{"embeddable":true,"href":"https:\/\/www.europesays.com\/pl\/wp-json\/wp\/v2\/media\/634174"}],"wp:attachment":[{"href":"https:\/\/www.europesays.com\/pl\/wp-json\/wp\/v2\/media?parent=634173"}],"wp:term":[{"taxonomy":"category","embeddable":true,"href":"https:\/\/www.europesays.com\/pl\/wp-json\/wp\/v2\/categories?post=634173"},{"taxonomy":"post_tag","embeddable":true,"href":"https:\/\/www.europesays.com\/pl\/wp-json\/wp\/v2\/tags?post=634173"}],"curies":[{"name":"wp","href":"https:\/\/api.w.org\/{rel}","templated":true}]}}