{"id":634293,"date":"2026-08-20T10:11:13","date_gmt":"2026-08-20T10:11:13","guid":{"rendered":"https:\/\/www.europesays.com\/pl\/634293\/"},"modified":"2026-08-20T10:11:13","modified_gmt":"2026-08-20T10:11:13","slug":"rekonstrukcja-rzadu-donald-tusk-powinien-wziac-pod-uwage-te-nazwiska","status":"publish","type":"post","link":"https:\/\/www.europesays.com\/pl\/634293\/","title":{"rendered":"Rekonstrukcja rz\u0105du. Donald Tusk powinien wzi\u0105\u0107 pod uwag\u0119 te nazwiska"},"content":{"rendered":"<p>        Tych ministr\u00f3w lepiej nie wymienia\u0107<\/p>\n<p>\n        Zacznijmy mo\u017ce od tego, <a href=\"https:\/\/wiadomosci.onet.pl\/kraj\/czy-obecna-koalicja-rzadzaca-zasluguje-na-kolejna-kadencje-mamy-sondaz\/01272rk\" id=\"453748b1-d952-46ac-a628-25d62e3281d2\" rel=\"nofollow noopener\" target=\"_blank\">kogo premier wymienia\u0107 w \u017cadnym wypadku nie powinien<\/a>. Wskaza\u0107 tu mo\u017cna przede wszystkim trzech ministr\u00f3w: Andrzeja Doma\u0144skiego, W\u0142adys\u0142awa Kosiniaka-Kamysza i Agnieszk\u0119 Dziemianowicz-B\u0105k.\n    <\/p>\n<p>\n        Ta ostatnia budzi kontrowersje, jej wsp\u00f3\u0142praca z premierem nie zawsze by\u0142a \u0142atwa \u2014 <a href=\"https:\/\/www.newsweek.pl\/polska\/polityka\/pip-reforma-umowy-o-dzielo-umow-zlecenia-i-b2b-do-kosza-powody\/rm2k4sb\" id=\"c8f887c9-59f7-49ac-8f46-ddd1086f0710\" rel=\"nofollow noopener\" target=\"_blank\">starli si\u0119 np. przy okazji maj\u0105cej ukr\u00f3ci\u0107 nadu\u017cywanie um\u00f3w cywilno-prawnych reformy PIP<\/a>. Ale jest postrzegana przez lewicowy elektorat jako jedyna osoba z Nowej Lewicy w rz\u0105dzie, kt\u00f3ra pr\u00f3buje realizowa\u0107 w nim jak\u0105\u015b minimalnie ambitn\u0105 lewicow\u0105 agend\u0119. Jej usuni\u0119cie da\u0142oby argument Partii Razem, \u017ce w koalicji z Tuskiem \u017cadnej realnie spo\u0142ecznie progresywnej polityki prowadzi\u0107 si\u0119 nie da, co mog\u0142oby przekona\u0107 cz\u0119\u015b\u0107 wyborc\u00f3w Nowej Lewicy do przeniesienia poparcia na lewic\u0119 opozycyjn\u0105.\n    <\/p>\n<p>\n        Z kolei Andrzej Doma\u0144ski od trzech lat jest ministrem odpowiedzialnym za polityk\u0119 i komunikacj\u0119 rz\u0105du w kwestiach gospodarczych, a to w\u0142a\u015bnie to, czy wyborcy za rok uznaj\u0105, \u017ce dalsze trwanie obecnego rz\u0105du b\u0119dzie, czy nie b\u0119dzie sprzyja\u0107 im osobistemu dobrobytowi, mo\u017ce okre\u015bli\u0107 wynik wybor\u00f3w. Wymiana kluczowego ministra w tym obszarze rok przed wyborami uruchomi\u0142aby pytania o stan gospodarki i finans\u00f3w pa\u0144stwa, mog\u0142aby zosta\u0107 odczytana jako przyznanie si\u0119 rz\u0105du do pora\u017cki na kluczowym froncie.\n    <\/p>\n<p>                    <img width=\"610\" height=\"407\" alt=\"W\u0142adys\u0142aw Kosiniak-Kamysz, Donald Tusk i Marcin Kierwi\u0144ski podczas konferencji w okolicach miejscowo\u015bci Tarnawa-Kolonia, gdzie spad\u0142 rosyjski pocisk, 30 lipca 2026 r.\" title=\"W\u0142adys\u0142aw Kosiniak-Kamysz, Donald Tusk i Marcin Kierwi\u0144ski podczas konferencji w okolicach miejscowo\u015bci Tarnawa-Kolonia, gdzie spad\u0142 rosyjski pocisk, 30 lipca 2026 r.\" class=\"image imgWithMetaData\" src=\"https:\/\/www.europesays.com\/pl\/wp-content\/uploads\/2026\/08\/OZjk9kpTURBXy9hZjhhMzFjMGQxMmFmNjU2NWQ4YzQwYTQ3NTVmZTFjMS5qcGeRlQLNAmLNAZfCw94AAaEwAQ.jpeg\" loading=\"lazy\" decoding=\"async\"\/> <\/p>\n<p>\n        R\u00f3wnie wa\u017cnym frontem jest ten zwi\u0105zany ze sprawami bezpiecze\u0144stwa. Tutaj ci\u0119\u017car komunikacji bra\u0142 na siebie i radzi\u0142 sobie z tym ca\u0142kiem sprawnie W\u0142adys\u0142aw Kosiniak-Kamysz. Jego wymiana w sytuacji, gdy rz\u0105d przedstawia projekt SAFE jako sw\u00f3j wielki sukces, a Kosiniak-Kamysz broni go przed prezydentem, wdaj\u0105c si\u0119 z nim coraz bardziej publiczny sp\u00f3r, mog\u0142aby by\u0107 niezrozumia\u0142a. Kosiniak-Kamysz jest te\u017c ministrem z najlepszymi sonda\u017cowymi wska\u017anikami zaufania. W lipcowym sonda\u017cu CBOS badaj\u0105cym zaufanie do polityk\u00f3w zaj\u0105\u0142 drugie miejsce, wyprzedzi\u0142 go tylko Karol Nawrocki.\n    <\/p>\n<p>        Nie tylko Waldemar \u017burek, czyli kilka trudnych przypadk\u00f3w<\/p>\n<p>\n        Jednocze\u015bnie w ostatnim sonda\u017cu UCE Research dla Onetu <a href=\"https:\/\/wiadomosci.onet.pl\/kraj\/polacy-chca-dymisji-w-rzadzie-wyrozniaja-sie-dwa-nazwiska-ministrow\/q3lm91g\" id=\"b1614a6d-43ab-48db-8375-071ff0a2461e\" rel=\"nofollow noopener\" target=\"_blank\">Kosiniak-Kamysz znalaz\u0142 si\u0119 w czo\u0142\u00f3wce ministr\u00f3w, kt\u00f3rych badani chcieliby wymieni\u0107<\/a> \u2014 zaj\u0105\u0142 w tym rankingu czwarte miejsce, jego dymisji domaga si\u0119 8,6 proc. badanych. Na wynik ten mog\u0105 si\u0119 jednak sk\u0142ada\u0107 g\u0142\u00f3wnie g\u0142osy zadeklarowanych przeciwnik\u00f3w rz\u0105du, negatywnie oceniaj\u0105cych sp\u00f3r ministra obrony z Karolem Nawrockim, a niekoniecznie g\u0142osy rozczarowanych wyborc\u00f3w znajduj\u0105cych si\u0119 w zasi\u0119gu obecnej koalicji.\n    <\/p>\n<p>                    <img width=\"610\" height=\"407\" alt=\"Barbara Nowacka podczas posiedzenia rz\u0105du, 28 lipca 2026 r.\" title=\"Barbara Nowacka podczas posiedzenia rz\u0105du, 28 lipca 2026 r.\" class=\"image imgWithMetaData\" src=\"https:\/\/www.europesays.com\/pl\/wp-content\/uploads\/2026\/08\/ASCk9kpTURBXy85Y2E3N2Y0YjdiZDEyZjVlZmQ4YmFmNTFhMjQ5NTA4MC5qcGeRlQLNAmLNAZfCw94AAaEwAQ.jpeg\" loading=\"lazy\" decoding=\"async\"\/> <\/p>\n<p>\n        Tak\u017ce inni ministrowie najcz\u0119\u015bciej wskazywani przez badanych jako kandydaci do dymisji to politycy budz\u0105cy najsilniejsze emocje antyrz\u0105dowego elektoratu. Zajmuj\u0105ca pierwsze miejsce z wynikiem prawie 12 proc. Barbara Nowacka dawno temu sta\u0142a si\u0119 dla prawicy symbolem ataku na tradycyjne warto\u015bci w szkole i edukacji. Marcina Kierwi\u0144skiego opozycja pr\u00f3bowa\u0142a sklei\u0107 z <a href=\"https:\/\/www.newsweek.pl\/polska\/polityka\/nie-tylko-dawid-kacprzyk-kulisy-dzialalnosci-mlodziezowek-ko-i-pis\/sj3s9f7\" id=\"27282eb4-e452-46e9-98b8-6729c48854b5\" rel=\"nofollow noopener\" target=\"_blank\">afer\u0105 Dawida Kacprzyka<\/a>, bo minister spraw wewn\u0119trznych jest szefem warszawskich struktur KO, oraz <a href=\"https:\/\/wiadomosci.onet.pl\/wroclaw\/afera-powodziowa-malzenstwo-konieczynskich-w-ogniu-pytan-wideo\/vpmnvgc\" id=\"fbc42adc-6b38-486c-ba50-6d1a79c1f653\" rel=\"nofollow noopener\" target=\"_blank\">afer\u0105 z pomoc\u0105 dla powodzian na Dolnym \u015al\u0105sku<\/a>. Jolanta Sobiera\u0144ska-Grenda tak jak Kosiniak-Kamysz kojarzona jest ze sporem z prezydentem o SAFE. Pi\u0105ty w rankingu <a href=\"https:\/\/www.newsweek.pl\/polska\/polityka\/to-jedyna-szansa-waldemara-zurka-wie-ze-musi-dowiezc-przed-wyborami\/fr3kxwe\" id=\"938a4c47-05f0-4022-9d27-bac2b6f36b1c\" rel=\"nofollow noopener\" target=\"_blank\">Waldemar \u017burek to twarz rozlicze\u0144 z PiS<\/a>.\n    <\/p>\n<p>        Nowacka, Kierwi\u0144ski i Pe\u0142czy\u0144ska-Na\u0142\u0119cz<\/p>\n<p>\n        Jednocze\u015bnie przynajmniej trzy przypadki stanowi\u0105 problem tak\u017ce z punktu widzenia komunikacji z rz\u0105dowym elektoratem. Nowacka zmobilizowa\u0142a prawic\u0119, ale nie zaspokoi\u0142a przy tym ambicji lewicowo-progresywnej opinii publicznej. Likwidacja zada\u0144 domowych budzi\u0142a w\u0105tpliwo\u015bci tak\u017ce w \u015brodowiskach przychylnych rz\u0105dowi. Za rok ministrze nie b\u0119dzie \u0142atwo broni\u0107 dorobku MEN. Chocia\u017c z drugiej strony w ci\u0105gu roku wiele si\u0119 w resorcie nie zmieni, a Nowacka potrafi by\u0107 kampanijnie sprawna.\n    <\/p>\n<p>\n        <a href=\"https:\/\/www.newsweek.pl\/opinie\/paraliz-w-prokuraturze-donald-tusk-nie-jest-zadowolony-z-waldemara-zurka\/mgj6q13\" id=\"d209cfbb-3e2a-4951-a07b-7d01a0b36960\" rel=\"nofollow noopener\" target=\"_blank\">\u017burek z pocz\u0105tku wydawa\u0142 si\u0119 \u015bwietn\u0105 polityczn\u0105 decyzj\u0105<\/a>, da\u0142 now\u0105 nadziej\u0119 na napraw\u0119 wymiaru sprawiedliwo\u015bci i zmobilizowa\u0142 prorz\u0105dowy elektorat. Dzi\u015b jednak wida\u0107, \u017ce realnie zmiany i rozliczenia id\u0105 znacznie wolniej, ni\u017c oczekiwaliby tego wyborcy. Je\u015bli minister nie ma dobrego pomys\u0142u na ostatni rok kadencji, to by\u0107 mo\u017ce nale\u017ca\u0142oby pomy\u015ble\u0107 tak\u017ce nad nowym otwarciem w Ministerstwie Sprawiedliwo\u015bci. Chocia\u017c wycofanie si\u0119 z \u017burka by\u0142oby te\u017c politycznie kosztowne i trudno wyobrazi\u0107 sobie kogo\u015b, kto przy wecie prezydenta osi\u0105gnie wi\u0119cej.\n    <\/p>\n<p>\n        Kierwi\u0144ski powinien obok Kosiniaka-Kamysza budowa\u0107 narracj\u0119 rz\u0105du w obszarze bezpiecze\u0144stwa, tymczasem wik\u0142a si\u0119 w kolejne kontrowersje. Komunikacyjnie minister radzi sobie do\u015b\u0107 s\u0142abo, jest jednak kluczow\u0105 postaci\u0105 w strukturach partii i na razie jego pozycja ma by\u0107 bezpieczna. Cho\u0107 gdyby nie wewn\u0105trzpartyjny kontekst, to w\u0142a\u015bnie Kierwi\u0144ski wydawa\u0142by si\u0119 naturalnym kandydatem do rekonstrukcji.\n    <\/p>\n<p>                    <img width=\"610\" height=\"407\" alt=\"Katarzyna Pe\u0142czy\u0144ska-Na\u0142\u0119cz podczas posiedzenia rz\u0105du, 28 lipca 2026 r.\" title=\"Katarzyna Pe\u0142czy\u0144ska-Na\u0142\u0119cz podczas posiedzenia rz\u0105du, 28 lipca 2026 r.\" class=\"image imgWithMetaData\" src=\"https:\/\/www.europesays.com\/pl\/wp-content\/uploads\/2026\/08\/htuk9kpTURBXy80Mzg0YWVmZTZiMmU3NzljM2VmMzIyZTYyNmQwNWY2My5qcGeRlQLNAmLNAZfCw94AAaEwAQ.jpeg\" loading=\"lazy\" decoding=\"async\"\/> <\/p>\n<p>\n        Czwarty taki trudny przypadek to Katarzyna Pe\u0142czy\u0144ska-Na\u0142\u0119cz. Liderka Polski 2050 jako jedna z niewielu cz\u0142onk\u00f3w gabinetu pr\u00f3buje wnosi\u0107 w jego prace intelektualny ferment, proponowa\u0107 now\u0105 polityk\u0119 i nowe rozwi\u0105zania. Jednocze\u015bnie jest w tym politycznie nieskuteczna, a jej spory z koalicjantami sprawiaj\u0105 wra\u017cenia, \u017ce ob\u00f3z rz\u0105dowy p\u0119ka, ci\u0105gle si\u0119 k\u0142\u00f3ci i zajmuje si\u0119 g\u0142\u00f3wnie sob\u0105. Jej ewentualna wymiana na Szymona Ho\u0142owni\u0119, o kt\u00f3rej od jakiego\u015b czasu spekuluj\u0105 media, mog\u0142aby uspokoi\u0107 sytuacj\u0119 w rz\u0105dzie \u2014 pod warunkiem, \u017ce nie dosz\u0142oby przy okazji do utraty wi\u0119kszo\u015bci w Sejmie. By\u0142y marsza\u0142ek Sejmu potrafi\u0142 by\u0107 bardzo sprawnie komunikowa\u0107 si\u0119 z wyborcami. Pytanie, czy po 2025 r. nie zatraci\u0142 tej zdolno\u015bci i czy sprawdzi si\u0119 na trudnym, wymagaj\u0105cym eksperckiej wiedzy stanowisku ministra funduszy.\n    <\/p>\n<p>        Rz\u0105d Tuska musi mie\u0107 co komunikowa\u0107<\/p>\n<p>\n        Te cztery przypadki \u2014 Nowacka, \u017burek, Kierwi\u0144ski i Pe\u0142czy\u0144ska-Na\u0142\u0119cz \u2014 powinny zosta\u0107 szczeg\u00f3lnie uwa\u017cnie przemy\u015blane przez premiera przy rekonstrukcji. Jednocze\u015bnie w rz\u0105dzie mamy szereg ministr\u00f3w bardzo s\u0142abo widocznych komunikacyjnie albo po prostu nieradz\u0105cych sobie z komunikowaniem dzia\u0142a\u0144 w\u0142asnych resort\u00f3w. Ich wymiana, o ile s\u0105 sensowni nast\u0119pcy, mo\u017ce tylko pom\u00f3c rz\u0105dz\u0105cej koalicji.\n    <\/p>\n<p>\n        Oczywistym przyk\u0142adem jest ministra klimatu i \u015brodowiska Paulina Henning-Kloska. Jej resort w og\u00f3le nie poradzi\u0142 sobie z wyt\u0142umaczeniem Polakom, jaki jest sens <a href=\"https:\/\/www.newsweek.pl\/polska\/spoleczenstwo\/system-kaucyjny-polacy-korzystaja-z-niego-coraz-smielej-pieniadze-leza-na-ziemi\/nbw68z5\" id=\"5c084205-a845-481d-9c9e-702ac1053735\" rel=\"nofollow noopener\" target=\"_blank\">systemu kaucyjnego<\/a>, przez co jego percepcj\u0119 okre\u015blaj\u0105 prawicowe narracje o tym, jak &#8222;rz\u0105d robi z ludzi \u015bmieciarzy&#8221;. Trudno te\u017c uzna\u0107, by merytorycznie niebudz\u0105ca wi\u0119kszych zastrze\u017ce\u0144 ministra kultury Marta Cienkowska dobrze radzi\u0142a sobie z obron\u0105 takich pomys\u0142\u00f3w jak emerytury dla artyst\u00f3w.\n    <\/p>\n<p>\n        Jednocze\u015bnie nawet najsprawniejsi komunikacyjnie politycy nie poradz\u0105 sobie, je\u015bli nie b\u0119dzie czego komunikowa\u0107. Je\u015bli rz\u0105d nie b\u0119dzie mia\u0142 pozytywnych propozycji rozwi\u0105za\u0144 zmieniaj\u0105cych na lepsze \u017cycie du\u017cych grup Polak\u00f3w \u2014 jak np. og\u0142oszone w\u0142a\u015bnie zmiany w podatkach.\n    <\/p>\n<p>\n        Dzi\u015b \u2014 tak\u017ce <a href=\"https:\/\/wiadomosci.onet.pl\/kraj\/czy-obecna-koalicja-rzadzaca-zasluguje-na-kolejna-kadencje-mamy-sondaz\/01272rk\" id=\"29b38363-3757-4a64-82cf-e3b80da5d79d\" rel=\"nofollow noopener\" target=\"_blank\">wed\u0142ug sonda\u017cu UCE Research dla Onetu<\/a> \u2014 tylko nieca\u0142e 40 proc. wyborc\u00f3w uwa\u017ca, \u017ce obecna koalicja zas\u0142uguje na kolejn\u0105 kadencj\u0119. Nawet w\u015br\u00f3d wyborc\u00f3w KO w\u0105tpliwo\u015bci ma co dziesi\u0105ty wyborca, a w\u015br\u00f3d wyborc\u00f3w Nowej Lewicy \u2014 niewiele mniej ni\u017c co trzeci. Same personalne zmiany nie odwr\u00f3c\u0105 tych niekorzystnych dla rz\u0105du wskaza\u0144. <\/p>\n","protected":false},"excerpt":{"rendered":"Tych ministr\u00f3w lepiej nie wymienia\u0107 Zacznijmy mo\u017ce od tego, kogo premier wymienia\u0107 w \u017cadnym wypadku nie powinien. Wskaza\u0107&hellip;\n","protected":false},"author":2,"featured_media":634294,"comment_status":"","ping_status":"","sticky":false,"template":"","format":"standard","meta":{"footnotes":"","_share_on_mastodon":"0"},"categories":[62713],"tags":[11309,1345,380,2558,6525],"class_list":["post-634293","post","type-post","status-publish","format-standard","has-post-thumbnail","category-donald-tusk","tag-barbara-nowacka","tag-donald-tusk","tag-rzad","tag-waldemar-zurek","tag-wladyslaw-kosiniak-kamysz"],"share_on_mastodon":{"url":"https:\/\/pubeurope.com\/@pl\/117127302899911951","error":""},"_links":{"self":[{"href":"https:\/\/www.europesays.com\/pl\/wp-json\/wp\/v2\/posts\/634293","targetHints":{"allow":["GET"]}}],"collection":[{"href":"https:\/\/www.europesays.com\/pl\/wp-json\/wp\/v2\/posts"}],"about":[{"href":"https:\/\/www.europesays.com\/pl\/wp-json\/wp\/v2\/types\/post"}],"author":[{"embeddable":true,"href":"https:\/\/www.europesays.com\/pl\/wp-json\/wp\/v2\/users\/2"}],"replies":[{"embeddable":true,"href":"https:\/\/www.europesays.com\/pl\/wp-json\/wp\/v2\/comments?post=634293"}],"version-history":[{"count":0,"href":"https:\/\/www.europesays.com\/pl\/wp-json\/wp\/v2\/posts\/634293\/revisions"}],"wp:featuredmedia":[{"embeddable":true,"href":"https:\/\/www.europesays.com\/pl\/wp-json\/wp\/v2\/media\/634294"}],"wp:attachment":[{"href":"https:\/\/www.europesays.com\/pl\/wp-json\/wp\/v2\/media?parent=634293"}],"wp:term":[{"taxonomy":"category","embeddable":true,"href":"https:\/\/www.europesays.com\/pl\/wp-json\/wp\/v2\/categories?post=634293"},{"taxonomy":"post_tag","embeddable":true,"href":"https:\/\/www.europesays.com\/pl\/wp-json\/wp\/v2\/tags?post=634293"}],"curies":[{"name":"wp","href":"https:\/\/api.w.org\/{rel}","templated":true}]}}