{"id":634529,"date":"2026-08-20T12:20:10","date_gmt":"2026-08-20T12:20:10","guid":{"rendered":"https:\/\/www.europesays.com\/pl\/634529\/"},"modified":"2026-08-20T12:20:10","modified_gmt":"2026-08-20T12:20:10","slug":"mial-dzialac-na-zlecenie-rosyjskich-sluzb-63-letni-ukrainiec-uslyszal-zarzuty","status":"publish","type":"post","link":"https:\/\/www.europesays.com\/pl\/634529\/","title":{"rendered":"Mia\u0142 dzia\u0142a\u0107 na zlecenie rosyjskich s\u0142u\u017cb. 63-letni Ukrainiec us\u0142ysza\u0142 zarzuty"},"content":{"rendered":"<p>Zatrzymany m\u0119\u017cczyzna \u2014 63-letni Serhij P. \u2014 po nieudanym zamachu zbieg\u0142 do Polski. Zosta\u0142 zatrzymany 5 sierpnia w Warszawie. Jest podejrzany o pr\u00f3b\u0119 przeprowadzenia zamachu na przedstawiciela ukrai\u0144skiego przemys\u0142u zbrojeniowego w Irpieniu, w obwodzie kijowskim.<\/p>\n<p>Dalszy ci\u0105g artyku\u0142u pod materia\u0142em wideo<\/p>\n<p>&#8222;Z ustale\u0144 \u015bledztwa wynika, \u017ce Serhij P. pod\u0142o\u017cy\u0142 pod samochodem u\u017cywanym przez potencjaln\u0105 ofiar\u0119 improwizowane urz\u0105dzenie wybuchowe. \u0141adunek mia\u0142 zosta\u0107 zdetonowany zdalnie za pomoc\u0105 telefonu kom\u00f3rkowego. Do eksplozji nie dosz\u0142o z powodu niezadzia\u0142ania mechanizmu&#8221; \u2014 przekaza\u0142a ABW.<\/p>\n<p>Po nieudanej pr\u00f3bie zamachu Sierhij zbieg\u0142 do Polski. Funkcjonariusze ABW ustalili miejsce jego pobytu i zatrzymali go w Warszawie.<\/p>\n<p>63-letni Ukrainiec us\u0142ysza\u0142 zarzuty<\/p>\n<p>Dzie\u0144 po zatrzymaniu m\u0119\u017cczyzna us\u0142ysza\u0142 zarzuty usi\u0142owania zab\u00f3jstwa przedstawiciela ukrai\u0144skiego przemys\u0142u zbrojeniowego z u\u017cyciem materia\u0142\u00f3w wybuchowych oraz posiadania materia\u0142\u00f3w wybuchowych bez wymaganego zezwolenia. M\u0119\u017cczyzna zosta\u0142 aresztowany na trzy miesi\u0105ce. Grozi mu nawet do\u017cywocie.<\/p>\n<p>Do zatrzymania dosz\u0142o dzi\u0119ki wsp\u00f3\u0142pracy z ukrai\u0144skimi s\u0142u\u017cbami partnerskimi. \u015aledztwo prowadzi Departament Post\u0119powa\u0144 Karnych Agencji Bezpiecze\u0144stwa Wewn\u0119trznego pod nadzorem Mazowieckiego Wydzia\u0142u Zamiejscowego Departamentu do Spraw Przest\u0119pczo\u015bci Zorganizowanej i Korupcji Prokuratury Krajowej w Warszawie.<\/p>\n<p>7 sierpnia polskie s\u0142u\u017cby zatrzyma\u0142y obywatela Rosji, kt\u00f3rego zadaniem by\u0142o wykonanie egzekucji na obywatelu USA i Ukrainy, niewygodnym dla re\u017cimu Putina. Do zatrzymania dosz\u0142o tak\u017ce w Warszawie, przy ulicy Wo\u0142oskiej.<\/p>\n<p>&#8222;Przegrywamy&#8221;. Nawet Rosjanie szykuj\u0105 si\u0119 na najgorsze. &#8222;Wszyscy gromadz\u0105 zapasy&#8221;<img class=\"ods-a-photo ods-a-photo--background\" src=\"https:\/\/www.europesays.com\/pl\/wp-content\/uploads\/2026\/08\/xO7k9lBaHR0cHM6Ly9vY2RuLmV1L3B1bHNjbXMvTURBXy85ZGRjMTk2YjUzODdkODFiYWY5MWQ3Njg0YTljMWRlZC5qcGeRlQLNA.jpeg\" height=\"300\" width=\"450\" alt=\"W\u0142adimir Putin\" loading=\"lazy\" fetchpriority=\"low\" decoding=\"async\"\/><\/p>\n","protected":false},"excerpt":{"rendered":"Zatrzymany m\u0119\u017cczyzna \u2014 63-letni Serhij P. \u2014 po nieudanym zamachu zbieg\u0142 do Polski. Zosta\u0142 zatrzymany 5 sierpnia w&hellip;\n","protected":false},"author":2,"featured_media":634530,"comment_status":"","ping_status":"","sticky":false,"template":"","format":"standard","meta":{"footnotes":"","_share_on_mastodon":"0"},"categories":[51605],"tags":[145,61195,48,46,42,38,40,39,41,1627,87,47,415,435],"class_list":["post-634529","post","type-post","status-publish","format-standard","has-post-thumbnail","category-warszawa","tag-abw","tag-bottomfeed_styl","tag-nat_styl","tag-omp","tag-pl","tag-poland","tag-polish","tag-polska","tag-polski","tag-prokuratura","tag-rosja","tag-screening_general","tag-ukraina","tag-warszawa"],"share_on_mastodon":{"url":"https:\/\/pubeurope.com\/@pl\/117127809558036241","error":""},"_links":{"self":[{"href":"https:\/\/www.europesays.com\/pl\/wp-json\/wp\/v2\/posts\/634529","targetHints":{"allow":["GET"]}}],"collection":[{"href":"https:\/\/www.europesays.com\/pl\/wp-json\/wp\/v2\/posts"}],"about":[{"href":"https:\/\/www.europesays.com\/pl\/wp-json\/wp\/v2\/types\/post"}],"author":[{"embeddable":true,"href":"https:\/\/www.europesays.com\/pl\/wp-json\/wp\/v2\/users\/2"}],"replies":[{"embeddable":true,"href":"https:\/\/www.europesays.com\/pl\/wp-json\/wp\/v2\/comments?post=634529"}],"version-history":[{"count":0,"href":"https:\/\/www.europesays.com\/pl\/wp-json\/wp\/v2\/posts\/634529\/revisions"}],"wp:featuredmedia":[{"embeddable":true,"href":"https:\/\/www.europesays.com\/pl\/wp-json\/wp\/v2\/media\/634530"}],"wp:attachment":[{"href":"https:\/\/www.europesays.com\/pl\/wp-json\/wp\/v2\/media?parent=634529"}],"wp:term":[{"taxonomy":"category","embeddable":true,"href":"https:\/\/www.europesays.com\/pl\/wp-json\/wp\/v2\/categories?post=634529"},{"taxonomy":"post_tag","embeddable":true,"href":"https:\/\/www.europesays.com\/pl\/wp-json\/wp\/v2\/tags?post=634529"}],"curies":[{"name":"wp","href":"https:\/\/api.w.org\/{rel}","templated":true}]}}