{"id":634541,"date":"2026-08-20T12:26:09","date_gmt":"2026-08-20T12:26:09","guid":{"rendered":"https:\/\/www.europesays.com\/pl\/634541\/"},"modified":"2026-08-20T12:26:09","modified_gmt":"2026-08-20T12:26:09","slug":"skandaliczne-slowa-izraelskiego-ministra-wzywa-do-egzekucji-palestynczykow","status":"publish","type":"post","link":"https:\/\/www.europesays.com\/pl\/634541\/","title":{"rendered":"Skandaliczne s\u0142owa izraelskiego ministra. Wzywa do egzekucji Palesty\u0144czyk\u00f3w"},"content":{"rendered":"<p>S\u0142owa Itamara Ben-Gwira odbi\u0142y si\u0119 g\u0142o\u015bnym echem na \u015bwiecie. Minister bezpiecze\u0144stwa narodowego Izraela podczas wywiadu udzielonego by\u0142emu zak\u0142adnikowi Hamasu Romowi Bras\u0142awskiemu powiedzia\u0142, \u017ce nie zgadza\u0142 si\u0119 z Binjaminem Netanjahu w sprawie zawieszenia broni w Strefie Gazy.<\/p>\n<p>\u2014 Uwa\u017cam, \u017ce w Strefie Gazy nale\u017cy prowadzi\u0107 celowane zab\u00f3jstwa, eliminuj\u0105c ka\u017cdej nocy od 30 do 40 os\u00f3b. Nie tylko tych, kt\u00f3rzy stanowi\u0105 bezpo\u015brednie zagro\u017cenie. S\u0105 tam ludzie, kt\u00f3rzy nie zas\u0142uguj\u0105 na \u017cycie. Nie powinni \u017cy\u0107. To nawet nie s\u0105 ludzie \u2014 powiedzia\u0142.<\/p>\n<p>Doda\u0142, \u017ce opowiada si\u0119 za masow\u0105 emigracj\u0105 Palesty\u0144czyk\u00f3w ze Strefy Gazy i osadnictwem izraelskim na tym terytorium.<\/p>\n<p>Wypowied\u017a ta wywo\u0142a\u0142a oburzenie na ca\u0142ym \u015bwiecie \u2014 z wielu kraj\u00f3w padaj\u0105 ostre s\u0142owa krytyki, w tym r\u00f3wnie\u017c ze Stan\u00f3w Zjednoczonych. Milczy tylko jedna osoba, kt\u00f3ra zazwyczaj wypowiada si\u0119 na ka\u017cdy temat \u2014 Donald Trump, kt\u00f3ry udziela wsparcia izraelskiemu rz\u0105dowi zdominowanemu przez skrajn\u0105 prawic\u0119.<\/p>\n<p>Ostra krytyka p\u0142ynie nawet ze strony kr\u0119gu przyjaci\u00f3\u0142 Izraelczyk\u00f3w. Jacky Rosen, senatorka z proizraelskiej frakcji ameryka\u0144skich Demokrat\u00f3w, pot\u0119pi\u0142a s\u0142owa izraelskiego ministra. \u2014 Wypowiedzi Ben-Gwira s\u0105 potworne i nie da si\u0119 ich w \u017caden spos\u00f3b usprawiedliwi\u0107 \u2014 powiedzia\u0142a.<\/p>\n<p>Nawet w Niemczech, kt\u00f3re ze wzgl\u0119d\u00f3w historycznych powstrzymuj\u0105 si\u0119 od krytyki Izraela, panuje przera\u017cenie. \u2014 S\u0105 to wypowiedzi, kt\u00f3rych my, jako rz\u0105d federalny, nie mo\u017cemy w \u017cadnym wypadku zaakceptowa\u0107 \u2014 powiedzia\u0142 wicekanclerz Lars Klingbeil. Wezwa\u0142 te\u017c do &#8222;bardzo powa\u017cnego&#8221; rozwa\u017cenia na szczeblu europejskim sankcji wobec Ben-Gwira.<\/p>\n<p>Skrajnie prawicowy front<\/p>\n<p>Itamar Ben-Gwir jest uwa\u017cany za skrajnego prawicowca. Ze wzgl\u0119du na jego pogl\u0105dy polityczne Wielka Brytania, Australia, Kanada, Holandia i Francja na\u0142o\u017cy\u0142y na niego zakaz wjazdu do swoich kraj\u00f3w. Nawet w Izraelu zosta\u0142 on w 2007 r. skazany za pod\u017ceganie do rasizmu i wspieranie organizacji terrorystycznej. Lider skrajnie prawicowej, fundamentalistycznej partii Otzma Jehudit (\u017bydowska Si\u0142a) mieszka w osadzie na Zachodnim Brzegu okupowanej przez Izrael.<\/p>\n<p>Opr\u00f3cz Ben-Gwira w rz\u0105dzie zasiada jeszcze jeden przedstawiciel skrajnej prawicy: Becalel Smotricz z fundamentalistycznej partii religijnej Mafdal \u2014 HaTzionut HaDatit (Religijny Syjonizm). Jego radykalna wizja zak\u0142ada nast\u0119puj\u0105cy scenariusz \u2014 wzywa on do &#8222;skoncentrowania&#8221; oko\u0142o 2,2 mln Palesty\u0144czyk\u00f3w na w\u0105skim pasie ziemi na po\u0142udniu Strefy Gazy. Pozosta\u0142a cz\u0119\u015b\u0107 Strefy powinna zosta\u0107 \u2014 jego zdaniem \u2014 ca\u0142kowicie zniszczona.<\/p>\n<p>Dalszy ci\u0105g artyku\u0142u pod materia\u0142em wideo<\/p>\n<p>Skandaliczna wypowied\u017a Ben-Gwira mo\u017ce doprowadzi\u0107 w Niemczech do zmiany podej\u015bcia do stosunk\u00f3w z Izraelem. \u2014 Nasza polityka wobec Izraela musi sta\u0107 si\u0119 bardziej zniuansowana i wymagaj\u0105ca ni\u017c dotychczas \u2014 powiedzia\u0142 niedawno Norbert Roettgen, polityk CDU zajmuj\u0105cy si\u0119 polityk\u0105 zagraniczn\u0105. On r\u00f3wnie\u017c domaga si\u0119 na\u0142o\u017cenia &#8222;dawno nale\u017cnych sankcji&#8221; na izraelskiego ministra bezpiecze\u0144stwa narodowego.<\/p>\n<p>Ostatnia krytyka ze strony Bidena<\/p>\n<p>Podczas gdy na ca\u0142ym \u015bwiecie rozlegaj\u0105 si\u0119 g\u0142osy sprzeciwu wobec Ben-Gwira, w Bia\u0142ym Domu panuje uderzaj\u0105ca cisza. Kiedy jeszcze prezydentem USA by\u0142 Joe Biden, Departament Stanu USA pot\u0119pi\u0142 ekstremistyczne wypowiedzi Ben-Gwira i Smotricza, uznaj\u0105c je za &#8222;pod\u017cegaj\u0105ce i nieodpowiedzialne&#8221;. Za rz\u0105d\u00f3w Trumpa, kt\u00f3ry w imieniu bliskiego partnera \u2014 Izraela \u2014 wypowiedzia\u0142 wojn\u0119 Iranowi, jak dot\u0105d jednak nie s\u0142ycha\u0107 \u017cadnej krytyki radykalnych wypowiedzi skrajnie prawicowych polityk\u00f3w.<\/p>\n<p>Dlaczego prezydent USA milczy? Philipp Adorf, ekspert ds. USA z Uniwersytetu w Bonn, wyja\u015bnia: \u2014 Koncepcja traktowania przeciwnik\u00f3w z maksymaln\u0105 surowo\u015bci\u0105 oraz odrzucania zastrze\u017ce\u0144 prawnych lub humanitarnych jako przeszkadzaj\u0105cych ogranicze\u0144 wcale nie jest obca jego w\u0142asnemu rozumieniu polityki.<\/p>\n<p>Zbrodnia na oczach \u015bwiata. &#8222;Mamy obowi\u0105zek m\u00f3wi\u0107 prawd\u0119: Izrael dopuszcza si\u0119 ludob\u00f3jstwa na Palesty\u0144czykach&#8221;<img class=\"ods-a-photo ods-a-photo--background\" src=\"https:\/\/www.europesays.com\/pl\/wp-content\/uploads\/2026\/08\/rxfk9lBaHR0cHM6Ly9vY2RuLmV1L3B1bHNjbXMvTURBXy8wNTg5Y2E4Mjk5Mzg4MGU4ZTkwMjUyNmZiODhiZDJmNy5qcGeRlQLNA.jpeg\" height=\"252\" width=\"450\" alt=\"Premier Izraela Binjmin Netanjahu, w tle dym unosz\u0105cy si\u0119 po izraelskim ataku na ob\u00f3z uchod\u017ac\u00f3w palesty\u0144skich Muchajjam D\u017cabalija w p\u00f3\u0142nocnej cz\u0119\u015bci Strefy Gazy, 31 sierpnia 2025 r.\" loading=\"lazy\" fetchpriority=\"low\" decoding=\"async\"\/><\/p>\n<p>Nie oznacza to jednak, \u017ce Trump popiera postulat Ben-Gwira dotycz\u0105cy egzekucji Palesty\u0144czyk\u00f3w. R\u00f3wnie\u017c cz\u0119\u015b\u0107 republika\u0144skiej bazy wyborczej ocenia tward\u0105 polityk\u0119 Izraela znacznie bardziej przychylnie ni\u017c europejska opinia publiczna. \u2014 Osobisty atak na Ben-Gwira nie przyni\u00f3s\u0142by zatem wi\u0119kszych korzy\u015bci w polityce wewn\u0119trznej \u2014 uwa\u017ca Adorf.<\/p>\n<p>To, \u017ce w izraelskim rz\u0105dzie zasiadaj\u0105 skrajni prawicowcy, wynika z uk\u0142adu si\u0142 w tym kraju. Premier Binjamin Netanjahu mocno potrzebuje poparcia mniejszych partii. \u2014 Netanjahu jest uzale\u017cniony od kaprys\u00f3w tych ministr\u00f3w. Gdyby ich powstrzyma\u0142, opu\u015bciliby rz\u0105d, a tym samym doprowadziliby do jego upadku \u2014 m\u00f3wi geopolityk Klemens H. Fischer.<\/p>\n<p>27 pa\u017adziernika Izrael wybierze nowy parlament. Prognozy wskazuj\u0105, \u017ce prawicowemu blokowi Netanjahu grozi pora\u017cka. \u2014 Je\u015bli skrzyd\u0142o centrolewicowe zdob\u0119dzie wi\u0119kszo\u015b\u0107, Ben-Gwir odejdzie. Je\u015bli jednak Netanjahu ponownie zdo\u0142a utworzy\u0107 rz\u0105d, ekstremi\u015bci tacy jak Ben-Gwir nadal b\u0119d\u0105 zasiada\u0107 w rz\u0105dzie \u2014 m\u00f3wi Fischer.<\/p>\n","protected":false},"excerpt":{"rendered":"S\u0142owa Itamara Ben-Gwira odbi\u0142y si\u0119 g\u0142o\u015bnym echem na \u015bwiecie. Minister bezpiecze\u0144stwa narodowego Izraela podczas wywiadu udzielonego by\u0142emu zak\u0142adnikowi&hellip;\n","protected":false},"author":2,"featured_media":634542,"comment_status":"","ping_status":"","sticky":false,"template":"","format":"standard","meta":{"footnotes":"","_share_on_mastodon":"0"},"categories":[14],"tags":[56,61195,32,33,44,27,91,34,35,28,31,48,25,46,40,41,47,88,80,29,30,71,26,82,83,84],"class_list":["post-634541","post","type-post","status-publish","format-standard","has-post-thumbnail","category-swiat","tag-article_premium","tag-bottomfeed_styl","tag-breaking-news","tag-breakingnews","tag-donald_trump","tag-headlines","tag-izrael","tag-latest-news","tag-latestnews","tag-naglowki","tag-najwazniejsze-artykuly","tag-nat_styl","tag-news","tag-omp","tag-polish","tag-polski","tag-screening_general","tag-strefa_gazy","tag-swiat","tag-top-stories","tag-topstories","tag-usa","tag-wiadomosci","tag-world","tag-world-news","tag-worldnews"],"share_on_mastodon":{"url":"https:\/\/pubeurope.com\/@pl\/117127833192251917","error":""},"_links":{"self":[{"href":"https:\/\/www.europesays.com\/pl\/wp-json\/wp\/v2\/posts\/634541","targetHints":{"allow":["GET"]}}],"collection":[{"href":"https:\/\/www.europesays.com\/pl\/wp-json\/wp\/v2\/posts"}],"about":[{"href":"https:\/\/www.europesays.com\/pl\/wp-json\/wp\/v2\/types\/post"}],"author":[{"embeddable":true,"href":"https:\/\/www.europesays.com\/pl\/wp-json\/wp\/v2\/users\/2"}],"replies":[{"embeddable":true,"href":"https:\/\/www.europesays.com\/pl\/wp-json\/wp\/v2\/comments?post=634541"}],"version-history":[{"count":0,"href":"https:\/\/www.europesays.com\/pl\/wp-json\/wp\/v2\/posts\/634541\/revisions"}],"wp:featuredmedia":[{"embeddable":true,"href":"https:\/\/www.europesays.com\/pl\/wp-json\/wp\/v2\/media\/634542"}],"wp:attachment":[{"href":"https:\/\/www.europesays.com\/pl\/wp-json\/wp\/v2\/media?parent=634541"}],"wp:term":[{"taxonomy":"category","embeddable":true,"href":"https:\/\/www.europesays.com\/pl\/wp-json\/wp\/v2\/categories?post=634541"},{"taxonomy":"post_tag","embeddable":true,"href":"https:\/\/www.europesays.com\/pl\/wp-json\/wp\/v2\/tags?post=634541"}],"curies":[{"name":"wp","href":"https:\/\/api.w.org\/{rel}","templated":true}]}}