{"id":634681,"date":"2026-08-20T13:40:18","date_gmt":"2026-08-20T13:40:18","guid":{"rendered":"https:\/\/www.europesays.com\/pl\/634681\/"},"modified":"2026-08-20T13:40:18","modified_gmt":"2026-08-20T13:40:18","slug":"polska-medalistka-me-niedawno-zakonczyla-kariere-teraz-zabrala-glos","status":"publish","type":"post","link":"https:\/\/www.europesays.com\/pl\/634681\/","title":{"rendered":"Polska medalistka ME niedawno zako\u0144czy\u0142a karier\u0119. Teraz zabra\u0142a g\u0142os"},"content":{"rendered":"<p>W lipcu Sofia Ennaoui poinformowa\u0142a o zako\u0144czeniu kariery. Lekkoatletka, specjalizuj\u0105ca si\u0119 w biegach m.in. na 1500 m, wyda\u0142a w\u00f3wczas o\u015bwiadczenie, kt\u00f3re zamie\u015bci\u0142a w mediach spo\u0142eczno\u015bciowych.<\/p>\n<p>&#8222;S\u0105 takie historie, kt\u00f3re wydaje si\u0119, \u017ce b\u0119d\u0105 trwa\u0142y zawsze. A\u017c pewnego dnia przychodzi moment, w kt\u00f3rym trzeba postawi\u0107 ostatni\u0105 kropk\u0119. Dzisiaj ko\u0144cz\u0119 swoj\u0105 sportow\u0105 karier\u0119. [&#8230;] Ko\u0144czy si\u0119 moja historia jako zawodniczki, ale nie ko\u0144czy si\u0119 moja historia ze sportem. Przede mn\u0105 nowa droga. Zabieram ze sob\u0105 odwag\u0119, konsekwencj\u0119, pokor\u0119 i przekonanie, \u017ce ka\u017cdy koniec mo\u017ce by\u0107 pocz\u0105tkiem czego\u015b r\u00f3wnie pi\u0119knego&#8221; \u2014 <a href=\"https:\/\/przegladsportowy.onet.pl\/lekkoatletyka\/polska-medalistka-me-konczy-kariere-oficjalnie-to-oglosila\/bym5167\" id=\"1692479b-7ee2-456d-b5ba-d79af1d40423\" rel=\"nofollow noopener\" target=\"_blank\">pisa\u0142a na Instagramie<\/a>.Dalszy ci\u0105g artyku\u0142u pod materia\u0142em wideoSofia Ennaoui niedawno zako\u0144czy\u0142a karier\u0119. Teraz zabra\u0142a g\u0142os<\/p>\n<p>Tymczasem Sofia Ennaoui zamie\u015bci\u0142a w sieci kolejny wpis. &#8222;Od og\u0142oszenia decyzji o zako\u0144czeniu kariery wydarzy\u0142o si\u0119 tak wiele, \u017ce czasami sama pr\u00f3buj\u0119 to wszystko pouk\u0142ada\u0107 w g\u0142owie&#8221; \u2014 zacz\u0119\u0142a.<\/p>\n<p>&#8222;Jeszcze niedawno moje \u017cycie by\u0142o podporz\u0105dkowane treningom, startom, przygotowaniom i kolejnym celom. Dzi\u015b coraz cz\u0119\u015bciej \u0142api\u0119 si\u0119 na tym, \u017ce patrz\u0119 na ten \u015bwiat troch\u0119 z innej perspektywy. Dopiero teraz zaczynam rozumie\u0107, jak du\u017c\u0105 cz\u0119\u015bci\u0105 mojego \u017cycia by\u0142 sport. Ostatnie tygodnie przynios\u0142y mn\u00f3stwo emocji, spotka\u0144, rozm\u00f3w, wzrusze\u0144 i nowych do\u015bwiadcze\u0144. By\u0142y momenty, w kt\u00f3rych wraca\u0142y wspomnienia z ca\u0142ej mojej drogi. By\u0142y te\u017c takie, kt\u00f3re pokaza\u0142y mi, \u017ce zako\u0144czenie kariery nie musi oznacza\u0107 po\u017cegnania ze sportem, lud\u017ami i wszystkim, co przez lata by\u0142o dla mnie wa\u017cne, wr\u0119cz przeciwnie. Mam poczucie, \u017ce co\u015b si\u0119 sko\u0144czy\u0142o, ale jednocze\u015bnie zacz\u0119\u0142o si\u0119 co\u015b zupe\u0142nie nowego. Bez presji wyniku. Bez zegara odmierzaj\u0105cego kolejne sekundy. Z wi\u0119ksz\u0105 przestrzeni\u0105 na rozmow\u0119, obserwowanie, dzielenie si\u0119 do\u015bwiadczeniem i po prostu bycie blisko sportu w inny spos\u00f3b&#8221; \u2014 doda\u0142a.<\/p>\n<p>&#8222;Nie ka\u017cda zmiana musi oznacza\u0107 strat\u0119. Czasami jest pocz\u0105tkiem kolejnego rozdzia\u0142u&#8221; \u2014 zako\u0144czy\u0142a.<\/p>\n<p>Sofia Ennaoui na swoim koncie ma m.in. srebrne i br\u0105zowe medale mistrzostw Europy zdobyte zar\u00f3wno na otwartym stadionie, jak i na hali. Wyst\u0119powa\u0142a te\u017c na igrzyskach olimpijskich w Rio de Janeiro w 2016 r.<\/p>\n","protected":false},"excerpt":{"rendered":"W lipcu Sofia Ennaoui poinformowa\u0142a o zako\u0144czeniu kariery. Lekkoatletka, specjalizuj\u0105ca si\u0119 w biegach m.in. na 1500 m, wyda\u0142a&hellip;\n","protected":false},"author":2,"featured_media":634682,"comment_status":"","ping_status":"","sticky":false,"template":"","format":"standard","meta":{"footnotes":"","_share_on_mastodon":"0"},"categories":[12],"tags":[61195,522,48,129,46,42,38,40,39,41,47,108353,130],"class_list":["post-634681","post","type-post","status-publish","format-standard","has-post-thumbnail","category-polska","tag-bottomfeed_styl","tag-lekkoatletyka","tag-nat_styl","tag-ofsajd","tag-omp","tag-pl","tag-poland","tag-polish","tag-polska","tag-polski","tag-screening_general","tag-sofia_ennaoui","tag-wiadomosci_sportowe"],"share_on_mastodon":{"url":"https:\/\/pubeurope.com\/@pl\/117128123041174715","error":""},"_links":{"self":[{"href":"https:\/\/www.europesays.com\/pl\/wp-json\/wp\/v2\/posts\/634681","targetHints":{"allow":["GET"]}}],"collection":[{"href":"https:\/\/www.europesays.com\/pl\/wp-json\/wp\/v2\/posts"}],"about":[{"href":"https:\/\/www.europesays.com\/pl\/wp-json\/wp\/v2\/types\/post"}],"author":[{"embeddable":true,"href":"https:\/\/www.europesays.com\/pl\/wp-json\/wp\/v2\/users\/2"}],"replies":[{"embeddable":true,"href":"https:\/\/www.europesays.com\/pl\/wp-json\/wp\/v2\/comments?post=634681"}],"version-history":[{"count":0,"href":"https:\/\/www.europesays.com\/pl\/wp-json\/wp\/v2\/posts\/634681\/revisions"}],"wp:featuredmedia":[{"embeddable":true,"href":"https:\/\/www.europesays.com\/pl\/wp-json\/wp\/v2\/media\/634682"}],"wp:attachment":[{"href":"https:\/\/www.europesays.com\/pl\/wp-json\/wp\/v2\/media?parent=634681"}],"wp:term":[{"taxonomy":"category","embeddable":true,"href":"https:\/\/www.europesays.com\/pl\/wp-json\/wp\/v2\/categories?post=634681"},{"taxonomy":"post_tag","embeddable":true,"href":"https:\/\/www.europesays.com\/pl\/wp-json\/wp\/v2\/tags?post=634681"}],"curies":[{"name":"wp","href":"https:\/\/api.w.org\/{rel}","templated":true}]}}