{"id":634877,"date":"2026-08-20T15:25:36","date_gmt":"2026-08-20T15:25:36","guid":{"rendered":"https:\/\/www.europesays.com\/pl\/634877\/"},"modified":"2026-08-20T15:25:36","modified_gmt":"2026-08-20T15:25:36","slug":"ze-slaska-wroclaw-do-debiutu-w-gigancie-la-ligi-24-latek-spelnil-swoje-marzenie","status":"publish","type":"post","link":"https:\/\/www.europesays.com\/pl\/634877\/","title":{"rendered":"Ze \u015al\u0105ska Wroc\u0142aw do debiutu w gigancie La Ligi. 24-latek spe\u0142ni\u0142 swoje marzenie"},"content":{"rendered":"\n<p class=\"contentpart contentpart--default contentpart--text\" data-position=\"0\"><a href=\"https:\/\/sportowefakty.wp.pl\/pilka-nozna\/arnau-ortiz\" rel=\"nofollow noopener\" target=\"_blank\">Arnau Ortiz<\/a>\u00a0zapracowa\u0142 na swoj\u0105 szans\u0119 znakomitymi wyst\u0119pami w poprzednim sezonie oraz bardzo udanym okresem przygotowawczym pod wodz\u0105 <a href=\"https:\/\/sportowefakty.wp.pl\/pilka-nozna\/diego-simeone\" rel=\"nofollow noopener\" target=\"_blank\">Diego Simeone<\/a>. Dobra postawa sprawi\u0142a, \u017ce skrzyd\u0142owy zosta\u0142 na sta\u0142e w\u0142\u0105czony do pierwszej dru\u017cyny <a href=\"https:\/\/sportowefakty.wp.pl\/pilka-nozna\/atletico-madryt\" rel=\"nofollow noopener\" target=\"_blank\">Atletico Madryt<\/a>. Po debiucie nie ukrywa\u0142 ogromnych emocji. &#8211;\u00a0Jestem niesamowicie szcz\u0119\u015bliwy z powodu debiutu, ale przede wszystkim ze zwyci\u0119stwa i zdobycia trzech punkt\u00f3w &#8211; powiedzia\u0142 w rozmowie z klubowymi mediami.<\/p>\n<p>Wymarzony debiut na Metropolitano<\/p>\n<p>  <img decoding=\"async\" src=\"https:\/\/v.wpimg.pl\/X3dwLnN2d1IFFTpdYUl6R0ZNbgcnEHQREVV2TGEGbUtRT2MdOlZ2RBQUKABgQjQcDRotCStBd1IAAWMeIlM7VgwYIAorQAdEFFk_GCkQJQ\" alt=\"\" width=\"45\" height=\"58\" loading=\"lazy\"\/>  <\/p>\n<p class=\"contentpart contentpart--default contentpart--text\" data-position=\"2\">Dla wychowanego w Katalonii zawodnika ostatnie dni by\u0142y wyj\u0105tkowe. Najpierw dowiedzia\u0142 si\u0119, \u017ce jego praca podczas przygotowa\u0144 zosta\u0142a nagrodzona miejscem w pierwszym zespole, a nast\u0119pnie otrzyma\u0142 mo\u017cliwo\u015b\u0107 wyst\u0119pu przed kibicami na Metropolitano.<\/p>\n<p class=\"contentpart contentpart--default contentpart--text\" data-position=\"3\">ZOBACZ WIDEO: Dwa pa\u0142ace, stadnina i setki hektar\u00f3w. Tak wygl\u0105da maj\u0105tek legendy<\/p>\n<p class=\"contentpart contentpart--default contentpart--text\" data-position=\"5\">&#8211; To by\u0142y niesamowite dni. Czuj\u0119 ogromne szcz\u0119\u015bcie, nie tylko ze wzgl\u0119du na siebie, ale r\u00f3wnie\u017c moj\u0105 rodzin\u0119. Teraz wszystko ju\u017c si\u0119 rozpocz\u0119\u0142o i my\u015bl\u0119 o niedzieli. Jestem jednak bardzo szcz\u0119\u015bliwy, \u017ce mog\u0142em zadebiutowa\u0107, dosta\u0107 tutaj minuty przed naszymi kibicami i dodatkowo zrobi\u0107 to w zwyci\u0119skim meczu &#8211; przyzna\u0142 Ortiz.<\/p>\n<p>Ze \u015al\u0105ska Wroc\u0142aw do Atletico Madryt<\/p>\n<p class=\"contentpart contentpart--default contentpart--text\" data-position=\"7\">Droga Ortiza do pierwszego zespo\u0142u Atletico jest szczeg\u00f3lnie interesuj\u0105ca z polskiej perspektywy. Skrzyd\u0142owy trafi\u0142 do madryckiego klubu we wrze\u015bniu 2025 roku ze <a href=\"https:\/\/sportowefakty.wp.pl\/pilka-nozna\/slask-wroclaw\" rel=\"nofollow noopener\" target=\"_blank\">\u015al\u0105ska Wroc\u0142aw<\/a>. Pierwszy sezon po powrocie do Hiszpanii sp\u0119dzi\u0142 w rezerwach Atletico i szybko sta\u0142 si\u0119 jedn\u0105 z ich najwi\u0119kszych gwiazd.<\/p>\n<p>  <img decoding=\"async\" src=\"https:\/\/v.wpimg.pl\/X3dwLnN2d1IFFTpdYUl6R0ZNbgcnEHQREVV2TGEGbUtRT2MdOlZ2RBQUKABgQjQcDRotCStBd1IAAWMeIlM7VgwYIAorQAdEFFk_GCkQJQ\" alt=\"\" width=\"45\" height=\"58\" loading=\"lazy\"\/>  <\/p>\n<p class=\"contentpart contentpart--default contentpart--text\" data-position=\"8\">W 38 spotkaniach zdoby\u0142 a\u017c 23 bramki i zanotowa\u0142 sze\u015b\u0107 asyst. Jego znakomita dyspozycja pomog\u0142a Atletico Madrileno znale\u017a\u0107 si\u0119 bardzo blisko awansu do Segunda Division. Takie liczby otworzy\u0142y mu drzwi do pierwszego zespo\u0142u. Simeone zabra\u0142 go na przygotowania i da\u0142 mo\u017cliwo\u015b\u0107 pokazania swoich umiej\u0119tno\u015bci w\u015br\u00f3d najlepszych zawodnik\u00f3w klubu.<\/p>\n<p>Arnau Ortiz przekona\u0142 do siebie Simeone<\/p>\n<p class=\"contentpart contentpart--default contentpart--text\" data-position=\"10\">Ortiz wykorzysta\u0142 otrzyman\u0105 szans\u0119. Podczas okresu przygotowawczego wyst\u0105pi\u0142 w czterech meczach kontrolnych, zdobywaj\u0105c dwie bramki &#8211; przeciwko <a href=\"https:\/\/sportowefakty.wp.pl\/pilka-nozna\/getafe-cf\" rel=\"nofollow noopener\" target=\"_blank\">Getafe<\/a>\u00a0oraz <a href=\"https:\/\/sportowefakty.wp.pl\/pilka-nozna\/man-utd\" rel=\"nofollow noopener\" target=\"_blank\">Manchesterowi United<\/a>. Do swojego dorobku do\u0142o\u017cy\u0142 r\u00f3wnie\u017c asyst\u0119 przy trafieniu Carlosa Martina w spotkaniu z <a href=\"https:\/\/sportowefakty.wp.pl\/pilka-nozna\/olympique-marsylia\" rel=\"nofollow noopener\" target=\"_blank\">Olympique Marsylia<\/a>. Jego wyst\u0119py ostatecznie przekona\u0142y sztab szkoleniowy, \u017ce zas\u0142uguje na miejsce w pierwszej dru\u017cynie.<\/p>\n<p>  <img decoding=\"async\" src=\"https:\/\/v.wpimg.pl\/X3dwLnN2d1IFFTpdYUl6R0ZNbgcnEHQREVV2TGEGbUtRT2MdOlZ2RBQUKABgQjQcDRotCStBd1IAAWMeIlM7VgwYIAorQAdEFFk_GCkQJQ\" alt=\"\" width=\"45\" height=\"58\" loading=\"lazy\"\/>  <\/p>\n<p class=\"contentpart contentpart--default contentpart--text\" data-position=\"11\">Teraz wykona\u0142 kolejny krok, debiutuj\u0105c na Metropolitano. Dla zawodnika, kt\u00f3ry jeszcze rok temu wyst\u0119powa\u0142 w Polsce, to spe\u0142nienie jednego z najwi\u0119kszych pi\u0142karskich marze\u0144. Sam Ortiz nie zamierza jednak traktowa\u0107 tego momentu jako mety &#8211; chce, aby by\u0142 to dopiero pocz\u0105tek jego kariery na najwy\u017cszym poziomie.<\/p>\n","protected":false},"excerpt":{"rendered":"Arnau Ortiz\u00a0zapracowa\u0142 na swoj\u0105 szans\u0119 znakomitymi wyst\u0119pami w poprzednim sezonie oraz bardzo udanym okresem przygotowawczym pod wodz\u0105 Diego&hellip;\n","protected":false},"author":2,"featured_media":634878,"comment_status":"","ping_status":"","sticky":false,"template":"","format":"standard","meta":{"footnotes":"","_share_on_mastodon":"0"},"categories":[51607],"tags":[92720,999,47615,267,538,694,269,540,278,42,38,40,39,41,697,1853],"class_list":["post-634877","post","type-post","status-publish","format-standard","has-post-thumbnail","category-wroclaw","tag-arnau-ortiz","tag-atletico-madryt","tag-estadio-wanda-metropolitano-w-madrycie","tag-hiszpania","tag-la-liga","tag-madryt","tag-pilka-nozna","tag-pilka-nozna-w-hiszpanii","tag-pilka-w-europie","tag-pl","tag-poland","tag-polish","tag-polska","tag-polski","tag-slask-wroclaw","tag-wroclaw"],"share_on_mastodon":{"url":"https:\/\/pubeurope.com\/@pl\/117128537387410955","error":""},"_links":{"self":[{"href":"https:\/\/www.europesays.com\/pl\/wp-json\/wp\/v2\/posts\/634877","targetHints":{"allow":["GET"]}}],"collection":[{"href":"https:\/\/www.europesays.com\/pl\/wp-json\/wp\/v2\/posts"}],"about":[{"href":"https:\/\/www.europesays.com\/pl\/wp-json\/wp\/v2\/types\/post"}],"author":[{"embeddable":true,"href":"https:\/\/www.europesays.com\/pl\/wp-json\/wp\/v2\/users\/2"}],"replies":[{"embeddable":true,"href":"https:\/\/www.europesays.com\/pl\/wp-json\/wp\/v2\/comments?post=634877"}],"version-history":[{"count":0,"href":"https:\/\/www.europesays.com\/pl\/wp-json\/wp\/v2\/posts\/634877\/revisions"}],"wp:featuredmedia":[{"embeddable":true,"href":"https:\/\/www.europesays.com\/pl\/wp-json\/wp\/v2\/media\/634878"}],"wp:attachment":[{"href":"https:\/\/www.europesays.com\/pl\/wp-json\/wp\/v2\/media?parent=634877"}],"wp:term":[{"taxonomy":"category","embeddable":true,"href":"https:\/\/www.europesays.com\/pl\/wp-json\/wp\/v2\/categories?post=634877"},{"taxonomy":"post_tag","embeddable":true,"href":"https:\/\/www.europesays.com\/pl\/wp-json\/wp\/v2\/tags?post=634877"}],"curies":[{"name":"wp","href":"https:\/\/api.w.org\/{rel}","templated":true}]}}