{"id":635093,"date":"2026-08-20T17:23:14","date_gmt":"2026-08-20T17:23:14","guid":{"rendered":"https:\/\/www.europesays.com\/pl\/635093\/"},"modified":"2026-08-20T17:23:14","modified_gmt":"2026-08-20T17:23:14","slug":"aktorka-pobila-rekord-polski-11-raz-jej-maz-robi-kariere-w-tvp","status":"publish","type":"post","link":"https:\/\/www.europesays.com\/pl\/635093\/","title":{"rendered":"Aktorka pobi\u0142a rekord Polski 11. raz. Jej m\u0105\u017c robi karier\u0119 w TVP"},"content":{"rendered":"<p>Agata Za\u0142\u0119cka kilka lat temu rozpocz\u0119\u0142a przygod\u0119 z freedivingiem, a dzi\u015b jest jedn\u0105 z najlepszych freediverek w Polsce. &#8222;Jako dziecko chcia\u0142am by\u0107 syren\u0105. Absolutnie mia\u0142am takie marzenie, \u017ceby nurkowa\u0107, ju\u017c od \u00f3smego roku \u017cycia. Nie wiedzia\u0142am tylko, \u017ce to si\u0119 nazywa freediving. Teraz t\u0119 dyscyplin\u0119 wiele os\u00f3b ju\u017c zna i coraz wi\u0119cej si\u0119 o niej dowiaduje, bo ten sport rozwija si\u0119 bardzo dynamicznie&#8221; \u2014 <a href=\"https:\/\/przegladsportowy.onet.pl\/inne-sporty\/polska-aktorka-ma-10-rekordow-kraju-byc-moze-jestem-jedyna-na-caly-swiat\/3h80weq\" id=\"7ac1276e-a219-4346-8947-fb9908b6a76c\" rel=\"nofollow noopener\" target=\"_blank\">opowiada\u0142a niedawno w wywiadzie dla Przegl\u0105du Sportowego Onet<\/a>.Dalszy ci\u0105g artyku\u0142u pod materia\u0142em wideo<\/p>\n<p>&#8222;Jestem zar\u00f3wno aktork\u0105, jak i reprezentantk\u0105 Polski we freedivingu. Jak wida\u0107, mo\u017cna \u0142\u0105czy\u0107 dwie pasje, dwie r\u00f3\u017cne dziedziny \u017cycia. Oczywi\u015bcie s\u0105 momenty, kiedy wi\u0119cej czasu po\u015bwi\u0119cam aktorstwu czy sportowi, ale to taki naturalny, zdrowy balans. Ostatecznie aktorstwo bierze jednak g\u00f3r\u0119, bo nie we wszystkich zawodach mog\u0119 bra\u0107 udzia\u0142 ze wzgl\u0119du na prac\u0119&#8221; \u2014 m\u00f3wi\u0142a w\u00f3wczas w rozmowie z Dariuszem Kosi\u0144skim.<\/p>\n<p>Niesamowity wyczyn Agaty Za\u0142\u0119ckiej. I to mimo przeszk\u00f3dTeraz Agata Za\u0142\u0119cka wystartowa\u0142a w zawodach CMAS Nordic Cup na Cyprze, gdzie zanurkowa\u0142a na g\u0142\u0119boko\u015b\u0107 93 m w konkurencji CWTB. Tym samym pobi\u0142a o metr sw\u00f3j <a href=\"https:\/\/przegladsportowy.onet.pl\/inne-sporty\/rekord-polski-niebywaly-wyczyn-polki-na-filipinach\/16g1sb1\" id=\"928471df-94fb-419d-9cd0-fb70b0fff009\" rel=\"nofollow noopener\" target=\"_blank\">poprzedni rekord<\/a> ustanowiony w maju podczas Pucharu \u015awiata na Filipinach. Dla Za\u0142\u0119ckiej to ju\u017c 11. rekord Polski.<\/p>\n<p>&#8222;Nie by\u0142a to \u0142atwa droga. Na treningach robi\u0142am znacznie wi\u0119ksze g\u0142\u0119boko\u015bci, ale ostatniego dnia treningowego pojawi\u0142a si\u0119 przeszkoda, kontuzja, kt\u00f3ra wy\u0142\u0105czy\u0142a mnie z nurkowania na pi\u0119\u0107 dni i postawi\u0142a pod znakiem zapytania ca\u0142y m\u00f3j start w CMAS Nordic Cup. Dzisiaj zrobi\u0142am nurkowanie rozgrzewkowe na 93 metry i tym samym ustanowi\u0142am sw\u00f3j 11. rekord Polski w karierze aktorki. Bardzo si\u0119 ciesz\u0119, ale najbardziej, \u017ce mog\u0142am wreszcie wr\u00f3ci\u0107 do morza&#8221; \u2014 wyzna\u0142a Agata Za\u0142\u0119cka na Facebooku.<\/p>\n<p>Dyrektor TVP Sport dumny z \u017cony. Oto jak para si\u0119 pozna\u0142a<\/p>\n<p>Na sukces aktorki zareagowa\u0142 jej m\u0105\u017c. &#8222;Kolejna granica przesuni\u0119ta. Duma&#8221; \u2014 napisa\u0142 na Instastory Jakub Kwiatkowski, udost\u0119pniaj\u0105c post TVP Sport.<\/p>\n<p>&#8222;Wiem, ile kosztowa\u0142o ci\u0119, \u017ceby w og\u00f3le m\u00f3c dzi\u015b wystartowa\u0107. Dlatego te 93 metry znacz\u0105 du\u017co wi\u0119cej ni\u017c kolejny rekord Polski. Najlepsza&#8221; \u2014 a tak Kwiatkowski zwr\u00f3ci\u0142 si\u0119 do \u017cony pod jej wpisem na Instagramie.<\/p>\n<p><img class=\"ods-a-photo ods-a-photo--background\" src=\"https:\/\/www.europesays.com\/pl\/wp-content\/uploads\/2026\/08\/GIZk9lBaHR0cHM6Ly9vY2RuLmV1L3B1bHNjbXMvTURBXy8wOTFmOTdkODgxYWM0YzJlZDRjMTNiOGQ2NTQ3MGM0ZS5wbmeRkwXNA.jpeg\" height=\"849\" width=\"478\" alt=\"Screen z profilu Jakuba Kwiatkowskiego\" loading=\"lazy\" fetchpriority=\"auto\" decoding=\"auto\"\/><\/p>\n<p>instagram \/ kuba_kwiat<\/p>\n<p>Screen z profilu Jakuba Kwiatkowskiego<\/p>\n<p>Agata Za\u0142\u0119cka i Jakub Kwiatkowski poznali si\u0119 podczas podr\u00f3\u017cy poci\u0105giem. &#8222;Jechali\u015bmy razem poci\u0105giem z Poznania do Warszawy. Akurat czyta\u0142am ksi\u0105\u017ck\u0119 \u00bbDekalog Nawa\u0142ki\u00ab o pi\u0142karskiej reprezentacji Polski. Widz\u0105c to, Kuba powiedzia\u0142 do mnie kilka s\u0142\u00f3w i tak to si\u0119 zacz\u0119\u0142o&#8221; \u2014 m\u00f3wi\u0142a aktorka w rozmowie z &#8222;Twoim Imperium&#8221;.<\/p>\n<p>W sierpniu 2018 r. Kwiatkowski o\u015bwiadczy\u0142 si\u0119 na Rodos, a dwa lata p\u00f3\u017aniej para wzi\u0119\u0142a \u015blub na tej samej greckiej wyspie. Aktorka wpad\u0142a w\u00f3wczas na niecodzienny pomys\u0142 \u2014 przeprowadzi\u0142a na Instagramie transmisj\u0119 na \u017cywo z uroczysto\u015bci, by fani, a tak\u017ce bliscy, kt\u00f3rzy nie mogli by\u0107 tego dnia na miejscu, w jaki\u015b spos\u00f3b towarzyszyli jej w tej szczeg\u00f3lnej chwili.<\/p>\n<p>Jakub Kwiatkowski przez ponad dekad\u0119 pracowa\u0142 w Polskim Zwi\u0105zku Pi\u0142ki No\u017cnej. By\u0142 rzecznikiem PZPN-u, a tak\u017ce team managerem reprezentacji Polski. Pod koniec grudnia 2023 r. zosta\u0142 dyrektorem TVP Sport.<\/p>\n<p><img class=\"ods-a-photo ods-a-photo--background\" src=\"https:\/\/www.europesays.com\/pl\/wp-content\/uploads\/2026\/08\/Bxlk9lBaHR0cHM6Ly9vY2RuLmV1L3B1bHNjbXMvTURBXy9jZmJiMDhiNzJhMGYzYjc2N2UwMDVmZGQ0ODNlNThiYy5qcGeRkwXNB.jpeg\" height=\"800\" width=\"534\" alt=\"Agata Za\u0142\u0119cka i Jakub Kwiatkowski w 2026 r.\" loading=\"lazy\" fetchpriority=\"auto\" decoding=\"auto\"\/><\/p>\n<p>Piotr Andrzejczak \/ MW Media<\/p>\n<p>Agata Za\u0142\u0119cka i Jakub Kwiatkowski w 2026 r.<\/p>\n","protected":false},"excerpt":{"rendered":"Agata Za\u0142\u0119cka kilka lat temu rozpocz\u0119\u0142a przygod\u0119 z freedivingiem, a dzi\u015b jest jedn\u0105 z najlepszych freediverek w Polsce.&hellip;\n","protected":false},"author":2,"featured_media":635094,"comment_status":"","ping_status":"","sticky":false,"template":"","format":"standard","meta":{"footnotes":"","_share_on_mastodon":"0"},"categories":[24],"tags":[6579,61195,13586,48,42526,129,46,42,38,40,39,41,47,127,126,130],"class_list":["post-635093","post","type-post","status-publish","format-standard","has-post-thumbnail","category-sport","tag-agata_zalecka","tag-bottomfeed_styl","tag-jakub_kwiatkowski","tag-nat_styl","tag-nurkowanie","tag-ofsajd","tag-omp","tag-pl","tag-poland","tag-polish","tag-polska","tag-polski","tag-screening_general","tag-sport","tag-sports","tag-wiadomosci_sportowe"],"share_on_mastodon":{"url":"https:\/\/pubeurope.com\/@pl\/117129000063416597","error":""},"_links":{"self":[{"href":"https:\/\/www.europesays.com\/pl\/wp-json\/wp\/v2\/posts\/635093","targetHints":{"allow":["GET"]}}],"collection":[{"href":"https:\/\/www.europesays.com\/pl\/wp-json\/wp\/v2\/posts"}],"about":[{"href":"https:\/\/www.europesays.com\/pl\/wp-json\/wp\/v2\/types\/post"}],"author":[{"embeddable":true,"href":"https:\/\/www.europesays.com\/pl\/wp-json\/wp\/v2\/users\/2"}],"replies":[{"embeddable":true,"href":"https:\/\/www.europesays.com\/pl\/wp-json\/wp\/v2\/comments?post=635093"}],"version-history":[{"count":0,"href":"https:\/\/www.europesays.com\/pl\/wp-json\/wp\/v2\/posts\/635093\/revisions"}],"wp:featuredmedia":[{"embeddable":true,"href":"https:\/\/www.europesays.com\/pl\/wp-json\/wp\/v2\/media\/635094"}],"wp:attachment":[{"href":"https:\/\/www.europesays.com\/pl\/wp-json\/wp\/v2\/media?parent=635093"}],"wp:term":[{"taxonomy":"category","embeddable":true,"href":"https:\/\/www.europesays.com\/pl\/wp-json\/wp\/v2\/categories?post=635093"},{"taxonomy":"post_tag","embeddable":true,"href":"https:\/\/www.europesays.com\/pl\/wp-json\/wp\/v2\/tags?post=635093"}],"curies":[{"name":"wp","href":"https:\/\/api.w.org\/{rel}","templated":true}]}}