{"id":635237,"date":"2026-08-20T18:40:12","date_gmt":"2026-08-20T18:40:12","guid":{"rendered":"https:\/\/www.europesays.com\/pl\/635237\/"},"modified":"2026-08-20T18:40:12","modified_gmt":"2026-08-20T18:40:12","slug":"lot-na-teneryfe-zakonczony-nieprzyjemna-niespodzianka-pasazerowie-dolecieli-ale-bagaze-zostaly-we-wroclawiu","status":"publish","type":"post","link":"https:\/\/www.europesays.com\/pl\/635237\/","title":{"rendered":"Lot na Teneryf\u0119 zako\u0144czony nieprzyjemn\u0105 niespodziank\u0105. Pasa\u017cerowie dolecieli, ale baga\u017ce zosta\u0142y we Wroc\u0142awiu"},"content":{"rendered":"<p>Samolot odlecia\u0142 bez baga\u017cy<\/p>\n<p>fot. Radio Wroc\u0142aw<\/p>\n<p>Podr\u00f3\u017cni, kt\u00f3rzy wyruszyli z wroc\u0142awskiego lotniska na Teneryf\u0119, dolecieli do celu i otrzymali bardzo nieprzyjemn\u0105 niespodziank\u0119. Ich baga\u017ce zosta\u0142y we Wroc\u0142awiu. Tak\u0105 decyzj\u0119 podj\u0105\u0142 kapitan jednego z lot\u00f3w linii Ryanair.<\/p>\n<p style=\"text-align: justify;\">Nieprzyjemna niespodzianka czeka\u0142a na podr\u00f3\u017cuj\u0105cych z Wroc\u0142awia na wyspy Kanaryjskie. Pasa\u017cerowie odlecieli przed po\u0142udniem na urlop na Teneryfie, ale ich baga\u017ce pozosta\u0142y w Polsce.<\/p>\n<p style=\"text-align: justify;\">Wed\u0142ug informacji przekazanych nam przez lotnisko, decyzj\u0119 o tym, aby pozostawi\u0107 cz\u0119\u015b\u0107 walizek, podj\u0105\u0142 kapitan samolotu linii Ryanair. O sprawie poinformowa\u0142 nas s\u0142uchacz, kt\u00f3rego \u017cona i dziecko s\u0105 po\u015br\u00f3d os\u00f3b, kt\u00f3re zosta\u0142y bez baga\u017cy:<\/p>\n<p style=\"text-align: justify;\">&#8211; Kuriozum. Tam jest dramat na tym lotnisku, bardzo du\u017ce poruszenie by\u0142o tam na Teneryfie. M\u0142odzi ludzie i z dzie\u0107mi ludzie i starsze osoby. Moja \u017cona na przyk\u0142ad p\u0142ynu do soczewek nie ma. Dziecku te\u017c si\u0119 nie wyt\u0142umaczy niekt\u00f3rych rzeczy, \u017ce zabawki zosta\u0142y we Wroc\u0142awiu.<\/p>\n<p>&#13;<br \/>\n\t\t\t\t\t\t\t\t\t\tAby ods\u0142ucha\u0107 za\u0142\u0105czonego d\u017awi\u0119ku zaktualizuj przegl\u0105dark\u0119 lub\/i wtyczk\u0119 Adobe Flash Player.&#13;\n\t\t\t\t\t\t\t\t\t<\/p>\n<p style=\"text-align: justify;\">Wroc\u0142awskie lotnisko przekaza\u0142o, \u017ce pierwsza partia baga\u017cy pozostawionych we Wroc\u0142awiu wyleci jeszcze dzi\u015b do Londynu, gdzie zostan\u0105 przepakowane do innego samolotu lec\u0105cego na Teneryf\u0119. Reszta baga\u017cy z Polski odleci dopiero jutro.<\/p>\n<p style=\"text-align: justify;\">Nie uda\u0142o nam si\u0119 uzyska\u0107 komentarza od linii lotniczej Ryanair.<\/p>\n<p>\u00a0<\/p>\n","protected":false},"excerpt":{"rendered":"Samolot odlecia\u0142 bez baga\u017cy fot. Radio Wroc\u0142aw Podr\u00f3\u017cni, kt\u00f3rzy wyruszyli z wroc\u0142awskiego lotniska na Teneryf\u0119, dolecieli do celu&hellip;\n","protected":false},"author":2,"featured_media":635238,"comment_status":"","ping_status":"","sticky":false,"template":"","format":"standard","meta":{"footnotes":"","_share_on_mastodon":"0"},"categories":[51607],"tags":[46328,124729,124728,10573,34720,124727,58555,10798,42,38,40,39,41,124725,55110,1853,55111,124726,86954],"class_list":["post-635237","post","type-post","status-publish","format-standard","has-post-thumbnail","category-wroclaw","tag-ale","tag-bagaze","tag-dolecieli","tag-lot","tag-na","tag-nieprzyjemna","tag-niespodzianka","tag-pasazerowie","tag-pl","tag-poland","tag-polish","tag-polska","tag-polski","tag-teneryfe","tag-we","tag-wroclaw","tag-wroclawiu","tag-zakonczony","tag-zostaly"],"share_on_mastodon":{"url":"","error":""},"_links":{"self":[{"href":"https:\/\/www.europesays.com\/pl\/wp-json\/wp\/v2\/posts\/635237","targetHints":{"allow":["GET"]}}],"collection":[{"href":"https:\/\/www.europesays.com\/pl\/wp-json\/wp\/v2\/posts"}],"about":[{"href":"https:\/\/www.europesays.com\/pl\/wp-json\/wp\/v2\/types\/post"}],"author":[{"embeddable":true,"href":"https:\/\/www.europesays.com\/pl\/wp-json\/wp\/v2\/users\/2"}],"replies":[{"embeddable":true,"href":"https:\/\/www.europesays.com\/pl\/wp-json\/wp\/v2\/comments?post=635237"}],"version-history":[{"count":0,"href":"https:\/\/www.europesays.com\/pl\/wp-json\/wp\/v2\/posts\/635237\/revisions"}],"wp:featuredmedia":[{"embeddable":true,"href":"https:\/\/www.europesays.com\/pl\/wp-json\/wp\/v2\/media\/635238"}],"wp:attachment":[{"href":"https:\/\/www.europesays.com\/pl\/wp-json\/wp\/v2\/media?parent=635237"}],"wp:term":[{"taxonomy":"category","embeddable":true,"href":"https:\/\/www.europesays.com\/pl\/wp-json\/wp\/v2\/categories?post=635237"},{"taxonomy":"post_tag","embeddable":true,"href":"https:\/\/www.europesays.com\/pl\/wp-json\/wp\/v2\/tags?post=635237"}],"curies":[{"name":"wp","href":"https:\/\/api.w.org\/{rel}","templated":true}]}}