{"id":635251,"date":"2026-08-20T18:47:12","date_gmt":"2026-08-20T18:47:12","guid":{"rendered":"https:\/\/www.europesays.com\/pl\/635251\/"},"modified":"2026-08-20T18:47:12","modified_gmt":"2026-08-20T18:47:12","slug":"janja-lesar-wylozyla-karty-na-stol-w-sprawie-zwiazku-z-katarzyna-zillmann","status":"publish","type":"post","link":"https:\/\/www.europesays.com\/pl\/635251\/","title":{"rendered":"Janja Lesar wy\u0142o\u017cy\u0142a karty na st\u00f3\u0142 w sprawie zwi\u0105zku z Katarzyn\u0105 Zillmann"},"content":{"rendered":"<p>Katarzyna Zillmann w zesz\u0142ym roku robi\u0142a furor\u0119 na parkiecie &#8222;Ta\u0144ca z gwiazdami&#8221;. Wio\u015blarka razem z Janj\u0105 Lesar stworzy\u0142a pierwsz\u0105 kobiec\u0105 par\u0119 w historii polskiego wydania tanecznego show. Ich duet od pocz\u0105tku wzbudza\u0142 ogromne emocje. Mi\u0119dzy paniami iskrzy\u0142o na parkiecie i szybko zrodzi\u0142o si\u0119 mi\u0119dzy nimi uczucie.<\/p>\n<p>Dalszy ci\u0105g artyku\u0142u pod materia\u0142em wideo&#8221;\u017ba\u0142uj\u0119 tego b\u00f3lu, kt\u00f3ry zada\u0142y\u015bmy&#8221;<\/p>\n<p>Jeszcze w trakcie trwania programu Zillmann rozsta\u0142a si\u0119 po kilku latach zwi\u0105zku ze swoj\u0105 partnerk\u0105 Juli\u0105 Walczak. Z kolei Lesar zako\u0144czy\u0142a ponad 20-letni zwi\u0105zek z Krzysztofem Hulbojem.<\/p>\n<p>\u2014 \u017ba\u0142uj\u0119 tego b\u00f3lu, kt\u00f3ry zada\u0142y\u015bmy. Ale takie rzeczy si\u0119 zdarzaj\u0105. Du\u017co ludzi si\u0119 rozstaje. Mo\u017ce nie wszyscy s\u0105 na takim \u015bwieczniku [&#8230;] \u2014 wyzna\u0142a Janja Lesar w rozmowie z Mateuszem H\u0142adkim.<\/p>\n<p>\u2014 Z jednej strony jeste\u015bcie szcz\u0119\u015bliwe, z drugiej strony \u017cyjecie w jakim\u015b poczuciu winy? \u2014 zastanawia\u0142 si\u0119 dziennikarz.<\/p>\n<p>\u2014 Ja troch\u0119 tak. Zacz\u0119\u0142am si\u0119 ostatnio nad tym zastanawia\u0107, \u017ce troch\u0119 mam poczucie winy. I chc\u0119 si\u0119 z tym zacz\u0105\u0107 zmaga\u0107, bo my\u015bl\u0119, \u017ce je\u015bli dalej b\u0119d\u0119 si\u0119 tak czu\u0107 dalej, to nie pozwoli mi to oddycha\u0107 pe\u0142n\u0105 piersi\u0105 \u2014 przyzna\u0142a tancerka.<\/p>\n<p>&#8222;Kochasz Kasi\u0119?&#8221;. Janja Lesar nie zastanawia\u0142a si\u0119 ani chwili<\/p>\n<p>W podca\u015bcie &#8222;M\u00f3wi\u0119 Wam. Extra&#8221; Lesar zasugerowa\u0142a, \u017ce kiedy pojawia si\u0119 silne uczucie, nie warto z niego rezygnowa\u0107. \u2014 Jak to troch\u0119 czujesz i nie wiesz, co to jest, to trzeba temu da\u0107 wi\u0119cej czasu i zobaczy\u0107. Je\u017celi to jest tak silne i wiesz, \u017ce to jest co\u015b, bez czego nie dasz ju\u017c rady i\u015b\u0107 do przodu, to warto sprawdzi\u0107, co to jest \u2014 m\u00f3wi\u0142a.<\/p>\n<p>\u2014 Kochasz Kasi\u0119? \u2014 zapyta\u0142 w pewnym momencie H\u0142adki. \u2014 Kocham \u2014 odpowiedzia\u0142a tancerka. \u2014 Czujesz si\u0119 kochana? \u2014 kontynuowa\u0142. Lesar odpowiedzia\u0142a, \u017ce tak.<\/p>\n<p>Katarzyna Zillmann jest du\u017co m\u0142odsza od partnerki. Janja Lesar o r\u00f3\u017cnicy wieku<\/p>\n<p>Tancerka jest starsza od swojej partnerki o 18 lat. Dziennikarz zastanawia\u0142 si\u0119, czy odczuwaj\u0105 t\u0119 r\u00f3\u017cnic\u0119 wieku. \u2014 Wystarczy spojrze\u0107 w lustro \u2014 za\u015bmia\u0142a si\u0119 Janja. \u2014 Nie [m\u00f3wi\u0119 tego] dla komplement\u00f3w. To czu\u0107. Ona ma tak\u0105 pi\u0119kn\u0105 sk\u00f3r\u0119, napi\u0119t\u0105, \u017cadnych problem\u00f3w. Zazdroszcz\u0119. Ale te\u017c kiedy\u015b by\u0142am m\u0142oda \u2014 wyja\u015bni\u0142a.<\/p>\n<p>Pod wzgl\u0119dem charakter\u00f3w nie czuje jednak problem\u00f3w. \u2014 Super si\u0119 dogadujemy. Nie czuj\u0119 tutaj \u017cadnej przepa\u015bci wiekowej \u2014 m\u00f3wi\u0142a Janja Lesar. \u2014 My\u015bl\u0119, \u017ce jeste\u015bmy zgran\u0105 par\u0105. Wspieramy si\u0119 [&#8230;] \u2014 podkre\u015bla\u0142a.<\/p>\n<p><img class=\"ods-a-photo ods-a-photo--background\" src=\"https:\/\/www.europesays.com\/pl\/wp-content\/uploads\/2026\/08\/dJrk9lBaHR0cHM6Ly9vY2RuLmV1L3B1bHNjbXMvTURBXy9lYTUxNWFjYzQ5NzA1NGQ4ODcwNWY0MTk0YzY0ZWQ4Ni5qcGeRkwXNB.jpeg\" height=\"627\" width=\"940\" alt=\"Katarzyna Zillmann i Janja Lesar\" loading=\"lazy\" fetchpriority=\"auto\" decoding=\"auto\"\/><\/p>\n<p>Ga\u0142\u0105zka \/ AKPA<\/p>\n<p>Katarzyna Zillmann i Janja Lesar<\/p>\n<p>Tancerka wyzna\u0142a te\u017c, co jej si\u0119 podoba\u0142o w Zillmann. \u2014 Wszystko. Jest przepi\u0119kna og\u00f3lnie. Jest mi\u0119kka, ale i twarda, kiedy trzeba, czyli silna. [&#8230;] Lubi\u0119 jej emocjonalno\u015b\u0107. Charakter to czasami mi si\u0119 wydaje, \u017ce mo\u017cna by by\u0142o troch\u0119 ponaprawia\u0107. Przytemperowa\u0107 \u2014 m\u00f3wi\u0142a.<\/p>\n<p>Lesar wr\u00f3ci\u0142a te\u017c wspomnieniami do czasu &#8222;TzG&#8221;. Okazuje si\u0119, \u017ce bardzo szybko poczu\u0142a co\u015b do Zillmann. \u2014 Bardzo szybko mi si\u0119 spodoba\u0142a. [&#8230;] Lubi\u0142am to, jak si\u0119 przy niej czuj\u0119. My\u015bl\u0119, \u017ce to jest oznaka zakochania, bo zakochujesz si\u0119 w sobie przy niej. W ko\u0144cu si\u0119 zakocha\u0142am w sobie \u2014 opowiada\u0142a.<\/p>\n<p>Zillmann pozna\u0142a rodzic\u00f3w Lesar. &#8222;Zbudowa\u0142a si\u0119 fajna relacja&#8221;<\/p>\n<p>Katarzyna Zillmann mia\u0142a ju\u017c okazj\u0119 pozna\u0107 rodzic\u00f3w ukochanej, kt\u00f3rzy mieszkaj\u0105 w S\u0142owenii. \u2014 To by\u0142o du\u017ce wydarzenie w moim \u017cyciu, \u017ce moi rodzice mogli pozna\u0107 Kasi\u0119, osob\u0119, przez kt\u00f3r\u0105 zmieni\u0142am ca\u0142e swoje \u017cycie. To by\u0142 wspania\u0142y czas. Kasia super si\u0119 porozumia\u0142a z moj\u0105 mam\u0105, kt\u00f3ra wyra\u017ca mi\u0142o\u015b\u0107 przez gotowanie [&#8230;]. Mama by\u0142a w kuchni kr\u00f3low\u0105, a Kasia ta\u0144czy\u0142a do jej muzyki. Zbudowa\u0142a si\u0119 fajna, ciep\u0142a relacja. Komukolwiek nie przedstawiam Kasi, wszyscy s\u0105 ni\u0105 [&#8230;] zachwyceni \u2014 wyzna\u0142a Janja Lesar. Wspomnia\u0142a, \u017ce te\u017c pozna\u0142a rodzic\u00f3w partnerki i widzia\u0142a si\u0119 z nimi ju\u017c kilka razy.<\/p>\n<p><img class=\"ods-a-photo ods-a-photo--background\" src=\"https:\/\/www.europesays.com\/pl\/wp-content\/uploads\/2026\/08\/ug0k9lBaHR0cHM6Ly9vY2RuLmV1L3B1bHNjbXMvTURBXy8wYjllOWM2NjQzN2MzNjcxY2ZiNGY2NmU4MzA1NzE0My5qcGeRkwXNB.jpeg\" height=\"900\" width=\"600\" alt=\"Janja Lesar, Katarzyna Zillmann\" loading=\"lazy\" fetchpriority=\"auto\" decoding=\"auto\"\/><\/p>\n<p>AKPA\/Kurnikowski \/ AKPA<\/p>\n<p>Janja Lesar, Katarzyna Zillmann<\/p>\n","protected":false},"excerpt":{"rendered":"Katarzyna Zillmann w zesz\u0142ym roku robi\u0142a furor\u0119 na parkiecie &#8222;Ta\u0144ca z gwiazdami&#8221;. Wio\u015blarka razem z Janj\u0105 Lesar stworzy\u0142a&hellip;\n","protected":false},"author":2,"featured_media":635252,"comment_status":"","ping_status":"","sticky":false,"template":"","format":"standard","meta":{"footnotes":"","_share_on_mastodon":"0"},"categories":[22],"tags":[61195,122,3765,3561,48,129,46,42,38,40,39,41,123,47,1884,130],"class_list":["post-635251","post","type-post","status-publish","format-standard","has-post-thumbnail","category-rozrywka","tag-bottomfeed_styl","tag-entertainment","tag-janja_lesar","tag-katarzyna_zillmann","tag-nat_styl","tag-ofsajd","tag-omp","tag-pl","tag-poland","tag-polish","tag-polska","tag-polski","tag-rozrywka","tag-screening_general","tag-taniec_z_gwiazdami","tag-wiadomosci_sportowe"],"share_on_mastodon":{"url":"https:\/\/pubeurope.com\/@pl\/117129331335859239","error":""},"_links":{"self":[{"href":"https:\/\/www.europesays.com\/pl\/wp-json\/wp\/v2\/posts\/635251","targetHints":{"allow":["GET"]}}],"collection":[{"href":"https:\/\/www.europesays.com\/pl\/wp-json\/wp\/v2\/posts"}],"about":[{"href":"https:\/\/www.europesays.com\/pl\/wp-json\/wp\/v2\/types\/post"}],"author":[{"embeddable":true,"href":"https:\/\/www.europesays.com\/pl\/wp-json\/wp\/v2\/users\/2"}],"replies":[{"embeddable":true,"href":"https:\/\/www.europesays.com\/pl\/wp-json\/wp\/v2\/comments?post=635251"}],"version-history":[{"count":0,"href":"https:\/\/www.europesays.com\/pl\/wp-json\/wp\/v2\/posts\/635251\/revisions"}],"wp:featuredmedia":[{"embeddable":true,"href":"https:\/\/www.europesays.com\/pl\/wp-json\/wp\/v2\/media\/635252"}],"wp:attachment":[{"href":"https:\/\/www.europesays.com\/pl\/wp-json\/wp\/v2\/media?parent=635251"}],"wp:term":[{"taxonomy":"category","embeddable":true,"href":"https:\/\/www.europesays.com\/pl\/wp-json\/wp\/v2\/categories?post=635251"},{"taxonomy":"post_tag","embeddable":true,"href":"https:\/\/www.europesays.com\/pl\/wp-json\/wp\/v2\/tags?post=635251"}],"curies":[{"name":"wp","href":"https:\/\/api.w.org\/{rel}","templated":true}]}}