{"id":635385,"date":"2026-08-20T20:04:26","date_gmt":"2026-08-20T20:04:26","guid":{"rendered":"https:\/\/www.europesays.com\/pl\/635385\/"},"modified":"2026-08-20T20:04:26","modified_gmt":"2026-08-20T20:04:26","slug":"na-jeziorze-solinskim-tonela-lodz-a-cztery-osoby-byly-w-wodzie-swiadkowie-ruszyli-na-pomoc-wbieszczady","status":"publish","type":"post","link":"https:\/\/www.europesays.com\/pl\/635385\/","title":{"rendered":"Na Jeziorze Soli\u0144skim ton\u0119\u0142a \u0142\u00f3d\u017a, a cztery osoby by\u0142y w wodzie. \u015awiadkowie ruszyli na pomoc &#8211; wBieszczady"},"content":{"rendered":"<p><img decoding=\"async\" data-not-lazy=\"\" alt=\"Na Jeziorze Soli\u0144skim ton\u0119\u0142a \u0142\u00f3d\u017a, a cztery osoby by\u0142y w wodzie. \u015awiadkowie ruszyli na pomoc - Zdj\u0119cie g\u0142\u00f3wne\" style=\"object-fit:cover;object-position:center;position:absolute;left:0;top:0;width:100%;height:100%;\" src=\"https:\/\/www.europesays.com\/pl\/wp-content\/uploads\/2026\/08\/5e9f893f-f3ed-4286-8c5f-a2dbf8b0f64a.webp\"\/><\/p>\n<p>Autor: Facebook\/Bieszczadzkie WOPR | Opis: Akcja ratunkowa na Jeziorze Soli\u0144skim<\/p>\n<p>Wypoczynkowy i rekreacyjny charakter akwen\u00f3w wodnych nieod\u0142\u0105cznie wi\u0105\u017ce si\u0119 z nieprzewidywalnymi wyzwaniami w zakresie bezpiecze\u0144stwa. W sytuacjach kryzysowych powstaj\u0105cych na wodzie o zdrowiu i \u017cyciu poszkodowanych decyduj\u0105 cz\u0119sto minuty, a kluczowy okazuje si\u0119 nie tylko czas reakcji, ale tak\u017ce umiej\u0119tno\u015b\u0107 w\u0142a\u015bciwej oceny w\u0142asnych mo\u017cliwo\u015bci.<\/p>\n<p>15 sierpnia 2026 roku na <a href=\"https:\/\/wbieszczady.pl\/jezioro-solinskie-i-okolice\/jezioro-solinskie-w-pigulce-historia-charakterystyka-zbiornika-turystyka-i-rekreacja-zdjecia\/X47PuONWHvoXak05xk9V\" target=\"_blank\" rel=\"dofollow noopener\">Jeziorze Soli\u0144skim<\/a>, w rejonie miejscowo\u015bci Chrewt, dosz\u0142o do zdarzenia, kt\u00f3re mog\u0142o zako\u0144czy\u0107 si\u0119 nieszcz\u0119\u015bciem, niemal ca\u0142kowicie zaton\u0119\u0142a \u0142\u00f3d\u017a, na pok\u0142adzie kt\u00f3rej znajdowa\u0142y si\u0119 cztery osoby. W obliczu szybko rozwijaj\u0105cego si\u0119 zagro\u017cenia kluczowa okaza\u0142a si\u0119 postawa os\u00f3b przebywaj\u0105cych w pobli\u017cu, kt\u00f3re natychmiast podj\u0119\u0142y dzia\u0142ania ratunkowe.<\/p>\n<p>Pierwsza reakcja i podj\u0119ta akcja ratunkowa<\/p>\n<p>Zanim na miejsce zdarzenia zdo\u0142a\u0142y dop\u0142yn\u0105\u0107 profesjonalne jednostki ratownicze jako pierwsi bezpo\u015bredni\u0105 i zdecydowan\u0105 akcj\u0119 ratunkow\u0105 podj\u0119li \u015bwiadkowie. Dostrzeg\u0142szy niepokoj\u0105c\u0105 sytuacj\u0119 z rejonu Olchowca, na ratunek ton\u0105cym ruszyli pan Pawe\u0142, pan Rafa\u0142 oraz jeszcze jeden m\u0119\u017cczyzna, kt\u00f3ry w tym czasie p\u0142ywa\u0142 na desce typu SUP.<\/p>\n<p>Osoby te, widz\u0105c krytyczny stan jednostki i znajduj\u0105cych si\u0119 w wodzie ludzi, podj\u0119\u0142y natychmiastow\u0105 decyzj\u0119 o skierowaniu si\u0119 w stron\u0119 ton\u0105cej \u0142odzi. Co istotne z punktu widzenia zasad ratownictwa, m\u0119\u017cczy\u017ani przed przyst\u0105pieniem do akcji dokonali oceny skali istniej\u0105cego zagro\u017cenia oraz w\u0142asnych umiej\u0119tno\u015bci i mo\u017cliwo\u015bci. Priorytetem w tego typu sytuacjach pozostaje bowiem bezwzgl\u0119dne dbanie o bezpiecze\u0144stwo w\u0142asne, bowiem podstawowa zasada ratownictwa g\u0142osi, \u017ce ratownik musi w pierwszej kolejno\u015bci zadba\u0107 o to, by sam nie sta\u0142 si\u0119 kolejn\u0105 osob\u0105 poszkodowan\u0105.<\/p>\n<p>M\u0119\u017cczy\u017ani ocenili, \u017ce s\u0105 w stanie bezpiecznie i skutecznie przeprowadzi\u0107 akcje na wodzie. Po dop\u0142yni\u0119ciu do podtopionej \u0142odzi sprawnie przyst\u0105pili do dzia\u0142a\u0144 ratunkowych. Na swoj\u0105 \u0142\u00f3d\u017a wci\u0105gn\u0119li pierwsz\u0105 z poszkodowanych kobiet, a pozosta\u0142ym trzem osobom przebywaj\u0105cym w wodzie przekazali i pomogli za\u0142o\u017cy\u0107 kapoki, zabezpieczaj\u0105c je przed utoni\u0119ciem do czasu przybycia wykwalifikowanych formacji.<\/p>\n<p>Ja, m\u00f3j kolega i jeszcze jeden ch\u0142opak, kt\u00f3ry p\u0142ywa\u0142 na SUP-ie \u2013 to my z Olchowca, widz\u0105c t\u0119 sytuacj\u0119, ruszyli\u015bmy na ratunek i to my wyci\u0105gn\u0119li\u015bmy pierwsz\u0105 pani\u0105 na nasz\u0105 \u0142\u00f3dk\u0119 i za\u0142o\u017cyli\u015bmy kapoki reszcie. To my s\u0142u\u017cbom przekazali\u015bmy tych ludzi. Zrobili\u015bmy, co by\u0142o trzeba. Mimo \u017ce mn\u00f3stwo ludzi p\u0142yn\u0119\u0142o obok i nikt si\u0119 nie zainteresowa\u0142, chodzi o to, by zwr\u00f3ci\u0107 uwag\u0119 na wra\u017cliwo\u015b\u0107 ludzi. Jak WOPR przyp\u0142yn\u0105\u0142, to ludzie byli ju\u017c zabezpieczeni i w naszych kapokach. Chodzi o to, \u017ceby inni nie bali si\u0119 udziela\u0107 pomocy innym<\/p>\n<p>\u2013 powiedzia\u0142 nam pan Pawe\u0142.<\/p>\n<p>Przekazanie poszkodowanych i dzia\u0142ania s\u0142u\u017cb<\/p>\n<p>Powiadomione o wypadku s\u0142u\u017cby ratownicze przyby\u0142y na miejsce zdarzenia i sprawnie przej\u0119\u0142y od \u015bwiadk\u00f3w zabezpieczonych ju\u017c i zaopatrzonych w kapoki poszkodowanych. Wykwalifikowani ratownicy podj\u0119li dalsze, przewidziane procedurami czynno\u015bci medyczne oraz zabezpieczyli rejon podtopionej jednostki p\u0142ywaj\u0105cej.<\/p>\n<p style=\"text-align: center;\"><img decoding=\"async\" loading=\"lazy\" src=\"https:\/\/static.korso.pl\/attachments\/9d095615-946f-4f28-99a0-eaba99112db4\" alt=\"\" width=\"100%\" height=\"842\"\/>Fot. Facebook\/Bieszczadzkie WOPR<\/p>\n<p>S\u0142u\u017cby bior\u0105ce udzia\u0142 w akcji w pe\u0142ni profesjonalnie i nale\u017cycie wykona\u0142y swoje obowi\u0105zki s\u0142u\u017cbowe, dbaj\u0105c o stan zdrowia i bezpiecze\u0144stwo ewakuowanych z wody os\u00f3b. Gdy ratownicy WOPR dotarli na miejsce, zastali sytuacj\u0119 wst\u0119pnie opanowan\u0105 przez \u015bwiadk\u00f3w, co pozwoli\u0142o na sprawne doko\u0144czenie procedur.<\/p>\n<p>To w\u0142a\u015bnie dzi\u0119ki zdecydowanej i natychmiastowej reakcji pana Paw\u0142a, pana Rafa\u0142a oraz towarzysz\u0105cego im m\u0119\u017cczyzny ca\u0142a ta niebezpieczna sytuacja zako\u0144czy\u0142a si\u0119 szcz\u0119\u015bliwie. Gdyby nie ich zimna krew, sprawne dzia\u0142anie i brak oboj\u0119tno\u015bci w kluczowych pierwszych minutach zdarzenia, konsekwencje podtopienia \u0142odzi mog\u0142yby by\u0107 znacznie gorzej. Ich bezinteresowna postawa, wykazana w ch\u0142odno ocenionym, ale wymagaj\u0105cym odwadze momencie, zas\u0142uguje na najwy\u017csze uznanie \u2013 w pe\u0142ni uzasadnione jest nazwanie bohaterami.<\/p>\n<p>Brak oboj\u0119tno\u015bci a zasady bezpiecznego ratownictwa<\/p>\n<p>Opisana sytuacja znad Jeziora Soli\u0144skiego stanowi bezstronny i warto\u015bciowy przyk\u0142ad do analizy postaw spo\u0142ecznych oraz odpowiedzialno\u015bci za drugiego cz\u0142owieka w sytuacjach bezpo\u015bredniego zagro\u017cenia zdrowia lub \u017cycia. Nadrz\u0119dn\u0105 warto\u015bci\u0105 w spo\u0142ecze\u0144stwie pozostaje zasada, by nigdy nie przechodzi\u0107 oboj\u0119tnie obok osoby potrzebuj\u0105cej wsparcia. Zignorowanie niebezpiecze\u0144stwa lub zaniechanie reakcji w obliczu kryzysu ogranicza szanse poszkodowanych na szybkie uzyskanie pomocy.<\/p>\n<p>Jednocze\u015bnie podr\u0119cznikowe zasady udzielania pierwszej pomocy jednoznacznie akcentuj\u0105, \u017ce do ka\u017cdego aktu ratunkowego nale\u017cy podchodzi\u0107 z ch\u0142odn\u0105 g\u0142ow\u0105. W\u0142a\u015bciwa ocena ryzyka, opanowanie emocjonalne oraz dob\u00f3r \u015brodk\u00f3w adekwatnych do panuj\u0105cych warunk\u00f3w s\u0105 warunkiem koniecznym powodzenia ka\u017cdej akcji. Postawa pana Paw\u0142a, pana Rafa\u0142a oraz towarzysz\u0105cego im m\u0119\u017cczyzny dowodzi, \u017ce po\u0142\u0105czenie obywatelskiej wra\u017cliwo\u015bci na krzywd\u0119 drugiego cz\u0142owieka z racjonalnym szacowaniem w\u0142asnych si\u0142 przynosi najlepsze rezultaty.<\/p>\n<p><img decoding=\"async\" data-not-lazy=\"\" alt=\"Kamil Mielnikiewicz - zdj\u0119cie autora\" class=\"rounded-circle article__author--image\" src=\"https:\/\/www.europesays.com\/pl\/wp-content\/uploads\/2026\/08\/a0993170-0ccf-4cf1-80d3-fcf9459a4392.jpeg\"\/><a href=\"https:\/\/wbieszczady.pl\/autor\/XUeH9j5uvigRMQ2II0kt\" rel=\"nofollow noopener\" target=\"_blank\">Kamil Mielnikiewicz<\/a><\/p>\n<p>Optymista, kt\u00f3ry zawsze widzi wyj\u015bcie z ka\u017cdej sytuacji. W portalu wBieszczady jestem od 2020 roku. Pisz\u0119 o turystyce, historii oraz sprawach bie\u017c\u0105cych. Mieszkam w Bieszczadach, kt\u00f3re uznaj\u0119 za najpi\u0119kniejsze miejsce na \u015bwiecie. Dziennikarstwo, to nie tylko m\u00f3j zaw\u00f3d &#8211; to przede wszystkim pasja. Kontakt: redakcja@wbieszczady.pl<\/p>\n","protected":false},"excerpt":{"rendered":"Autor: Facebook\/Bieszczadzkie WOPR | Opis: Akcja ratunkowa na Jeziorze Soli\u0144skim Wypoczynkowy i rekreacyjny charakter akwen\u00f3w wodnych nieod\u0142\u0105cznie wi\u0105\u017ce&hellip;\n","protected":false},"author":2,"featured_media":635386,"comment_status":"","ping_status":"","sticky":false,"template":"","format":"standard","meta":{"footnotes":"","_share_on_mastodon":"0"},"categories":[51608],"tags":[124737,3652,42,38,40,39,41,7623],"class_list":["post-635385","post","type-post","status-publish","format-standard","has-post-thumbnail","category-lodz","tag-jezioro-solinskie","tag-lodz","tag-pl","tag-poland","tag-polish","tag-polska","tag-polski","tag-pomoc"],"share_on_mastodon":{"url":"https:\/\/pubeurope.com\/@pl\/117129634158424516","error":""},"_links":{"self":[{"href":"https:\/\/www.europesays.com\/pl\/wp-json\/wp\/v2\/posts\/635385","targetHints":{"allow":["GET"]}}],"collection":[{"href":"https:\/\/www.europesays.com\/pl\/wp-json\/wp\/v2\/posts"}],"about":[{"href":"https:\/\/www.europesays.com\/pl\/wp-json\/wp\/v2\/types\/post"}],"author":[{"embeddable":true,"href":"https:\/\/www.europesays.com\/pl\/wp-json\/wp\/v2\/users\/2"}],"replies":[{"embeddable":true,"href":"https:\/\/www.europesays.com\/pl\/wp-json\/wp\/v2\/comments?post=635385"}],"version-history":[{"count":0,"href":"https:\/\/www.europesays.com\/pl\/wp-json\/wp\/v2\/posts\/635385\/revisions"}],"wp:featuredmedia":[{"embeddable":true,"href":"https:\/\/www.europesays.com\/pl\/wp-json\/wp\/v2\/media\/635386"}],"wp:attachment":[{"href":"https:\/\/www.europesays.com\/pl\/wp-json\/wp\/v2\/media?parent=635385"}],"wp:term":[{"taxonomy":"category","embeddable":true,"href":"https:\/\/www.europesays.com\/pl\/wp-json\/wp\/v2\/categories?post=635385"},{"taxonomy":"post_tag","embeddable":true,"href":"https:\/\/www.europesays.com\/pl\/wp-json\/wp\/v2\/tags?post=635385"}],"curies":[{"name":"wp","href":"https:\/\/api.w.org\/{rel}","templated":true}]}}