{"id":635507,"date":"2026-08-20T21:23:08","date_gmt":"2026-08-20T21:23:08","guid":{"rendered":"https:\/\/www.europesays.com\/pl\/635507\/"},"modified":"2026-08-20T21:23:08","modified_gmt":"2026-08-20T21:23:08","slug":"szlapka-prezydentem-rzadzi-braun-z-kamratami-i-antyszepionkowcami","status":"publish","type":"post","link":"https:\/\/www.europesays.com\/pl\/635507\/","title":{"rendered":"Sz\u0142apka: Prezydentem rz\u0105dzi Braun z kamratami i antyszepionkowcami"},"content":{"rendered":"\n<p>&#13;<br \/>\nPrezydent Karol Nawrocki w\u00a0trybie prewencyjnym odes\u0142a\u0142 do\u00a0Trybuna\u0142u Konstytucyjnego ustaw\u0119 potocznie nazywan\u0105 &#8222;Lex szarlatan&#8221;. Prezydent tradycyjnie przedstawi\u0142 swoj\u0105 argumentacj\u0119 na\u00a0nagraniu opublikowanym w\u00a0mediach spo\u0142eczno\u015bciowych. Nadmieni\u0142, \u017ce\u00a0pa\u0144stwo musi chroni\u0107 obywateli przed oszustami, ale\u00a0musi zarazem opiera\u0107 swoje dzia\u0142ania na\u00a0poszanowaniu Konstytucji, wolno\u015bci obywateli i\u00a0swobody dzia\u0142alno\u015bci gospodarczej.  &#13;\n<\/p>\n<p>&#13;<br \/>\nNawrocki powiedzia\u0142, \u017ce\u00a0ustawa w\u00a0proponowanym kszta\u0142cie sprawia, \u017ce\u00a0do\u00a0jednej grupy zostan\u0105 zakwalifikowani osoby realnie zagra\u017caj\u0105ce zdrowiu oraz\u00a0tysi\u0105ce polskich firm i\u00a0os\u00f3b, zajmuj\u0105cych si\u0119 zielarstwem, zdrowym od\u017cywianiem czy\u00a0medycyn\u0105 komplementarn\u0105. Prezydent zwr\u00f3ci\u0142 uwag\u0119, \u017ce\u00a0konstrukcja przed\u0142o\u017conych przez rz\u0105d przepis\u00f3w sprawia, \u017ce\u00a0wielotysi\u0119cznymi karami mo\u017ce zosta\u0107 ob\u0142o\u017cony zar\u00f3wno kto\u015b, kto sprzedaje zio\u0142a czy\u00a0suplementy, jak i\u00a0realny szarlatan, zniech\u0119caj\u0105cy do\u00a0leczenia medycyn\u0105 opartej na\u00a0rzetelnej wiedzy naukowej. &#13;\n<\/p>\n<p>Sz\u0142apka: Maski opad\u0142y <\/p>\n<p>&#13;<br \/>\n<a href=\"https:\/\/dorzeczy.pl\/opinie\/931444\/rzecznik-praw-pacjenta-wyraza-gleboki-smutek-po-decyzji-prezydenta-ws-lex-szarlatan.html\" title=\"Rzecznik Praw Pacjenta wyra\u017ca \u201eg\u0142\u0119boki smutek\u201d po\u00a0decyzji prezydenta\" rel=\"nofollow noopener\" target=\"_blank\">Ruch prezydenta<\/a> spotka\u0142 si\u0119 z\u00a0krytyk\u0105 obozu rz\u0105dowego. \u2013\u00a0To, co\u00a0powiedzia\u0142 prezydent i\u00a0jego ludzie te\u017c, powiedzmy sobie szczerze, to\u00a0jest kompletna bzdura. Po\u00a0pierwsze, powiedzmy sobie uczciwie, to, co\u00a0prezydent zrobi\u0142, jest zablokowaniem tej ustawy \u2013\u00a0powiedzia\u0142 rzecznik rz\u0105du Adam Sz\u0142apka w\u00a0&#8222;Faktach po\u00a0Faktach&#8221; TVN24. &#13;\n<\/p>\n<p>&#13;<br \/>\n\u2013 To\u00a0jest decyzja, kt\u00f3ra pokazuje, \u017ce\u00a0maski opad\u0142y. Czyli dzisiaj de facto prezydentem rz\u0105dzi Braun z\u00a0tymi kamratami, r\u00f3\u017cnej ma\u015bci antyszczepionkowcami, albo Mejza przekr\u0119ciarz medyczny, bo\u00a0to jest ustawa, kt\u00f3ra mia\u0142a w\u0142a\u015bnie uchroni\u0107 Polak\u00f3w przed lud\u017ami, kt\u00f3rzy wy\u0142udzaj\u0105, kt\u00f3rzy oszukuj\u0105, kt\u00f3rzy szkodz\u0105, kt\u00f3rzy mog\u0105 te\u017c po\u00a0prostu szkodzi\u0107 zdrowiu Polak\u00f3w \u2013\u00a0kontynuowa\u0142. &#13;\n<\/p>\n<p>&#13;<br \/>\n\u2013 To\u00a0jest kompletna bzdura, \u017ce\u00a0to\u00a0dotyczy zielarzy \u2013\u00a0doda\u0142, odnosz\u0105c si\u0119 do\u00a0zapis\u00f3w noweli. &#13;<\/p>\n","protected":false},"excerpt":{"rendered":"&#13; Prezydent Karol Nawrocki w\u00a0trybie prewencyjnym odes\u0142a\u0142 do\u00a0Trybuna\u0142u Konstytucyjnego ustaw\u0119 potocznie nazywan\u0105 &#8222;Lex szarlatan&#8221;. Prezydent tradycyjnie przedstawi\u0142 swoj\u0105&hellip;\n","protected":false},"author":2,"featured_media":635508,"comment_status":"","ping_status":"","sticky":false,"template":"","format":"standard","meta":{"footnotes":"","_share_on_mastodon":"0"},"categories":[62712],"tags":[18048,98,690,49,89,104979,1315,102,2171,8232,124751],"class_list":["post-635507","post","type-post","status-publish","format-standard","has-post-thumbnail","category-karol-nawrocki","tag-braun","tag-dorzeczy","tag-karol-nawrocki","tag-kraj","tag-lekarze","tag-lex-szarlatan","tag-nawrocki","tag-opinie","tag-szlapka","tag-trybunal-konstytucyjny","tag-zielarze"],"share_on_mastodon":{"url":"","error":""},"_links":{"self":[{"href":"https:\/\/www.europesays.com\/pl\/wp-json\/wp\/v2\/posts\/635507","targetHints":{"allow":["GET"]}}],"collection":[{"href":"https:\/\/www.europesays.com\/pl\/wp-json\/wp\/v2\/posts"}],"about":[{"href":"https:\/\/www.europesays.com\/pl\/wp-json\/wp\/v2\/types\/post"}],"author":[{"embeddable":true,"href":"https:\/\/www.europesays.com\/pl\/wp-json\/wp\/v2\/users\/2"}],"replies":[{"embeddable":true,"href":"https:\/\/www.europesays.com\/pl\/wp-json\/wp\/v2\/comments?post=635507"}],"version-history":[{"count":0,"href":"https:\/\/www.europesays.com\/pl\/wp-json\/wp\/v2\/posts\/635507\/revisions"}],"wp:featuredmedia":[{"embeddable":true,"href":"https:\/\/www.europesays.com\/pl\/wp-json\/wp\/v2\/media\/635508"}],"wp:attachment":[{"href":"https:\/\/www.europesays.com\/pl\/wp-json\/wp\/v2\/media?parent=635507"}],"wp:term":[{"taxonomy":"category","embeddable":true,"href":"https:\/\/www.europesays.com\/pl\/wp-json\/wp\/v2\/categories?post=635507"},{"taxonomy":"post_tag","embeddable":true,"href":"https:\/\/www.europesays.com\/pl\/wp-json\/wp\/v2\/tags?post=635507"}],"curies":[{"name":"wp","href":"https:\/\/api.w.org\/{rel}","templated":true}]}}