{"id":635549,"date":"2026-08-20T21:48:11","date_gmt":"2026-08-20T21:48:11","guid":{"rendered":"https:\/\/www.europesays.com\/pl\/635549\/"},"modified":"2026-08-20T21:48:11","modified_gmt":"2026-08-20T21:48:11","slug":"ambasador-izraela-wezwany-do-msz-krytyczna-ocena-dotychczasowych-dzialan-wiadomosci-onet","status":"publish","type":"post","link":"https:\/\/www.europesays.com\/pl\/635549\/","title":{"rendered":"Ambasador Izraela wezwany do MSZ. &quot;Krytyczna ocena dotychczasowych dzia\u0142a\u0144&quot; &#8211; Wiadomo\u015bci Onet"},"content":{"rendered":"<ol>\n<li><a href=\"https:\/\/news.google.com\/rss\/articles\/CBMigwFBVV95cUxOLTRkWWZ6aDFlNDJGQjFWaDJmb0N1d2VMY1Z1R192eEt2WDR2SWRtQmdzSDZKd0tkX0U4OGVfc0M5eG5kX2xNbURQWGJELTVGazhOLWtaVHdDSzU1Z2pLbjJWeTVaVHN1TVVIZWN0ZDNLM1BLd3lGbHkxT2dudFBvdnc4Zw?oc=5\" target=\"_blank\" rel=\"nofollow noopener\">Ambasador Izraela wezwany do MSZ. &#8222;Krytyczna ocena dotychczasowych dzia\u0142a\u0144&#8221;<\/a>&nbsp;&nbsp;Wiadomo\u015bci Onet<\/li>\n<li><a href=\"https:\/\/news.google.com\/rss\/articles\/CBMiwAFBVV95cUxQNko3cGotSHZfN3pSWEk0S1JRNXNpUzVQSVpFQTNVSEdsckZlbVRsMzRuaGQ3bTZrelhkcEVVZmJSaGhmWVF4Z0JaQzJNN29SQXlFVlhDa3BLU1Roc212Z0lpeUdzTEZQNGQzS1ZQQjV4dHppZlVqZnhUVThpLXRyd3BsSGZZczJSRTQ5NWJPaGpGSlpNa2xpUW40N0VuOU95a3dnQllMMzNwMjVMeVdBekRsVFVjMHRpSlVlTE9JVGg?oc=5\" target=\"_blank\" rel=\"nofollow noopener\">Izraelskie wojsko po 2,5 roku przyzna\u0142o si\u0119 do zabicia Hind Rajab. Rusza post\u0119powanie karne<\/a>&nbsp;&nbsp;Gazeta<\/li>\n<li><a href=\"https:\/\/news.google.com\/rss\/articles\/CBMiowFBVV95cUxNbE1WTVM4X1J2a0hKMVBoVUZCRVBTc1J2WjZYWFFDbGZwOTZMaTdic1drcEp2ZmVwZUF5dDJxc0VHanBOVVBZbHEwUEp0YTBKUkpqVGVHd0ZySUpOSklPZHNrNnhQYVluMkhETjdraW52RnM1R1ViVFFQWkdHQUJWOHBBQmRmUXNsa0N6N293SXNRaHNXa3hwN2Y5QUdORU1RdHJv?oc=5\" target=\"_blank\" rel=\"nofollow noopener\">Australia oburzona decyzj\u0105 Izraela w sprawie \u015bmierci wolontariuszy. Co zrobi polski rz\u0105d?<\/a>&nbsp;&nbsp;Wyborcza.pl<\/li>\n<li><a href=\"https:\/\/news.google.com\/rss\/articles\/CBMiqwFBVV95cUxPVzlNdTVNcXRlcUNab3FTYlFqTzd5WmZpdkw5SEp4X1F4cHRTd1lNazd1dHM1Q3JPc052czBOREpIYndxTzBGWGNoR0tacjg3bjNUdFRRSjF2M0F1QnhTT0JnY1d6ODQ3Nm54NlJYZjVObkY2UkpBcUcxaXVLYkRwd1RSS0xMNG1LQkoyc05iMVNwZWQtU1FUdlVicDRYbGQ4MGg2LXV5TTRqVmM?oc=5\" target=\"_blank\" rel=\"nofollow noopener\">Ambasador Izraela wezwany do MSZ. Jest komunikat. &#8222;Du\u017ce rozczarowanie&#8221;<\/a>&nbsp;&nbsp;Fakt<\/li>\n<li><a href=\"https:\/\/news.google.com\/rss\/articles\/CBMi3gFBVV95cUxQM0pfMlNuUE5VRW5MU2prYVFjQ0xsUjlKRnJxZDZNeEJhYnFwdGc5UVQ2cEp0eEtUWEpDRzBxWTFpQzRqWUh0YXB5OFdUSlNQbGRyWGh1cEpKQ1VUa1JBYjk1endGSzk3S1hqZ0Q1RmtmN2l1M2RXQ2pQRVYzdjA1MGQ3THFZVzJGakNxNTZ1ZTJ6MnFQX2ZDbDB0dmppcjExemR4d3pXM25jSzVqemVEZ2hFUWM1QkJ6U1BMcHJNc3JDOHRHaUJWeW1wVU1Db0xiVjE0TGNiYTRfM2Vnc3c?oc=5\" target=\"_blank\" rel=\"nofollow noopener\">Wojsko Izraela wszczyna post\u0119powania karne wobec swoich \u017co\u0142nierzy<\/a>&nbsp;&nbsp;TVN24<\/li>\n<\/ol>\n","protected":false},"excerpt":{"rendered":"Ambasador Izraela wezwany do MSZ. &#8222;Krytyczna ocena dotychczasowych dzia\u0142a\u0144&#8221;&nbsp;&nbsp;Wiadomo\u015bci Onet Izraelskie wojsko po 2,5 roku przyzna\u0142o si\u0119 do&hellip;\n","protected":false},"author":2,"featured_media":635550,"comment_status":"","ping_status":"","sticky":false,"template":"","format":"standard","meta":{"footnotes":"","_share_on_mastodon":"0"},"categories":[14],"tags":[61195,32,33,124777,1898,27,91,49,34,35,1162,28,31,48,25,46,40,41,1118,47,88,80,29,30,26,82,83,84],"class_list":["post-635549","post","type-post","status-publish","format-standard","has-post-thumbnail","category-swiat","tag-bottomfeed_styl","tag-breaking-news","tag-breakingnews","tag-damian_sobol","tag-dyplomacja","tag-headlines","tag-izrael","tag-kraj","tag-latest-news","tag-latestnews","tag-msz","tag-naglowki","tag-najwazniejsze-artykuly","tag-nat_styl","tag-news","tag-omp","tag-polish","tag-polski","tag-radoslaw_sikorski","tag-screening_general","tag-strefa_gazy","tag-swiat","tag-top-stories","tag-topstories","tag-wiadomosci","tag-world","tag-world-news","tag-worldnews"],"share_on_mastodon":{"url":"https:\/\/pubeurope.com\/@pl\/117130042369715541","error":""},"_links":{"self":[{"href":"https:\/\/www.europesays.com\/pl\/wp-json\/wp\/v2\/posts\/635549","targetHints":{"allow":["GET"]}}],"collection":[{"href":"https:\/\/www.europesays.com\/pl\/wp-json\/wp\/v2\/posts"}],"about":[{"href":"https:\/\/www.europesays.com\/pl\/wp-json\/wp\/v2\/types\/post"}],"author":[{"embeddable":true,"href":"https:\/\/www.europesays.com\/pl\/wp-json\/wp\/v2\/users\/2"}],"replies":[{"embeddable":true,"href":"https:\/\/www.europesays.com\/pl\/wp-json\/wp\/v2\/comments?post=635549"}],"version-history":[{"count":0,"href":"https:\/\/www.europesays.com\/pl\/wp-json\/wp\/v2\/posts\/635549\/revisions"}],"wp:featuredmedia":[{"embeddable":true,"href":"https:\/\/www.europesays.com\/pl\/wp-json\/wp\/v2\/media\/635550"}],"wp:attachment":[{"href":"https:\/\/www.europesays.com\/pl\/wp-json\/wp\/v2\/media?parent=635549"}],"wp:term":[{"taxonomy":"category","embeddable":true,"href":"https:\/\/www.europesays.com\/pl\/wp-json\/wp\/v2\/categories?post=635549"},{"taxonomy":"post_tag","embeddable":true,"href":"https:\/\/www.europesays.com\/pl\/wp-json\/wp\/v2\/tags?post=635549"}],"curies":[{"name":"wp","href":"https:\/\/api.w.org\/{rel}","templated":true}]}}