{"id":635791,"date":"2026-08-21T00:24:09","date_gmt":"2026-08-21T00:24:09","guid":{"rendered":"https:\/\/www.europesays.com\/pl\/635791\/"},"modified":"2026-08-21T00:24:09","modified_gmt":"2026-08-21T00:24:09","slug":"rozlegla-siec-wywrotowa-usa-nakladaja-kolejne-sankcje-na-kube","status":"publish","type":"post","link":"https:\/\/www.europesays.com\/pl\/635791\/","title":{"rendered":"&#8222;Rozleg\u0142a sie\u0107 wywrotowa&#8221;. USA nak\u0142adaj\u0105 kolejne sankcje na Kub\u0119"},"content":{"rendered":"<p>&#8222;Kuba\u0144ski re\u017cim od dawna wspiera rozleg\u0142\u0105 sie\u0107 wywrotow\u0105 w USA, kt\u00f3ra ma identyfikowa\u0107, formowa\u0107 i radykalizowa\u0107 dywersant\u00f3w&#8221; \u2014 informuje w komunikacie Departament Stanu. Podkre\u015blono, \u017ce ta siatka dzia\u0142a pod pozorem pracy edukacyjnej lub wymiany kulturalnej, a jej celem jest &#8222;eksport marksizmu, resentyment\u00f3w na tle rasowym i komunistycznej przemocy na ca\u0142y \u015bwiat&#8221;.<\/p>\n<p>Dalszy ci\u0105g artyku\u0142u pod materia\u0142em wideo<\/p>\n<p>O takie dzia\u0142ania oskar\u017cono Kuba\u0144ski Instytut Przyja\u017ani Narod\u00f3w (ICAP), a sankcjami indywidualnymi obj\u0119to trzy osoby z kierownictwa tej organizacji, w tym prezesa Fernando Gonzaleza Llorta.<\/p>\n<p>Sankcje na\u0142o\u017cono te\u017c na dziewi\u0119\u0107 instytucji, kt\u00f3rym zarzucono &#8222;utrzymywanie aparatu represji re\u017cimu poprzez kontrolowanie kluczowych sektor\u00f3w gospodarki&#8221;. Opr\u00f3cz ministerstwa budownictwa na li\u015bcie znalaz\u0142y si\u0119 przedsi\u0119biorstwa g\u00f3rnicze i metalurgiczne.<\/p>\n<p>Kryzys energetyczny na Kubie<\/p>\n<p>To kolejne ameryka\u0144skie sankcje na\u0142o\u017cone na Kub\u0119. W styczniu USA wprowadzi\u0142y faktyczn\u0105 blokad\u0119 dostaw ropy naftowej na wysp\u0119, co wzmocni\u0142o kryzys energetyczny. Ok. 10 mln mieszka\u0144c\u00f3w kraju musz\u0105 mierzy\u0107 si\u0119 z ograniczeniami, w tym przerwami, w dostawach pr\u0105du.<\/p>\n<p>Donald Trump wci\u0105\u017c ma oko na Kub\u0119. Administracja wykona\u0142a alarmuj\u0105cy krok<img class=\"ods-a-photo ods-a-photo--background\" src=\"https:\/\/www.europesays.com\/pl\/wp-content\/uploads\/2026\/08\/70xk9lBaHR0cHM6Ly9vY2RuLmV1L3B1bHNjbXMvTURBXy83NmQ5N2UyMTNkOWRmNjA4ZjJmMmJjNTNiODVjMjJmNS5qcGeRlQLNA.jpeg\" height=\"300\" width=\"450\" alt=\"Hawana, Kuba\" loading=\"lazy\" fetchpriority=\"low\" decoding=\"async\"\/><\/p>\n<p>Prezydent USA Donald Trump uwa\u017ca, \u017ce rz\u0105dzona przez parti\u0119 komunistyczn\u0105 Kuba, po\u0142o\u017cona 150 km od wybrze\u017ca Florydy, stanowi &#8222;nadzwyczajne zagro\u017cenie&#8221; dla bezpiecze\u0144stwa narodowego Stan\u00f3w Zjednoczonych. Wielokrotnie ostrzega\u0142, \u017ce mo\u017ce &#8222;przej\u0105\u0107 nad ni\u0105 kontrol\u0119&#8221;.<\/p>\n","protected":false},"excerpt":{"rendered":"&#8222;Kuba\u0144ski re\u017cim od dawna wspiera rozleg\u0142\u0105 sie\u0107 wywrotow\u0105 w USA, kt\u00f3ra ma identyfikowa\u0107, formowa\u0107 i radykalizowa\u0107 dywersant\u00f3w&#8221; \u2014&hellip;\n","protected":false},"author":2,"featured_media":635792,"comment_status":"","ping_status":"","sticky":false,"template":"","format":"standard","meta":{"footnotes":"","_share_on_mastodon":"0"},"categories":[14],"tags":[61195,32,33,27,1543,34,35,5190,28,31,48,25,46,55,40,41,2337,47,80,29,30,71,26,82,83,84],"class_list":["post-635791","post","type-post","status-publish","format-standard","has-post-thumbnail","category-swiat","tag-bottomfeed_styl","tag-breaking-news","tag-breakingnews","tag-headlines","tag-kuba","tag-latest-news","tag-latestnews","tag-marco_rubio","tag-naglowki","tag-najwazniejsze-artykuly","tag-nat_styl","tag-news","tag-omp","tag-phx","tag-polish","tag-polski","tag-sankcje","tag-screening_general","tag-swiat","tag-top-stories","tag-topstories","tag-usa","tag-wiadomosci","tag-world","tag-world-news","tag-worldnews"],"share_on_mastodon":{"url":"https:\/\/pubeurope.com\/@pl\/117130656476332949","error":""},"_links":{"self":[{"href":"https:\/\/www.europesays.com\/pl\/wp-json\/wp\/v2\/posts\/635791","targetHints":{"allow":["GET"]}}],"collection":[{"href":"https:\/\/www.europesays.com\/pl\/wp-json\/wp\/v2\/posts"}],"about":[{"href":"https:\/\/www.europesays.com\/pl\/wp-json\/wp\/v2\/types\/post"}],"author":[{"embeddable":true,"href":"https:\/\/www.europesays.com\/pl\/wp-json\/wp\/v2\/users\/2"}],"replies":[{"embeddable":true,"href":"https:\/\/www.europesays.com\/pl\/wp-json\/wp\/v2\/comments?post=635791"}],"version-history":[{"count":0,"href":"https:\/\/www.europesays.com\/pl\/wp-json\/wp\/v2\/posts\/635791\/revisions"}],"wp:featuredmedia":[{"embeddable":true,"href":"https:\/\/www.europesays.com\/pl\/wp-json\/wp\/v2\/media\/635792"}],"wp:attachment":[{"href":"https:\/\/www.europesays.com\/pl\/wp-json\/wp\/v2\/media?parent=635791"}],"wp:term":[{"taxonomy":"category","embeddable":true,"href":"https:\/\/www.europesays.com\/pl\/wp-json\/wp\/v2\/categories?post=635791"},{"taxonomy":"post_tag","embeddable":true,"href":"https:\/\/www.europesays.com\/pl\/wp-json\/wp\/v2\/tags?post=635791"}],"curies":[{"name":"wp","href":"https:\/\/api.w.org\/{rel}","templated":true}]}}