{"id":635823,"date":"2026-08-21T00:47:41","date_gmt":"2026-08-21T00:47:41","guid":{"rendered":"https:\/\/www.europesays.com\/pl\/635823\/"},"modified":"2026-08-21T00:47:41","modified_gmt":"2026-08-21T00:47:41","slug":"to-bedzie-bardzo-powazne-zalamanie-pogody-na-silnych-burzach-sie-nie-skonczy","status":"publish","type":"post","link":"https:\/\/www.europesays.com\/pl\/635823\/","title":{"rendered":"To b\u0119dzie bardzo powa\u017cne za\u0142amanie pogody. Na silnych burzach si\u0119 nie sko\u0144czy"},"content":{"rendered":"<p>Poranek przyniesie deszcz i <a href=\"https:\/\/wiadomosci.onet.pl\/burze\" id=\"c29f4890-fefe-4971-a934-c14096a3cc80\" rel=\"nofollow noopener\" target=\"_blank\">burze<\/a>, ale stopniowo s\u0142abn\u0105ce, gdzieniegdzie na wschodzie i po\u0142udniu. Im dalej w g\u0142\u0105b kraju, tym cz\u0119\u015bciej ma si\u0119 rozpogadza\u0107, a temperatura, zw\u0142aszcza na Podkarpaciu, b\u0119dzie wysoka i mo\u017ce oscylowa\u0107 w pobli\u017cu 20 st. C.Policzyli\u015bmy, kt\u00f3re miasta najgorzej znosz\u0105 upa\u0142y. Sprawd\u017a nasz ranking<img class=\"ods-a-photo ods-a-photo--background\" src=\"https:\/\/www.europesays.com\/pl\/wp-content\/uploads\/2026\/08\/1787273258_902_PMkk9lBaHR0cHM6Ly9vY2RuLmV1L3B1bHNjbXMvTURBXy9iYTBhZWM2NzBiOTI0NDA0N2U0NDJjMTg2MmUzMDQwYS5wbmeRlQLNA.jpeg\" height=\"199\" width=\"450\" alt=\"Indeks podatno\u015bci na upa\u0142y\" loading=\"lazy\" fetchpriority=\"low\" decoding=\"async\"\/>Ulewne deszcze i gwa\u0142towne burze przejd\u0105 nad Polsk\u0105. Najgorzej b\u0119dzie w nocy z pi\u0105tku na sobot\u0119<\/p>\n<p>Dalsza cz\u0119\u015b\u0107 dnia dynamicznie zapowiada si\u0119 na wschodzie i po\u0142udniu, ale tak\u017ce cz\u0119\u015bciowo w centrum i nad morzem. Okresami zbierze si\u0119 tam wi\u0119cej chmur, z kt\u00f3rych przelotnie popada deszcz i przejd\u0105 burze. Zjawiska mog\u0105 mie\u0107 czasami nieco gwa\u0142towniejszy przebieg, z intensywnymi opadami, gradem oraz porywami wiatru do 80 km na godz. Inne regiony mog\u0105 liczy\u0107 na stabilne popo\u0142udnie, z wieloma chwilami ze s\u0142o\u0144cem.<\/p>\n<p><img class=\"ods-a-photo ods-a-photo--background\" src=\"https:\/\/www.europesays.com\/pl\/wp-content\/uploads\/2026\/08\/U9_k9lBaHR0cHM6Ly9vY2RuLmV1L3B1bHNjbXMvTURBXy9jN2U4ZWQ0MWU4NGYyYmI0ODI4N2ZiZmVmOTdhY2QyNS5wbmeRkwXNB.jpeg\" height=\"1155\" width=\"940\" alt=\"Pi\u0105tek miejscami b\u0119dzie gor\u0105cy, ale pojawi\u0105 si\u0119 burze i opady deszczu\" loading=\"lazy\" fetchpriority=\"auto\" decoding=\"auto\"\/><\/p>\n<p>Arkadiusz P\u0142achta \/ Onet<\/p>\n<p>Pi\u0105tek miejscami b\u0119dzie gor\u0105cy, ale pojawi\u0105 si\u0119 burze i opady deszczu<\/p>\n<p>Noc z pi\u0105tku na sobot\u0119 przyniesie jednak du\u017ce za\u0142amanie <a href=\"https:\/\/wiadomosci.onet.pl\/pogoda\" id=\"98e96a95-8343-4ece-b10e-a99fb133a69c\" rel=\"nofollow noopener\" target=\"_blank\">pogody<\/a>, a znad Czech w kierunku p\u00f3\u0142nocno-wschodnim zacznie przemieszcza\u0107 si\u0119 nast\u0119pna fala bardzo intensywnych opad\u00f3w deszczu, kt\u00f3rym na wschodzie, po\u0142udniu i w centrum mog\u0105 te\u017c towarzyszy\u0107 burze. Najs\u0142abiej popada na Podkarpaciu, wschodzie Ma\u0142opolski, Pomorzu Zachodnim i cz\u0119\u015bciowo ziemi lubuskiej, a najmocniej od \u015al\u0105ska po p\u00f3\u0142nocny wsch\u00f3d. W ci\u0105gu kilkunastu godzin spadnie tam do 30-40 mm deszczu, punktowo a\u017c 50-60 mm, co oznacza ryzyko podtopie\u0144.<img class=\"ods-a-photo ods-a-photo--background\" src=\"https:\/\/www.europesays.com\/pl\/wp-content\/uploads\/2026\/08\/dHdk9lBaHR0cHM6Ly9vY2RuLmV1L3B1bHNjbXMvTURBXy81ZTViOWUwOGYyNGQzYzdhYzhmYWMwZjk5Y2I3Y2YwYy5wbmeRkwXNB.jpeg\" height=\"760\" width=\"760\" alt=\"Najwi\u0119ksze opady kolejnej doby wyst\u0105pi\u0105 w pasie od po\u0142udniowego zachodu po p\u00f3\u0142nocny wsch\u00f3d\" loading=\"lazy\" fetchpriority=\"auto\" decoding=\"auto\"\/><\/p>\n<p>meteologix.com<\/p>\n<p>Najwi\u0119ksze opady kolejnej doby wyst\u0105pi\u0105 w pasie od po\u0142udniowego zachodu po p\u00f3\u0142nocny wsch\u00f3d<\/p>\n<p>Pi\u0105tek zapowiada si\u0119 jeszcze bardzo ciep\u0142o, z temperatur\u0105 maksymaln\u0105 od 24 do 28 st. C, przy czym najcieplej b\u0119dzie na Podkarpaciu. Ni\u017csze warto\u015bci prognozujemy tylko nad morzem i na \u015brodkowym wschodzie, gdzie odnotujemy ok. 22 st. C. Natomiast noc przyniesie przewa\u017cnie 13-16 st. C, jedynie na Podkarpaciu i Lubelszczy\u017anie 17-19 st. C.<\/p>\n<p>Dalszy ci\u0105g artyku\u0142u pod materia\u0142em wideo<\/p>\n<p>Wiatr wia\u0107 ma s\u0142abo i umiarkowanie, w nocy okresami mocniej, z kierunk\u00f3w zr\u00f3\u017cnicowanych. W ci\u0105gu dnia odczujemy najcz\u0119\u015bciej ciep\u0142o, ale blisko\u015b\u0107 front\u00f3w i pojawiaj\u0105ce si\u0119 burze spowoduj\u0105, \u017ce warunki biometeorologiczne nie b\u0119d\u0105 zbyt dobre.<\/p>\n","protected":false},"excerpt":{"rendered":"Poranek przyniesie deszcz i burze, ale stopniowo s\u0142abn\u0105ce, gdzieniegdzie na wschodzie i po\u0142udniu. Im dalej w g\u0142\u0105b kraju,&hellip;\n","protected":false},"author":2,"featured_media":635824,"comment_status":"","ping_status":"","sticky":false,"template":"","format":"standard","meta":{"footnotes":"","_share_on_mastodon":"0"},"categories":[12],"tags":[61195,14276,169,48,46,42,78,38,40,39,41,47,8011],"class_list":["post-635823","post","type-post","status-publish","format-standard","has-post-thumbnail","category-polska","tag-bottomfeed_styl","tag-burze","tag-deszcz","tag-nat_styl","tag-omp","tag-pl","tag-pogoda","tag-poland","tag-polish","tag-polska","tag-polski","tag-screening_general","tag-ulewy"],"share_on_mastodon":{"url":"https:\/\/pubeurope.com\/@pl\/117130746786776364","error":""},"_links":{"self":[{"href":"https:\/\/www.europesays.com\/pl\/wp-json\/wp\/v2\/posts\/635823","targetHints":{"allow":["GET"]}}],"collection":[{"href":"https:\/\/www.europesays.com\/pl\/wp-json\/wp\/v2\/posts"}],"about":[{"href":"https:\/\/www.europesays.com\/pl\/wp-json\/wp\/v2\/types\/post"}],"author":[{"embeddable":true,"href":"https:\/\/www.europesays.com\/pl\/wp-json\/wp\/v2\/users\/2"}],"replies":[{"embeddable":true,"href":"https:\/\/www.europesays.com\/pl\/wp-json\/wp\/v2\/comments?post=635823"}],"version-history":[{"count":0,"href":"https:\/\/www.europesays.com\/pl\/wp-json\/wp\/v2\/posts\/635823\/revisions"}],"wp:featuredmedia":[{"embeddable":true,"href":"https:\/\/www.europesays.com\/pl\/wp-json\/wp\/v2\/media\/635824"}],"wp:attachment":[{"href":"https:\/\/www.europesays.com\/pl\/wp-json\/wp\/v2\/media?parent=635823"}],"wp:term":[{"taxonomy":"category","embeddable":true,"href":"https:\/\/www.europesays.com\/pl\/wp-json\/wp\/v2\/categories?post=635823"},{"taxonomy":"post_tag","embeddable":true,"href":"https:\/\/www.europesays.com\/pl\/wp-json\/wp\/v2\/tags?post=635823"}],"curies":[{"name":"wp","href":"https:\/\/api.w.org\/{rel}","templated":true}]}}