{"id":635843,"date":"2026-08-21T00:59:15","date_gmt":"2026-08-21T00:59:15","guid":{"rendered":"https:\/\/www.europesays.com\/pl\/635843\/"},"modified":"2026-08-21T00:59:15","modified_gmt":"2026-08-21T00:59:15","slug":"pis-zawiadomi-prokurature-chodzi-o-raport-pelnomocniczki-rzadu","status":"publish","type":"post","link":"https:\/\/www.europesays.com\/pl\/635843\/","title":{"rendered":"PiS zawiadomi prokuratur\u0119. Chodzi o raport pe\u0142nomocniczki rz\u0105du"},"content":{"rendered":"<p>Kontrowersje wok\u00f3\u0142 publikacji dotycz\u0105 opracowania zatytu\u0142owanego <a href=\"https:\/\/www.onet.pl\/kultura\/onetkultura\/kontrowersje-wokol-raportu-o-polsce-pelnomocniczka-rzadu-bije-sie-w-piersi\/m7hypxp,681c1dfa\" id=\"00b15ca0-efd2-47ef-813c-ef7974977102\" rel=\"nofollow noopener\" target=\"_blank\">&#8222;Polak\u00f3w portret w\u0142asny. Raport z bada\u0144 DNA marki Polska&#8221; <\/a>z 2025 r., kt\u00f3rego autork\u0105 jest Barbara Mr\u00f3z-Gorgo\u0144 \u2014 obecna pe\u0142nomocniczka rz\u0105du do spraw promocji marki Polski. W czwartek dokument wywo\u0142a\u0142 krytyk\u0119 ze wzgl\u0119du na liczne b\u0142\u0119dy oraz podejrzenie szerokiego wykorzystania sztucznej inteligencji przy jego tworzeniu. Sama <a href=\"https:\/\/kultura.onet.pl\/wiadomosci\/kontrowersje-wokol-raportu-o-polsce-pelnomocniczka-rzadu-bije-sie-w-piersi\/m7hypxp\" id=\"658409b7-bdab-4e3b-a7aa-e22cc98dd555\" rel=\"nofollow noopener\" target=\"_blank\">autorka wyja\u015bnia\u0142a, \u017ce materia\u0142 mia\u0142 charakter wewn\u0119trzny<\/a> i s\u0142u\u017cy\u0142 pracom think tanku, dodaj\u0105c, \u017ce nie powinien znale\u017a\u0107 si\u0119 w internecie.Dalszy ci\u0105g artyku\u0142u pod materia\u0142em wideoZapowied\u017a B\u0142aszczaka<\/p>\n<p>Wieczorem w czwartek Mariusz B\u0142aszczak, kieruj\u0105cy klubem parlamentarnym Prawa i Sprawiedliwo\u015bci, zabra\u0142 g\u0142os w tej sprawie na platformie X. Polityk zarzuci\u0142 premierowi wyb\u00f3r osoby, kt\u00f3ra jego zdaniem nie powinna reprezentowa\u0107 kraju w obszarze promocji marki narodowej. Zapowiedzia\u0142 r\u00f3wnie\u017c konkretne kroki prawne wobec autorki opracowania.<\/p>\n<p>&#8222;Do promocji marki Polska, (premier Donald) Tusk wysy\u0142a osob\u0119, kt\u00f3ra wygenerowa\u0142a pe\u0142en b\u0142\u0119d\u00f3w raport w AI i bez skrupu\u0142\u00f3w zainkasowa\u0142a 200 tys. z\u0142 od (ministra Jakuba) Rutnickiego z MSiT. Barbara Mr\u00f3z-Gorgo\u0144 powinna zosta\u0107 b\u0142yskawicznie zdymisjonowana. Prawo i Sprawiedliwo\u015b\u0107 z\u0142o\u017cy zawiadomienie do CBA i prokuratury o zbadanie tej sprawy&#8221; \u2014 napisa\u0142 szef klubu PiS.<\/p>\n<p>&#8222;Swoj\u0105 drog\u0105, kto doradza\u0142 Tuskowi wyb\u00f3r Mr\u00f3z-Gorgo\u0144 do promocji marki Polska? (Kanclerz Niemiec Friedrich) Merz? Chc\u0105c skompromitowa\u0107 Polsk\u0119, m\u00f3g\u0142 jeszcze dorzuci\u0107 (Dorot\u0119) Wysock\u0105-Schnepf i Jacka Mura\u0144skiego&#8221; \u2014 doda\u0142 polityk PiS.<\/p>\n<p>Reakcja na zarzutyDo zarzut\u00f3w odnios\u0142a si\u0119 sama pe\u0142nomocniczka, publikuj\u0105c o\u015bwiadczenie w serwisie X. &#8222;Przedstawiony raport nie by\u0142 cz\u0119\u015bci\u0105 zam\u00f3wienia ani umowy z Ministerstwem Sportu i Turystyki&#8221; \u2014 napisa\u0142a autorka raportu. &#8222;Praca badawcza zosta\u0142a przeprowadzona zgodnie z zasadami nauk spo\u0142ecznych, rzetelnie i merytorycznie, w oparciu o opisan\u0105 metodologi\u0119&#8221; \u2014 <a href=\"https:\/\/wiadomosci.onet.pl\/kraj\/burza-po-publikacji-raportu-o-polakach-wiceminister-reaguje\/sdk9yb0\" id=\"3a5680e4-3ce9-425c-8688-64ba2f424c53\" rel=\"nofollow noopener\" target=\"_blank\">zapewni\u0142a Mr\u00f3z-Gorgo\u0144. W rozmowie w Polsat News przyzna\u0142a jednak, \u017ce do powstania raportu faktycznie u\u017cyto sztucznej inteligencji.<\/a>Jak prywatny detektyw handlowa\u0142 ta\u015bmami polityk\u00f3w. Od Jana Kulczyka chcia\u0142 ogromnej kwoty<img class=\"ods-a-photo ods-a-photo--background\" src=\"https:\/\/www.europesays.com\/pl\/wp-content\/uploads\/2026\/08\/1787273955_58_xMYk9lBaHR0cHM6Ly9vY2RuLmV1L3B1bHNjbXMvTURBXy81NTRkMTNlMjQwMzQ5MDM0N2M4NjBlNmNkY2FiOWZlYi5wbmeRlQLNA.jpeg\" height=\"253\" width=\"450\" alt=\"Sklejka zdj\u0119\u0107 - Krzysztof Szaruga, Sowa i Przyjaciele, Marek Falenta\" loading=\"lazy\" fetchpriority=\"low\" decoding=\"async\"\/><\/p>\n","protected":false},"excerpt":{"rendered":"Kontrowersje wok\u00f3\u0142 publikacji dotycz\u0105 opracowania zatytu\u0142owanego &#8222;Polak\u00f3w portret w\u0142asny. Raport z bada\u0144 DNA marki Polska&#8221; z 2025 r.,&hellip;\n","protected":false},"author":2,"featured_media":635844,"comment_status":"","ping_status":"","sticky":false,"template":"","format":"standard","meta":{"footnotes":"","_share_on_mastodon":"0"},"categories":[5],"tags":[61195,32,33,359,36,37,27,49,34,35,2205,28,31,48,25,46,529,42,38,40,39,41,1627,47,29,30,26],"class_list":["post-635843","post","type-post","status-publish","format-standard","has-post-thumbnail","category-naglowki","tag-bottomfeed_styl","tag-breaking-news","tag-breakingnews","tag-cba","tag-featured-news","tag-featurednews","tag-headlines","tag-kraj","tag-latest-news","tag-latestnews","tag-mariusz_blaszczak","tag-naglowki","tag-najwazniejsze-artykuly","tag-nat_styl","tag-news","tag-omp","tag-pis","tag-pl","tag-poland","tag-polish","tag-polska","tag-polski","tag-prokuratura","tag-screening_general","tag-top-stories","tag-topstories","tag-wiadomosci"],"share_on_mastodon":{"url":"https:\/\/pubeurope.com\/@pl\/117130793911566640","error":""},"_links":{"self":[{"href":"https:\/\/www.europesays.com\/pl\/wp-json\/wp\/v2\/posts\/635843","targetHints":{"allow":["GET"]}}],"collection":[{"href":"https:\/\/www.europesays.com\/pl\/wp-json\/wp\/v2\/posts"}],"about":[{"href":"https:\/\/www.europesays.com\/pl\/wp-json\/wp\/v2\/types\/post"}],"author":[{"embeddable":true,"href":"https:\/\/www.europesays.com\/pl\/wp-json\/wp\/v2\/users\/2"}],"replies":[{"embeddable":true,"href":"https:\/\/www.europesays.com\/pl\/wp-json\/wp\/v2\/comments?post=635843"}],"version-history":[{"count":0,"href":"https:\/\/www.europesays.com\/pl\/wp-json\/wp\/v2\/posts\/635843\/revisions"}],"wp:featuredmedia":[{"embeddable":true,"href":"https:\/\/www.europesays.com\/pl\/wp-json\/wp\/v2\/media\/635844"}],"wp:attachment":[{"href":"https:\/\/www.europesays.com\/pl\/wp-json\/wp\/v2\/media?parent=635843"}],"wp:term":[{"taxonomy":"category","embeddable":true,"href":"https:\/\/www.europesays.com\/pl\/wp-json\/wp\/v2\/categories?post=635843"},{"taxonomy":"post_tag","embeddable":true,"href":"https:\/\/www.europesays.com\/pl\/wp-json\/wp\/v2\/tags?post=635843"}],"curies":[{"name":"wp","href":"https:\/\/api.w.org\/{rel}","templated":true}]}}