{"id":635981,"date":"2026-08-21T02:33:21","date_gmt":"2026-08-21T02:33:21","guid":{"rendered":"https:\/\/www.europesays.com\/pl\/635981\/"},"modified":"2026-08-21T02:33:21","modified_gmt":"2026-08-21T02:33:21","slug":"wybory-prezydenckie-w-krakowie-donald-tusk-wsparl-monike-piatkowska-mowil-m-in-o-metrze-wprost","status":"publish","type":"post","link":"https:\/\/www.europesays.com\/pl\/635981\/","title":{"rendered":"Wybory prezydenckie w Krakowie. Donald Tusk wspar\u0142 Monik\u0119 Pi\u0105tkowsk\u0105. M\u00f3wi\u0142 m.in. o metrze \u2013 Wprost"},"content":{"rendered":"\n<p>&#13;<br \/>\nDonald Tusk pojawi\u0142 si\u0119 w\u00a0<a href=\"https:\/\/biznes.wprost.pl\/gospodarka\/12399831\/warszawa-ma-roczna-przerwe-w-budowie-metra-w-krakowie-budowa-metra-jest-jednak-nierealna.html\" title=\"Budowa metra stan\u0119\u0142a. I\u00a0w\u00a0Warszawie, i\u00a0w\u00a0Krakowie\" rel=\"nofollow noopener\" target=\"_blank\">Krakowie<\/a>. \u2013\u00a0Ja tu jestem ze\u00a0wzgl\u0119du na\u00a0pani\u0105 senator Monik\u0119 Pi\u0105tkowsk\u0105, kt\u00f3ra podj\u0119\u0142a to\u00a0wielkie wyzwanie kandydowania na\u00a0wyborach prezydenckich \u2013\u00a0powiedzia\u0142 na\u00a0wst\u0119pie lider KO. Tusk usprawiedliwia\u0142 si\u0119, \u017ce\u00a0obieca\u0142 senator odwiedziny, ale\u00a0na\u00a0przeszkodzie stan\u0119\u0142y jego obowi\u0105zki jako premiera. Przewodnicz\u0105cy Koalicji Obywatelskiej poruszy\u0142 m.in. temat op\u0142aty turystycznej. &#13;\n<\/p>\n<p>&#13;<br \/>\nTusk przypomnia\u0142, \u017ce\u00a0kiedy poprzednio by\u0142 premierem w\u00a0Krakowie w\u00a02014\u00a0r. odby\u0142o si\u0119 referendum ws. budowy metra, kt\u00f3re przynios\u0142o \u201edu\u017co emocji\u201d. Lider KO doda\u0142, \u017ce\u00a0\u201ewerdykt by\u0142 jednoznaczny\u201d. \u2013\u00a0Temat od\u00a0czasu do\u00a0czasu pojawia si\u0119 jako niespe\u0142nione marzenie, wyzwanie, pytanie o\u00a0pieni\u0105dze. Ja przyjecha\u0142em tutaj, \u017ceby potwierdzi\u0107 co\u015b, o\u00a0czym pa\u0144stwo wiecie z\u00a0ca\u0142\u0105 pewno\u015bci\u0105, ale\u00a0Monika Pi\u0105tkowska powiedzia\u0142a, \u017ce\u00a0bez tego komunikatu ja nie\u00a0mam si\u0119 co\u00a0w\u00a0Krakowie pokazywa\u0107 \u2013\u00a0m\u00f3wi\u0142. &#13;\n<\/p>\n<p>Wybory prezydenckie w\u00a0Krakowie. Donald Tusk wspar\u0142 Monik\u0119 Pi\u0105tkowsk\u0105. M\u00f3wi\u0142 m.in. o\u00a0metrze<\/p>\n<p>&#13;<br \/>\n\u2013 Chc\u0119 powiedzie\u0107 i\u00a0potwierdzi\u0107, Ministerstwo Infrastruktury przygotowa\u0142o wiele miesi\u0119cy temu warty 10 miliard\u00f3w euro program finansuj\u0105cy projekty metro w\u00a0polskich miastach. U\u017cywam liczby mnogiej, bo\u00a0ten program, w\u00a0zwi\u0105zku tak\u017ce ze\u00a0\u015brodkami europejskimi, jest zaprojektowany jako program krajowy. Ale\u00a0zar\u00f3wno w\u00a0intencji ministra infrastruktury, jak mojej, Krak\u00f3w jest zdecydowanie na\u00a0pierwszym miejscu \u2013\u00a0zapewni\u0142 Tusk. &#13;\n<\/p>\n<p>&#13;<br \/>\nPrzewodnicz\u0105cy Koalicji Obywatelskiej \u201enie wykluczy\u0142, \u017ce\u00a0by\u0107 mo\u017ce w\u00a0innych miastach w\u00a0og\u00f3le nie\u00a0pojawi si\u0119 idea metra, bo\u00a0to nie\u00a0jest taki prosty projekt\u201d. \u2013\u00a0Krak\u00f3w ma\u00a0t\u0119\u00a0potrzeb\u0119 jednoznacznie i\u00a0te pieni\u0105dze znajd\u0105 si\u0119 wtedy, kiedy ka\u017cdy wykona swoj\u0105 cz\u0119\u015b\u0107 roboty. Jak wiecie, zacz\u0105\u0107 finansowa\u0107 projekt metra to\u00a0b\u0119dzie mo\u017cliwe, kiedy b\u0119d\u0105 te\u00a0wszystkie zgody, g\u0142\u00f3wnie \u015brodowiskowe, wszystkie ustalenia dotycz\u0105ce geologii, czyli przygotowanie rzeczywistego placu budowy \u2013\u00a0wyja\u015bnia\u0142 Tusk. &#13;\n<\/p>\n<p>Premier wr\u00f3ci\u0142 do\u00a0referendum z\u00a02014\u00a0r. \u201eMiejcie \u015bwiadomo\u015b\u0107\u201d<\/p>\n<p>&#13;<br \/>\nLider KO zaznaczy\u0142, \u017ce\u00a0metro w\u00a0tym mie\u015bcie jest wa\u017cne. \u2013\u00a0Ja szanuj\u0119 ten wynik referendum, ale\u00a0jeszcze raz chc\u0119 te\u017c wyra\u017anie podkre\u015bli\u0107: miejcie w\u00a0Krakowie \u015bwiadomo\u015b\u0107, \u017ce\u00a0ze\u00a0strony rz\u0105du, i\u00a0czy ja b\u0119d\u0119 dalej premierem, czy\u00a0nie, bez znaczenia, bo\u00a0nie wyobra\u017cam sobie, \u017ceby kolejni premierzy czy\u00a0rz\u0105dy przerwa\u0142y ten projekt \u2013\u00a0podkre\u015bli\u0142 Tusk. Przewodnicz\u0105cy Koalicji Obywatelskiej przypomnia\u0142, \u017ce\u00a0budowa metra wi\u0105\u017ce si\u0119 z\u00a0uci\u0105\u017cliwo\u015bciami, dlatego upewni\u0142 si\u0119 u\u00a0Pi\u0105tkowskiej, czy\u00a0miasto tego chce. &#13;\n<\/p>\n<p>&#13;<br \/>\nTusk zadeklarowa\u0142, \u017ce\u00a0\u201erz\u0105d jest na\u00a0to\u00a0gotowy\u201d. \u2013\u00a0To\u00a0nie b\u0119dzie finansowane z\u00a0pieni\u0119dzy podatnik\u00f3w z\u00a0ca\u0142ego kraju, nie\u00a0chodzi o\u00a0bud\u017cet centralny, tylko o\u00a0taki monta\u017c finansowy, kt\u00f3ry nie\u00a0b\u0119dzie budzi\u0142 negatywnych te\u017c emocji w\u00a0innych miastach, ale\u00a0b\u0119dzie skutecznie realizowa\u0142 t\u0119\u00a0finansow\u0105 stron\u0119 tego przedsi\u0119wzi\u0119cia \u2013\u00a0podsumowa\u0142. Lider KO zako\u0144czy\u0142, \u017ce\u00a0\u201epotrzeba w\u00a0Krakowie na\u00a0miejscu w\u0142adz, kt\u00f3re szybko i\u00a0dobrze przygotuj\u0105 ten projekt\u201d. &#13;\n<\/p>\n<p>&#13;<br \/>\n   Czytaj te\u017c:<br \/><a href=\"https:\/\/www.wprost.pl\/polityka\/12408636\/przedterminowe-wybory-w-krakowie-piatkowska-jednak-nie-pod-szyldem-ko-psl.html\" rel=\"follow nofollow noopener\" data-schema=\"WPROST\" data-image=\"https:\/\/img.wprost.pl\/_thumb\/9f\/d8\/069ed5110b1deexxd53dbbbf6463.jpeg\" target=\"_blank\">Zmiana przed wyborami w\u00a0Krakowie. Kandydatka Tuska ma\u00a0w\u0142asny komitet<\/a>   Czytaj te\u017c:<br \/><a href=\"https:\/\/www.wprost.pl\/kraj\/12407586\/lukasz-gibala-wystartuje-w-wyborach-na-prezydenta-krakowa-to-jego-czwarte-podejscie.html\" rel=\"follow nofollow noopener\" data-schema=\"WPROST\" data-image=\"https:\/\/img.wprost.pl\/_thumb\/97\/d1\/337e5946836f2f20b8ba187c47ae.jpeg\" target=\"_blank\">Bez niego nie\u00a0by\u0142oby referendum w\u00a0Krakowie. Giba\u0142a czwarty raz wystartuje w\u00a0wyborach<\/a>&#13;<\/p>\n","protected":false},"excerpt":{"rendered":"&#13; Donald Tusk pojawi\u0142 si\u0119 w\u00a0Krakowie. \u2013\u00a0Ja tu jestem ze\u00a0wzgl\u0119du na\u00a0pani\u0105 senator Monik\u0119 Pi\u0105tkowsk\u0105, kt\u00f3ra podj\u0119\u0142a to\u00a0wielkie wyzwanie&hellip;\n","protected":false},"author":2,"featured_media":635982,"comment_status":"","ping_status":"","sticky":false,"template":"","format":"standard","meta":{"footnotes":"","_share_on_mastodon":"0"},"categories":[62713],"tags":[1345,49,1304,52592,11857,92637,907,43315,5717],"class_list":["post-635981","post","type-post","status-publish","format-standard","has-post-thumbnail","category-donald-tusk","tag-donald-tusk","tag-kraj","tag-krakow","tag-krystian-winogrodzki","tag-metro","tag-monika-piatkowska","tag-polityka","tag-wprost","tag-wybory-prezydenckie"],"share_on_mastodon":{"url":"https:\/\/pubeurope.com\/@pl\/117131163060267477","error":""},"_links":{"self":[{"href":"https:\/\/www.europesays.com\/pl\/wp-json\/wp\/v2\/posts\/635981","targetHints":{"allow":["GET"]}}],"collection":[{"href":"https:\/\/www.europesays.com\/pl\/wp-json\/wp\/v2\/posts"}],"about":[{"href":"https:\/\/www.europesays.com\/pl\/wp-json\/wp\/v2\/types\/post"}],"author":[{"embeddable":true,"href":"https:\/\/www.europesays.com\/pl\/wp-json\/wp\/v2\/users\/2"}],"replies":[{"embeddable":true,"href":"https:\/\/www.europesays.com\/pl\/wp-json\/wp\/v2\/comments?post=635981"}],"version-history":[{"count":0,"href":"https:\/\/www.europesays.com\/pl\/wp-json\/wp\/v2\/posts\/635981\/revisions"}],"wp:featuredmedia":[{"embeddable":true,"href":"https:\/\/www.europesays.com\/pl\/wp-json\/wp\/v2\/media\/635982"}],"wp:attachment":[{"href":"https:\/\/www.europesays.com\/pl\/wp-json\/wp\/v2\/media?parent=635981"}],"wp:term":[{"taxonomy":"category","embeddable":true,"href":"https:\/\/www.europesays.com\/pl\/wp-json\/wp\/v2\/categories?post=635981"},{"taxonomy":"post_tag","embeddable":true,"href":"https:\/\/www.europesays.com\/pl\/wp-json\/wp\/v2\/tags?post=635981"}],"curies":[{"name":"wp","href":"https:\/\/api.w.org\/{rel}","templated":true}]}}