{"id":636413,"date":"2026-08-21T07:18:11","date_gmt":"2026-08-21T07:18:11","guid":{"rendered":"https:\/\/www.europesays.com\/pl\/636413\/"},"modified":"2026-08-21T07:18:11","modified_gmt":"2026-08-21T07:18:11","slug":"adamiak-sroczynska-odchodzi-z-newsmax-polska-miala-wazna-funkcje","status":"publish","type":"post","link":"https:\/\/www.europesays.com\/pl\/636413\/","title":{"rendered":"Adamiak-Sroczy\u0144ska odchodzi z Newsmax Polska. Mia\u0142a wa\u017cn\u0105 funkcj\u0119"},"content":{"rendered":"\n<p>&#13;<br \/>\nJak ustali\u0142 portal Wirtualnemedia.pl, z\u00a0redakcj\u0105 Newsmax Polska rozsta\u0142a si\u0119 Katarzyna Adamiak-Sroczy\u0144ska, kt\u00f3ra w\u00a0stacji zajmowa\u0142a stanowisko zast\u0119pcy producenta wykonawczego. To\u00a0kolejne odej\u015bcie z\u00a0redakcji w\u00a0ostatnim czasie. Dzie\u0144 wcze\u015bniej informowano o\u00a0rozstaniu z\u00a0dwojgiem prezenter\u00f3w. &#13;\n<\/p>\n<p>Katarzyna Adamiak-Sroczy\u0144ska znika z\u00a0Newsmax Polska<\/p>\n<p>&#13;<br \/>\nInformacj\u0119 o\u00a0odej\u015bciu Katarzyny Adamiak-Sroczy\u0144skiej Wirtualne Media potwierdzi\u0142y w\u00a0dw\u00f3ch niezale\u017cnych \u017ar\u00f3d\u0142ach, ale\u00a0sama stacja nie\u00a0potwierdzi\u0142a oficjalnie tych doniesie\u0144. &#13;\n<\/p>\n<p>&#13;<br \/>\nAdamiak-Sroczy\u0144ska nale\u017ca\u0142a do\u00a0os\u00f3b odgrywaj\u0105cych istotn\u0105 rol\u0119 w\u00a0funkcjonowaniu redakcji Newsmax Polska. \u2013\u00a0Pe\u0142ni\u0142a kluczow\u0105 rol\u0119. W\u00a0praktyce decydowa\u0142a o\u00a0tym, jak wszystko wygl\u0105da na\u00a0wizji \u2013\u00a0powiedzia\u0142a serwisowi anonimowa osoba, dobrze znaj\u0105ca realia stacji. &#13;\n<\/p>\n<p>&#13;<br \/>\nPrzed do\u0142\u0105czeniem do\u00a0Newsmax Polska Katarzyna Adamiak-Sroczy\u0144ska przez lata by\u0142a zwi\u0105zana przede wszystkim z\u00a0Telewizj\u0105 Polsk\u0105. Kierowa\u0142a tam redakcj\u0105 roln\u0105 TVP, odpowiadaj\u0105c za\u00a0przygotowanie i\u00a0nadz\u00f3r nad programami po\u015bwi\u0119conymi m.in. rolnictwu oraz\u00a0gospodarce. Wcze\u015bniej by\u0142a pe\u0142nomocniczk\u0105 zarz\u0105du TVP ds. kana\u0142u TVP Rozrywka. Zarz\u0105dza\u0142a r\u00f3wnie\u017c Agencj\u0105 Kreacji Rozrywki i\u00a0Oprawy TVP. W\u00a0latach 2017\u20132019 pe\u0142ni\u0142a funkcj\u0119 szefowej redakcji programu &#8222;Pytanie na\u00a0\u015bniadanie&#8221; w\u00a0TVP2. Odpowiada\u0142a w\u00f3wczas za\u00a0kszta\u0142t ram\u00f3wki oraz\u00a0rozw\u00f3j popularnego porannego formatu. Jej do\u015bwiadczenie obejmuje tak\u017ce prac\u0119 w\u00a0Kancelarii Prezydenta. W\u00a02015 roku przez kr\u00f3tki czas by\u0142a dyrektork\u0105 biura prasowego prezydenta Andrzeja Dudy. &#13;\n<\/p>\n<p>Odeszli te\u017c Agnieszka Piechurska i\u00a0Jacek Cholewi\u0144ski<\/p>\n<p>&#13;<br \/>\nOdej\u015bcie Katarzyny Adamiak-Sroczy\u0144skiej to\u00a0kolejne zmiany personalne w\u00a0Newsmax Polska. Dzie\u0144 wcze\u015bniej pojawi\u0142y si\u0119 informacje o\u00a0<a href=\"https:\/\/dorzeczy.pl\/kraj\/931084\/piechurska-i-cholewinsk-znikaja-z-newsmax-polska-to-nie-koniec.html\" target=\"_blank\" rel=\"nofollow noopener\">rozstaniu ze\u00a0stacj\u0105 dwojga prezenter\u00f3w<\/a>. &#13;\n<\/p>\n<p>&#13;<br \/>\nWsp\u00f3\u0142prac\u0119 ze\u00a0stacj\u0105 ju\u017c w\u00a0po\u0142owie lipca zako\u0144czy\u0142a Agnieszka Piechurska. Prezenterka wyja\u015bni\u0142a w\u00a0rozmowie z\u00a0Wirtualnemedia.pl, \u017ce\u00a0nie przed\u0142u\u017cono jej umowy. Z\u00a0now\u0105 telewizj\u0105 rozsta\u0142 si\u0119 r\u00f3wnie\u017c Jacek Cholewi\u0144ski, kt\u00f3ry, przed do\u0142\u0105czeniem do\u00a0Newsmax Polska, przez oko\u0142o 20 lat by\u0142 zwi\u0105zany z\u00a0Telewizj\u0105 Polsk\u0105. &#13;\n<\/p>\n<p>&#13;<br \/>\n   Czytaj te\u017c:<br \/><a href=\"https:\/\/dorzeczy.pl\/kraj\/931294\/burza-po-slowach-dziennikarki-tvp-o-prezydencie-nawrockim.html\" rel=\"follow nofollow noopener\" data-schema=\"DORZECZY\" data-image=\"https:\/\/img.dorzeczy.pl\/_thumb\/85\/ff\/1a48ff44542e54b046f4291cc04a.jpeg\" target=\"_blank\">&#8222;Zwyczajnie k\u0142amie&#8221;, &#8222;funkcjonariuszka&#8221;. Burza po\u00a0s\u0142owach dziennikarki TVP<\/a>   Czytaj te\u017c:<br \/><a href=\"https:\/\/rozrywka.dorzeczy.pl\/film-i-telewizja\/931240\/ida-nowakowska-pnie-sie-w-polsacie-kolejna-rola-bylej-gwiazdy-tvp.html\" rel=\"follow nofollow noopener\" data-schema=\"DORZECZY\" data-image=\"https:\/\/img.dorzeczy.pl\/_thumb\/00\/6f\/3393d794c4111cd13e9f04da91b7.jpeg\" target=\"_blank\">Szybki awans w\u00a0nowej stacji. By\u0142a gwiazda TVP w\u00a0kolejnym formacie<\/a>&#13;<\/p>\n","protected":false},"excerpt":{"rendered":"&#13; Jak ustali\u0142 portal Wirtualnemedia.pl, z\u00a0redakcj\u0105 Newsmax Polska rozsta\u0142a si\u0119 Katarzyna Adamiak-Sroczy\u0144ska, kt\u00f3ra w\u00a0stacji zajmowa\u0142a stanowisko zast\u0119pcy producenta&hellip;\n","protected":false},"author":2,"featured_media":636414,"comment_status":"","ping_status":"","sticky":false,"template":"","format":"standard","meta":{"footnotes":"","_share_on_mastodon":"0"},"categories":[12],"tags":[98,104604,49,287,1158,60089,103,42,38,40,39,41,51405,123,224],"class_list":["post-636413","post","type-post","status-publish","format-standard","has-post-thumbnail","category-polska","tag-dorzeczy","tag-katarzyna-adamiak-sroczynska","tag-kraj","tag-malgorzata-puzyr","tag-media","tag-newsmax-polska","tag-obserwator-mediow","tag-pl","tag-poland","tag-polish","tag-polska","tag-polski","tag-praca-w-mediach","tag-rozrywka","tag-telewizja"],"share_on_mastodon":{"url":"","error":""},"_links":{"self":[{"href":"https:\/\/www.europesays.com\/pl\/wp-json\/wp\/v2\/posts\/636413","targetHints":{"allow":["GET"]}}],"collection":[{"href":"https:\/\/www.europesays.com\/pl\/wp-json\/wp\/v2\/posts"}],"about":[{"href":"https:\/\/www.europesays.com\/pl\/wp-json\/wp\/v2\/types\/post"}],"author":[{"embeddable":true,"href":"https:\/\/www.europesays.com\/pl\/wp-json\/wp\/v2\/users\/2"}],"replies":[{"embeddable":true,"href":"https:\/\/www.europesays.com\/pl\/wp-json\/wp\/v2\/comments?post=636413"}],"version-history":[{"count":0,"href":"https:\/\/www.europesays.com\/pl\/wp-json\/wp\/v2\/posts\/636413\/revisions"}],"wp:featuredmedia":[{"embeddable":true,"href":"https:\/\/www.europesays.com\/pl\/wp-json\/wp\/v2\/media\/636414"}],"wp:attachment":[{"href":"https:\/\/www.europesays.com\/pl\/wp-json\/wp\/v2\/media?parent=636413"}],"wp:term":[{"taxonomy":"category","embeddable":true,"href":"https:\/\/www.europesays.com\/pl\/wp-json\/wp\/v2\/categories?post=636413"},{"taxonomy":"post_tag","embeddable":true,"href":"https:\/\/www.europesays.com\/pl\/wp-json\/wp\/v2\/tags?post=636413"}],"curies":[{"name":"wp","href":"https:\/\/api.w.org\/{rel}","templated":true}]}}