{"id":636513,"date":"2026-08-21T08:17:11","date_gmt":"2026-08-21T08:17:11","guid":{"rendered":"https:\/\/www.europesays.com\/pl\/636513\/"},"modified":"2026-08-21T08:17:11","modified_gmt":"2026-08-21T08:17:11","slug":"boliwia-polska-siostra-troszczy-sie-o-wykluczone-dzieci","status":"publish","type":"post","link":"https:\/\/www.europesays.com\/pl\/636513\/","title":{"rendered":"Boliwia: polska siostra troszczy si\u0119 o wykluczone dzieci"},"content":{"rendered":"<p>Publiczne szko\u0142y w boliwijskim Oruro nie potrafi\u0105 odpowiedzie\u0107 na potrzeby uczni\u00f3w z trudno\u015bciami w nauce. Ponad 120 dzieci otrzymuje pomoc w o\u015brodku prowadzonym przez polsk\u0105 terezjank\u0119 s. Joann\u0119 Olszewsk\u0105 i wspieranym przez Caritas Polska. Plac\u00f3wka dzia\u0142a na andyjskim p\u0142askowy\u017cu, blisko 4000 metr\u00f3w n.p.m. Jak relacjonuje misjonarka, rodzice s\u0142ysz\u0105 niekiedy, \u017ce powinni zabra\u0107 dziecko ze szko\u0142y. \u201eGdzie ci ludzie maj\u0105 p\u00f3j\u015b\u0107?\u201d \u2013 pyta w rozmowie z Vatican News.<\/p>\n<p>Karol Darmoros<\/p>\n<p>Podw\u00f3jne ub\u00f3stwo<\/p>\n<p>Terezjanka od 10 lat pos\u0142uguje w Boliwii. Jak relacjonuje, centrum obejmuje dzieci z oko\u0142o 60 rodzin, a blisko po\u0142owa rodzic\u00f3w nie potrafi czyta\u0107 ani pisa\u0107. Cz\u0119\u015b\u0107 rodzic\u00f3w przenosi si\u0119 do Oruro z g\u00f3rskich teren\u00f3w, gdzie wcze\u015bniej zajmowa\u0142a si\u0119 wypasem. Ich dzieci cz\u0119sto nie maj\u0105 dokument\u00f3w i wcze\u015bniej w og\u00f3le si\u0119 nie uczy\u0142y.<\/p>\n<p>Od dw\u00f3ch lat przybywa podopiecznych w spektrum autyzmu, z ADHD i innymi zaburzeniami rozwojowymi. Szko\u0142y radz\u0105 rodzicom, by zabrali dziecko i zg\u0142osili si\u0119 do si\u00f3str. \u201eKiedy pojawia si\u0119 dziecko z autyzmem albo z innym zaburzeniem, to jest po prostu dodatkowa bieda\u201d \u2013 m\u00f3wi s. Olszewska.<\/p>\n<p>    <img decoding=\"async\" src=\"data:image\/gif;base64,R0lGODlhAQABAIAAAAAAAP\/\/\/yH5BAEAAAAALAAAAAABAAEAAAIBRAA7\" data-original=\"https:\/\/www.vaticannews.va\/content\/dam\/vaticannews\/multimedia\/2026\/agosto\/20\/boliwia-siostra-joanna-olszewska-3.jpg\/_jcr_content\/renditions\/cq5dam.thumbnail.cropped.750.422.jpeg\" alt=\"S. Joanna od 10 lat pos\u0142uguje w Boliwii\" title=\"S. Joanna od 10 lat pos\u0142uguje w Boliwii\"\/><\/p>\n<p>\n   S. Joanna od 10 lat pos\u0142uguje w Boliwii \u00a0 (\u00a9Caritas Polska)\n  <\/p>\n<p>Dzieci ulicy i nie tylko\u00a0<\/p>\n<p>Centrum powsta\u0142o z my\u015bl\u0105 o dzieciach ulicy, lecz z czasem poszerzy\u0142o dzia\u0142alno\u015b\u0107. Dzi\u015b wspiera tak\u017ce uczni\u00f3w z trudno\u015bciami w nauce i dzieci wymagaj\u0105ce specjalistycznej terapii. \u201eZa\u0142o\u017cy\u0142y\u015bmy o\u015brodek, bo taki jest nasz charyzmat, \u017ceby pom\u00f3c tutejszym dzieciom z ulicy\u201d \u2013 wyja\u015bnia terezjanka.<\/p>\n<p>Wsparcie pozwala dzia\u0142a\u0107<\/p>\n<p>Caritas Polska wspiera w Boliwii dwa projekty: o\u015brodek dla dzieci w spektrum autyzmu i z ADHD oraz centrum edukacyjno-wychowawcze dla dzieci ulicy. W przypadku plac\u00f3wki w Oruro \u015brodki pozwalaj\u0105 szkoli\u0107 miejscowe pracownice, pokrywa\u0107 koszty dojazd\u00f3w i materia\u0142\u00f3w oraz prowadzi\u0107 sal\u0119 stymulacyjn\u0105. \u201eTa pomoc Caritas pozwala mi prowadzi\u0107 o\u015brodek\u201d \u2013 podkre\u015bla s. Olszewska.<\/p>\n<p>      <a href=\"https:\/\/www.vaticannews.va\/pl\/kosciol\/news\/2026-08\/kryzys-kuba-caritas-polski-misjonarz-ksiadz-adam-czerwinski.html\" title=\"Kuba: Polski kap\u0142an na pierwszej linii pomocy\" rel=\"nofollow noopener\" target=\"_blank\"><\/p>\n<p>         <img decoding=\"async\" src=\"data:image\/gif;base64,R0lGODlhAQABAIAAAAAAAP\/\/\/yH5BAEAAAAALAAAAAABAAEAAAIBRAA7\" data-original=\"https:\/\/www.vaticannews.va\/content\/dam\/vaticannews\/multimedia\/2026\/agosto\/19\/fot-archiwum-ks-adama-czerwin-skiego.jpg\/_jcr_content\/renditions\/cq5dam.thumbnail.cropped.500.281.jpeg\" alt=\"Kuba: Polski kap\u0142an na pierwszej linii pomocy\"\/><\/p>\n<p>       <\/a><\/p>\n<p>\n       Brak \u017cywno\u015bci, lekarstw, pr\u0105du i paliwa parali\u017cuje \u017cycie Kuba\u0144czyk\u00f3w. W Santiago de Cuba coraz wi\u0119cej dzieci, os\u00f3b starszych, chorych i bezdomnych prosi o jedzenie, a niekt\u00f3rzy &#8230;\n      <\/p>\n<p>Bieda si\u0119 pog\u0142\u0119bia\u00a0<\/p>\n<p>Kryzys polityczny oraz niedawne blokady dr\u00f3g ogranicza\u0142y dost\u0119p do \u017cywno\u015bci i lekarstw. Najubo\u017csi \u017cyj\u0105 z dnia na dzie\u0144, a pracuj\u0105ce dzieci zarabiaj\u0105 tyle, by wystarczy\u0142o na jeden posi\u0142ek. Osoby bez ubezpieczenia unikaj\u0105 szpitali, dlatego siostry pomagaj\u0105 op\u0142aca\u0107 operacje i leczenie po wypadkach.<\/p>\n<p>    <img decoding=\"async\" src=\"data:image\/gif;base64,R0lGODlhAQABAIAAAAAAAP\/\/\/yH5BAEAAAAALAAAAAABAAEAAAIBRAA7\" data-original=\"https:\/\/www.vaticannews.va\/content\/dam\/vaticannews\/multimedia\/2026\/agosto\/20\/boliwia-siostra-joanna-olszewska-2.jpg\/_jcr_content\/renditions\/cq5dam.thumbnail.cropped.750.422.jpeg\" alt=\"Na misji w Boliwii\" title=\"Na misji w Boliwii\"\/><\/p>\n<p>\n   Na misji w Boliwii \u00a0 (\u00a9Caritas Polska)\n  <\/p>\n<p>Rodzina obj\u0119ta opiek\u0105<\/p>\n<p>W rozmowie z Vatican News s. Joanna Olszewska przywo\u0142uje histori\u0119 jednej z podopiecznych. Mar\u00eda Jes\u00fas trafi\u0142a do centrum jako trzylatka. Jej matka i babcia s\u0105 osobami z niepe\u0142nosprawno\u015bci\u0105 intelektualn\u0105. Gdy szko\u0142a nie potrafi\u0142a si\u0119 z nimi porozumie\u0107, siostry stan\u0119\u0142y w obronie rodziny. Dzi\u015b pomagaj\u0105 dziewczynce w nauce, a wszystkie trzy mog\u0105 codziennie je\u015b\u0107 w o\u015brodku.<\/p>\n<p>Mar\u00eda Jes\u00fas \u2013 jak podkre\u015bla s. Olszewska \u2013 dzisiaj rozwija si\u0119 \u015bwietnie. Jej matka i babcia od trzeciej nad ranem piek\u0105 ciastka, kt\u00f3re p\u00f3\u017aniej sprzedaj\u0105 na rynku. \u201eWiedz\u0105, \u017ce mog\u0105 tu ze wszystkim przyj\u015b\u0107, cokolwiek si\u0119 wydarzy\u201d \u2013 m\u00f3wi misjonarka.<\/p>\n<p>Takich historii jest wi\u0119cej, lecz cel wsparcia pozostaje wsp\u00f3lny: przygotowa\u0107 podopiecznych do samodzielnego \u017cycia. \u201eChcia\u0142abym, \u017ceby byli bardziej niezale\u017cni, \u017ceby byli bardziej samodzielni\u201d \u2013 podsumowuje terezjanka.<\/p>\n","protected":false},"excerpt":{"rendered":"Publiczne szko\u0142y w boliwijskim Oruro nie potrafi\u0105 odpowiedzie\u0107 na potrzeby uczni\u00f3w z trudno\u015bciami w nauce. Ponad 120 dzieci&hellip;\n","protected":false},"author":2,"featured_media":636514,"comment_status":"","ping_status":"","sticky":false,"template":"","format":"standard","meta":{"footnotes":"","_share_on_mastodon":"0"},"categories":[12],"tags":[125026,125027,28381,24785,93655,42,38,40,39,41,22023],"class_list":["post-636513","post","type-post","status-publish","format-standard","has-post-thumbnail","category-polska","tag-sistersproject","tag-ameryka-lacinska","tag-boliwia","tag-caritas","tag-instytucje-miedzynarodowe","tag-pl","tag-poland","tag-polish","tag-polska","tag-polski","tag-siostry"],"share_on_mastodon":{"url":"https:\/\/pubeurope.com\/@pl\/117132515553494862","error":""},"_links":{"self":[{"href":"https:\/\/www.europesays.com\/pl\/wp-json\/wp\/v2\/posts\/636513","targetHints":{"allow":["GET"]}}],"collection":[{"href":"https:\/\/www.europesays.com\/pl\/wp-json\/wp\/v2\/posts"}],"about":[{"href":"https:\/\/www.europesays.com\/pl\/wp-json\/wp\/v2\/types\/post"}],"author":[{"embeddable":true,"href":"https:\/\/www.europesays.com\/pl\/wp-json\/wp\/v2\/users\/2"}],"replies":[{"embeddable":true,"href":"https:\/\/www.europesays.com\/pl\/wp-json\/wp\/v2\/comments?post=636513"}],"version-history":[{"count":0,"href":"https:\/\/www.europesays.com\/pl\/wp-json\/wp\/v2\/posts\/636513\/revisions"}],"wp:featuredmedia":[{"embeddable":true,"href":"https:\/\/www.europesays.com\/pl\/wp-json\/wp\/v2\/media\/636514"}],"wp:attachment":[{"href":"https:\/\/www.europesays.com\/pl\/wp-json\/wp\/v2\/media?parent=636513"}],"wp:term":[{"taxonomy":"category","embeddable":true,"href":"https:\/\/www.europesays.com\/pl\/wp-json\/wp\/v2\/categories?post=636513"},{"taxonomy":"post_tag","embeddable":true,"href":"https:\/\/www.europesays.com\/pl\/wp-json\/wp\/v2\/tags?post=636513"}],"curies":[{"name":"wp","href":"https:\/\/api.w.org\/{rel}","templated":true}]}}