{"id":636749,"date":"2026-08-21T10:27:10","date_gmt":"2026-08-21T10:27:10","guid":{"rendered":"https:\/\/www.europesays.com\/pl\/636749\/"},"modified":"2026-08-21T10:27:10","modified_gmt":"2026-08-21T10:27:10","slug":"ropa-do-orlenowskich-rafinerii-prosto-z-norwegii-dostawy-rusza-juz-we-wrzesniu","status":"publish","type":"post","link":"https:\/\/www.europesays.com\/pl\/636749\/","title":{"rendered":"Ropa do orlenowskich rafinerii prosto z Norwegii. Dostawy rusz\u0105 ju\u017c we wrze\u015bniu"},"content":{"rendered":"<p style=\"text-align: justify;\">Trzyletni\u0105 umow\u0119 na dostawy ropy ze z\u0142o\u017ca Johan Sverdrup na Norweskim Szelfie Kontynentalnym podpisa\u0142 Orlen z Equinorem. Dostawy rozpoczn\u0105 si\u0119 we wrze\u015bniu, a zakontraktowany wolumen mo\u017ce si\u0119gn\u0105\u0107 ponad 9 mln ton rocznie, co odpowiada nawet jednej czwartej rocznego zapotrzebowania Grupy Orlen na rop\u0119. Surowiec b\u0119dzie trafia\u0142 do rafinerii w Polsce, Czechach i na Litwie, wzmacniaj\u0105c bezpiecze\u0144stwo dostaw w regionie.<\/p>\n<p style=\"text-align: justify;\">\u2013 Bezpieczna przysz\u0142o\u015b\u0107 zaczyna si\u0119 od decyzji podejmowanych z wyprzedzeniem. Dlatego wzmacniamy dost\u0119p Grupy Orlen do stabilnych \u017ar\u00f3de\u0142 ropy z Norwegii, kt\u00f3re mog\u0105 odpowiada\u0107 nawet za jedn\u0105 czwart\u0105 naszego rocznego zapotrzebowania \u2013 t\u0142umaczy Ireneusz F\u0105fara, prezes Orlenu. \u2013 Equinor jest dla nas wiarygodnym partnerem, z kt\u00f3rym budujemy relacje oparte na wsp\u00f3lnej odpowiedzialno\u015bci za bezpiecze\u0144stwo energetyczne regionu. Ta umowa to konkretna odpowied\u017a na niestabilno\u015b\u0107 globalnych rynk\u00f3w i dow\u00f3d, \u017ce odporno\u015b\u0107 sektora energii tworzy si\u0119 poprzez d\u0142ugoterminow\u0105 wsp\u00f3\u0142prac\u0119 z partnerami, kt\u00f3rzy daj\u0105 przewidywalno\u015b\u0107 dostaw i najwy\u017csze standardy dzia\u0142ania.<\/p>\n<p style=\"text-align: justify;\">\u2013 To porozumienie pokazuje, jak istotn\u0105 rol\u0119 odgrywaj\u0105 dostawy energii z Norweskiego Szelfu Kontynentalnego we wzmacnianiu bezpiecze\u0144stwa energetycznego Europy. Cieszymy si\u0119, \u017ce dzi\u0119ki umowie na dostawy ropy do rafinerii Orlen w Polsce, Litwie i Czechach wzmacniamy nasz\u0105 wsp\u00f3\u0142prac\u0119 z firm\u0105 \u2013 komentuje podpisanie umowy Irene Rummelhoff, wiceprezes wykonawcza ds. Marketingu, Midstream i Przetwarzania Equinor.<\/p>\n<p style=\"text-align: justify;\">Umow\u0119 skonstruowano tak, aby odpowiada\u0107 na zmieniaj\u0105ce si\u0119 potrzeby Grupy Orlen. \u2013 W zale\u017cno\u015bci od zapotrzebowania, roczne dostawy mog\u0105 wynie\u015b\u0107 od blisko 5 mln ton do ponad 9 mln ton ropy. Oznacza to, \u017ce kontrakt nie tylko zabezpiecza znacz\u0105c\u0105 cz\u0119\u015b\u0107 potrzeb surowcowych Grupy, ale tak\u017ce daje mo\u017cliwo\u015b\u0107 dostosowywania skali dostaw do sytuacji rynkowej i operacyjnej rafinerii \u2013 wyja\u015bnia biuro prasowe koncernu.<\/p>\n<p style=\"text-align: justify;\">Podstaw\u0119 dostaw w ramach kontraktu b\u0119dzie stanowi\u0142a ropa Johan Sverdrup. Pochodzi ona z jednego z najwi\u0119kszych z\u0142\u00f3\u017c naftowych na \u015bwiecie, kt\u00f3re odpowiada za oko\u0142o jedn\u0105 trzeci\u0105 ca\u0142ej produkcji norweskiej ropy. Jednocze\u015bnie Johan Sverdrup nale\u017cy do z\u0142\u00f3\u017c, na kt\u00f3rych wydobycie prowadzone jest przy znacznym ograniczeniu emisji CO2, dzi\u0119ki zasilaniu platform energi\u0105 elektryczn\u0105 z l\u0105du, pochodz\u0105c\u0105 g\u0142\u00f3wnie z odnawialnych \u017ar\u00f3de\u0142 energii. Umowa przewiduje r\u00f3wnie\u017c mo\u017cliwo\u015b\u0107 dostaw innych gatunk\u00f3w rop, wydobywanych ze z\u0142\u00f3\u017c na Norweskim Szelfie Kontynentalnym.<\/p>\n<p style=\"text-align: justify;\">Dostawy z Norwegii wpisuj\u0105 si\u0119 w strategi\u0119 Orlen polegaj\u0105c\u0105 na wzmacnianiu bezpiecze\u0144stwa energetycznego Polski i regionu poprzez dywersyfikacj\u0119 kierunk\u00f3w dostaw oraz wsp\u00f3\u0142prac\u0119 ze stabilnymi, wiarygodnymi partnerami. Znaczenie d\u0142ugoterminowych kontrakt\u00f3w z przewidywalnych kierunk\u00f3w dostaw ro\u015bnie szczeg\u00f3lnie w warunkach podwy\u017cszonej zmienno\u015bci na globalnych rynkach ropy i napi\u0119\u0107 geopolitycznych wp\u0142ywaj\u0105cych na bezpiecze\u0144stwo szlak\u00f3w transportowych.<\/p>\n<p>\u0179r\u00f3d\u0142o i fot: Orlen<\/p>\n","protected":false},"excerpt":{"rendered":"Trzyletni\u0105 umow\u0119 na dostawy ropy ze z\u0142o\u017ca Johan Sverdrup na Norweskim Szelfie Kontynentalnym podpisa\u0142 Orlen z Equinorem. Dostawy&hellip;\n","protected":false},"author":2,"featured_media":636750,"comment_status":"","ping_status":"","sticky":false,"template":"","format":"standard","meta":{"footnotes":"","_share_on_mastodon":"0"},"categories":[52097],"tags":[29111,3155,774,42,38,40,39,41,598,95],"class_list":["post-636749","post","type-post","status-publish","format-standard","has-post-thumbnail","category-orlen","tag-dostawa","tag-norwegia","tag-orlen","tag-pl","tag-poland","tag-polish","tag-polska","tag-polski","tag-ropa","tag-umowa"],"share_on_mastodon":{"url":"","error":""},"_links":{"self":[{"href":"https:\/\/www.europesays.com\/pl\/wp-json\/wp\/v2\/posts\/636749","targetHints":{"allow":["GET"]}}],"collection":[{"href":"https:\/\/www.europesays.com\/pl\/wp-json\/wp\/v2\/posts"}],"about":[{"href":"https:\/\/www.europesays.com\/pl\/wp-json\/wp\/v2\/types\/post"}],"author":[{"embeddable":true,"href":"https:\/\/www.europesays.com\/pl\/wp-json\/wp\/v2\/users\/2"}],"replies":[{"embeddable":true,"href":"https:\/\/www.europesays.com\/pl\/wp-json\/wp\/v2\/comments?post=636749"}],"version-history":[{"count":0,"href":"https:\/\/www.europesays.com\/pl\/wp-json\/wp\/v2\/posts\/636749\/revisions"}],"wp:featuredmedia":[{"embeddable":true,"href":"https:\/\/www.europesays.com\/pl\/wp-json\/wp\/v2\/media\/636750"}],"wp:attachment":[{"href":"https:\/\/www.europesays.com\/pl\/wp-json\/wp\/v2\/media?parent=636749"}],"wp:term":[{"taxonomy":"category","embeddable":true,"href":"https:\/\/www.europesays.com\/pl\/wp-json\/wp\/v2\/categories?post=636749"},{"taxonomy":"post_tag","embeddable":true,"href":"https:\/\/www.europesays.com\/pl\/wp-json\/wp\/v2\/tags?post=636749"}],"curies":[{"name":"wp","href":"https:\/\/api.w.org\/{rel}","templated":true}]}}