{"id":636765,"date":"2026-08-21T10:35:19","date_gmt":"2026-08-21T10:35:19","guid":{"rendered":"https:\/\/www.europesays.com\/pl\/636765\/"},"modified":"2026-08-21T10:35:19","modified_gmt":"2026-08-21T10:35:19","slug":"mialy-byc-wymarzone-wakacje-na-teneryfie-bagaze-zostaly-we-wroclawiu","status":"publish","type":"post","link":"https:\/\/www.europesays.com\/pl\/636765\/","title":{"rendered":"Mia\u0142y by\u0107 wymarzone wakacje na Teneryfie. Baga\u017ce zosta\u0142y we Wroc\u0142awiu"},"content":{"rendered":"<p>Mia\u0142y by\u0107 wymarzone wakacje na Teneryfie, ale dla kilkudziesi\u0119ciu pasa\u017cer\u00f3w rozpocz\u0119\u0142y si\u0119 od stresu i nerw\u00f3w. Samolot Ryanair odlecia\u0142 z Wroc\u0142awia bez baga\u017cy \u2013 decyzj\u0119 o ich pozostawieniu mia\u0142 podj\u0105\u0107 kapitan. Na Teneryf\u0119 dotarli wi\u0119c ludzie bez ubra\u0144, kosmetyk\u00f3w, a w niekt\u00f3rych przypadkach tak\u017ce potrzebnych lek\u00f3w. I nadal czekaj\u0105.<br \/>\n&#13;<\/p>\n<p>W tym artykule przeczytasz:<\/p>\n<p>                Jak wygl\u0105da\u0142a sytuacja pasa\u017cer\u00f3w po przylocie na Teneryf\u0119.Dlaczego pasa\u017cerowie po przylocie musieli szuka\u0107 podstawowych rzeczy i lek\u00f3w.Czy Ryanair w jaki\u015b spos\u00f3b odni\u00f3s\u0142 si\u0119 do sytuacji pasa\u017cer\u00f3w.<br \/>\n            &#13;<\/p>\n<p>Pasa\u017cerowie czwartkowego lotu z Wroc\u0142awia na Teneryf\u0119 zostali bez swoich walizek. W\u015br\u00f3d nich by\u0142a \u017cona i syn pana Macieja, kt\u00f3ry od wczoraj pr\u00f3buje dowiedzie\u0107 si\u0119, kiedy rodzina odzyska baga\u017c.<\/p>\n<p>\u2013 Najgorsze, \u017ce oni te\u017c nie maj\u0105 \u017cadnych informacji. Nie informuje pasa\u017cer\u00f3w, co jest z ich baga\u017cami, kiedy one dotr\u0105 \u2013 m\u00f3wi w rozmowie z Wroc\u0142awskimi Faktami pan Maciej.<\/p>\n<p>M\u0119\u017cczyzna odprowadza\u0142 ich w czwartek na wroc\u0142awskie lotnisko. Po przylocie zamiast rozpocz\u0105\u0107 urlop, pasa\u017cerowie musieli czeka\u0107 na informacje dotycz\u0105ce swoich baga\u017cy, kt\u00f3re\u2026 do dzi\u015b nie pojawi\u0142y si\u0119 w docelowym miejscu. Jak podkre\u015blaj\u0105, nie chodzi o pojedyncz\u0105 zagubion\u0105 walizk\u0119. Z relacji pasa\u017cer\u00f3w wynika, \u017ce problem dotkn\u0105\u0142 wi\u0119ksz\u0105 grup\u0119 podr\u00f3\u017cnych.<\/p>\n<p><img fetchpriority=\"high\" decoding=\"async\" class=\"wp-image-60837 size-full\" src=\"https:\/\/www.europesays.com\/pl\/wp-content\/uploads\/2026\/08\/RyanairLadowanieLotniskoWroclaw.jpg\" alt=\"Lotnisko.\" width=\"4000\" height=\"2667\"  \/>Fot. Port Lotniczy Wroc\u0142aw.<br \/>\nSytuacja jak w filmie Barei<\/p>\n<p>Po przylocie na Teneryf\u0119 gdy pasa\u017cerowie odkryli, \u017ce ich baga\u017cy nie ma na ta\u015bmie, sytuacja zrobi\u0142a si\u0119 nerwowa.<\/p>\n<p>\u2013 Przedstawiciel Ryanaira poprosi\u0142 ich na bok i wyt\u0142umaczy\u0142, \u017ce baga\u017cy nie ma. No i nie wiadomo, kiedy b\u0119d\u0105 \u2013 relacjonuje pan Maciej.<\/p>\n<p>Jak przyznaje, sytuacja przypomina film Stanis\u0142awa Barei i s\u0142ynny cytat: \u201eNie mamy pa\u0144skiego p\u0142aszcza i co pan nam zrobi?\u201d. Tymczasem ludzie, kt\u00f3rzy dotarli na Teneryf\u0119, zamiast rozpocz\u0105\u0107 urlop, podr\u00f3\u017cni musieli szuka\u0107 w sklepach i aptekach podstawowych rzeczy, a w pozostawionych we Wroc\u0142awiu walizkach znajdowa\u0142y si\u0119 tak\u017ce leki.<\/p>\n<p>\u2013 Zamiast si\u0119 cieszy\u0107 tym wylotem, to oni tam teraz prze\u017cywaj\u0105 stres \u2013 podsumowuje nasz rozm\u00f3wca.<\/p>\n<p>Port Lotniczy Wroc\u0142aw potwierdza, \u017ce taka sytuacja mia\u0142a miejsce, ale odsy\u0142a do przewo\u017anika.<\/p>\n<p>\u2013 Mog\u0119 jedynie potwierdzi\u0107, \u017ce baga\u017ce zosta\u0142y we Wroc\u0142awiu. Decyzj\u0119 podj\u0105\u0142 kapitan samolotu \u2013 m\u00f3wi Bartosz Wi\u015bniewski, rzecznik prasowy Portu Lotniczego Wroc\u0142aw.<\/p>\n<p>A jak t\u0119 spraw\u0119 komentuje Ryanair? Wroc\u0142awskie Fakty zapyta\u0142y przewo\u017anika, sk\u0105d wzi\u0119\u0142y si\u0119 problemy z baga\u017cami i kiedy zostan\u0105 rozwi\u0105zane. Otrzymali\u015bmy w odpowiedzi kr\u00f3tk\u0105 informacj\u0119:<\/p>\n<p>\u201eZe wzgl\u0119du na prognozowane niekorzystne warunki pogodowe na trasie na Teneryf\u0119 Po\u0142udniow\u0105, w przypadku lotu z Wroc\u0142awia na Teneryf\u0119 z 20 sierpnia konieczne by\u0142o zabranie dodatkowej ilo\u015bci paliwa. W zwi\u0105zku z tym, zgodnie z wymaganiami dotycz\u0105cymi masy i wywa\u017cenia samolotu, cz\u0119\u015b\u0107 baga\u017cy rejestrowanych zosta\u0142a przewieziona p\u00f3\u017aniejszymi lotami na Teneryf\u0119. Pasa\u017cerowie, kt\u00f3rych baga\u017c dotyczy\u0142, zostali o tym poinformowani. Baga\u017ce otrzyma\u0142y priorytet w transporcie na Teneryf\u0119 najbli\u017cszym dost\u0119pnym lotem, kt\u00f3ry przylatuje dzisiaj, 21 sierpnia.\u201d<\/p>\n<p><img loading=\"lazy\" decoding=\"async\" class=\"wp-image-42403 size-full\" src=\"https:\/\/www.europesays.com\/pl\/wp-content\/uploads\/2026\/08\/LotniskoRyanairRekaw-e1786019310124.jpg\" alt=\"\" width=\"1800\" height=\"894\"  \/>Fot. Port Lotniczy Wroc\u0142aw.<\/p>\n","protected":false},"excerpt":{"rendered":"Mia\u0142y by\u0107 wymarzone wakacje na Teneryfie, ale dla kilkudziesi\u0119ciu pasa\u017cer\u00f3w rozpocz\u0119\u0142y si\u0119 od stresu i nerw\u00f3w. Samolot Ryanair&hellip;\n","protected":false},"author":2,"featured_media":636766,"comment_status":"","ping_status":"","sticky":false,"template":"","format":"standard","meta":{"footnotes":"","_share_on_mastodon":"0"},"categories":[51607],"tags":[124729,77245,10798,42,38,40,39,41,39932,7941,10797,2526,1853],"class_list":["post-636765","post","type-post","status-publish","format-standard","has-post-thumbnail","category-wroclaw","tag-bagaze","tag-lotnisko-we-wroclawiu","tag-pasazerowie","tag-pl","tag-poland","tag-polish","tag-polska","tag-polski","tag-port-lotniczy-wroclaw","tag-ryanair","tag-teneryfa","tag-wakacje","tag-wroclaw"],"share_on_mastodon":{"url":"https:\/\/pubeurope.com\/@pl\/117133059216506105","error":""},"_links":{"self":[{"href":"https:\/\/www.europesays.com\/pl\/wp-json\/wp\/v2\/posts\/636765","targetHints":{"allow":["GET"]}}],"collection":[{"href":"https:\/\/www.europesays.com\/pl\/wp-json\/wp\/v2\/posts"}],"about":[{"href":"https:\/\/www.europesays.com\/pl\/wp-json\/wp\/v2\/types\/post"}],"author":[{"embeddable":true,"href":"https:\/\/www.europesays.com\/pl\/wp-json\/wp\/v2\/users\/2"}],"replies":[{"embeddable":true,"href":"https:\/\/www.europesays.com\/pl\/wp-json\/wp\/v2\/comments?post=636765"}],"version-history":[{"count":0,"href":"https:\/\/www.europesays.com\/pl\/wp-json\/wp\/v2\/posts\/636765\/revisions"}],"wp:featuredmedia":[{"embeddable":true,"href":"https:\/\/www.europesays.com\/pl\/wp-json\/wp\/v2\/media\/636766"}],"wp:attachment":[{"href":"https:\/\/www.europesays.com\/pl\/wp-json\/wp\/v2\/media?parent=636765"}],"wp:term":[{"taxonomy":"category","embeddable":true,"href":"https:\/\/www.europesays.com\/pl\/wp-json\/wp\/v2\/categories?post=636765"},{"taxonomy":"post_tag","embeddable":true,"href":"https:\/\/www.europesays.com\/pl\/wp-json\/wp\/v2\/tags?post=636765"}],"curies":[{"name":"wp","href":"https:\/\/api.w.org\/{rel}","templated":true}]}}