{"id":637201,"date":"2026-08-21T14:31:10","date_gmt":"2026-08-21T14:31:10","guid":{"rendered":"https:\/\/www.europesays.com\/pl\/637201\/"},"modified":"2026-08-21T14:31:10","modified_gmt":"2026-08-21T14:31:10","slug":"obronca-romanowskiego-chce-przesluchania-tuska-wniosek-trafil-do-sadu","status":"publish","type":"post","link":"https:\/\/www.europesays.com\/pl\/637201\/","title":{"rendered":"Obro\u0144ca Romanowskiego chce przes\u0142uchania Tuska. Wniosek trafi\u0142 do s\u0105du"},"content":{"rendered":"\n<p>&#13;<br \/>\nChodzi o\u00a0potwierdzenie, \u017ce\u00a0by\u0142y wiceminister sprawiedliwo\u015bci przebywa poza granicami Polski i\u00a0Unii Europejskiej. Informacj\u0119 o\u00a0wp\u0142yni\u0119ciu wniosku potwierdzi\u0142a rzeczniczka s\u0105du s\u0119dzia Anna Ptaszek. Marcin Romanowski, pose\u0142 PiS i\u00a0by\u0142y wiceminister sprawiedliwo\u015bci, jest podejrzanym w\u00a0\u015bledztwie dotycz\u0105cym nieprawid\u0142owo\u015bci w\u00a0Funduszu Sprawiedliwo\u015bci. Prokuratura zarzuca mu m.in. udzia\u0142 w\u00a0zorganizowanej grupie przest\u0119pczej oraz\u00a0ustawianie konkurs\u00f3w finansowanych z\u00a0funduszu. &#13;\n<\/p>\n<p>&#13;<br \/>\nPoniewa\u017c s\u0142u\u017cby nie\u00a0mog\u0142y znale\u017a\u0107 polityka, S\u0105d Okr\u0119gowy w\u00a0Warszawie wyda\u0142 za\u00a0nim Europejski Nakaz Aresztowania. Wcze\u015bniej wydano r\u00f3wnie\u017c list go\u0144czy. W\u00a0grudniu 2024\u00a0r. okaza\u0142o si\u0119, \u017ce\u00a0Romanowski otrzyma\u0142 azyl polityczny na\u00a0W\u0119grzech. W\u00a0lipcu 2026\u00a0r. W\u0119gry cofn\u0119\u0142y mu status uchod\u017acy i\u00a0uniewa\u017cni\u0142y jego dokumenty podr\u00f3\u017cy. &#13;\n<\/p>\n<p>&#13;<br \/>\nW ubieg\u0142ym tygodniu do\u00a0warszawskiego s\u0105du wp\u0142yn\u0105\u0142 <a href=\"https:\/\/dorzeczy.pl\/kraj\/931189\/romanowski-w-naddniestrzu-na-liscie-sa-jego-slady-dna.html\" title=\"DNA Romanowskiego na\u00a0li\u015bcie z\u00a0Naddniestrza. \u201eOperacja zmylenia trop\u00f3w\u201d?\" rel=\"nofollow noopener\" target=\"_blank\">wniosek Romanowskiego o\u00a0wydanie listu \u017celaznego<\/a>. Z\u00a0pisma i\u00a0koperty wynika\u0142o, \u017ce\u00a0przesy\u0142ka zosta\u0142a nadana w\u00a0Tyraspolu, na\u00a0terenie separatystycznego Naddniestrza. &#13;\n<\/p>\n<p>&#13;<br \/>\nP\u00f3\u017aniej do\u00a0sprawy odni\u00f3s\u0142 si\u0119 Donald Tusk. Premier przekaza\u0142, \u017ce\u00a0s\u0142u\u017cby innych pa\u0144stw regionu, z\u00a0kt\u00f3rymi wsp\u00f3\u0142pracuje Polska, potwierdzi\u0142y, i\u017c\u00a0Romanowski znajduje si\u0119 &#8222;na 99 proc.&#8221; w\u00a0Tyraspolu. &#13;\n<\/p>\n<p>Donald Tusk ma\u00a0zosta\u0107 przes\u0142uchany jako \u015bwiadek<\/p>\n<p>&#13;<br \/>\nW pi\u0105tek 21 sierpnia przed godz. 10 do\u00a0S\u0105du Okr\u0119gowego w\u00a0Warszawie wp\u0142yn\u0105\u0142 kolejny wniosek obro\u0144cy Romanowskiego. Tym razem dotyczy on przes\u0142uchania premiera Donalda Tuska w\u00a0charakterze \u015bwiadka. Informacj\u0119 potwierdzi\u0142a s\u0119dzia Anna Ptaszek. &#13;\n<\/p>\n<p>&#13;<br \/>\nObro\u0144ca chce, aby\u00a0premier zeznawa\u0142 na\u00a0okoliczno\u015b\u0107 potwierdzenia, \u017ce\u00a0Romanowski przebywa za\u00a0granic\u0105, poza terytorium Unii Europejskiej. &#13;\n<\/p>\n<p>&#13;<br \/>\nW \u015brod\u0119 do\u00a0s\u0105du trafi\u0142 natomiast wniosek obrony o\u00a0uchylenie Europejskiego Nakazu Aresztowania. Zawiera on r\u00f3wnie\u017c postulat dopuszczenia dowodu z\u00a0akt sprawy dotycz\u0105cej wniosku o\u00a0wydanie listu \u017celaznego. &#13;\n<\/p>\n<p>&#13;<br \/>\nProkuratura Krajowa nie\u00a0zgadza si\u0119 na\u00a0wydanie Romanowskiemu listu \u017celaznego. Swoje stanowisko przekaza\u0142a s\u0105dowi 18 sierpnia wraz z\u00a0elektronicznymi aktami sprawy. &#13;\n<\/p>\n<p>&#13;<br \/>\n\u2013 Dotychczasowa postawa procesowa Marcina Romanowskiego nie\u00a0daje r\u0119kojmi przestrzegania warunk\u00f3w ewentualnego listu \u017celaznego \u2013\u00a0m\u00f3wi\u0142 rzecznik Prokuratury Krajowej prok. Przemys\u0142aw Nowak. &#13;\n<\/p>\n<p>&#13;<br \/>\nProkuratura wskazuje m.in., \u017ce\u00a0Romanowski kwestionowa\u0142 legalno\u015b\u0107 dzia\u0142a\u0144 organ\u00f3w pa\u0144stwa, wyjecha\u0142 z\u00a0Polski, a\u00a0nast\u0119pnie opu\u015bci\u0142 W\u0119gry, aby\u00a0unikn\u0105\u0107 zatrzymania. Mia\u0142 tak\u017ce publicznie deklarowa\u0107, \u017ce\u00a0nie zamierza wraca\u0107 do\u00a0kraju w\u00a0zwi\u0105zku z\u00a0prowadzonym przeciwko niemu post\u0119powaniem. &#13;\n<\/p>\n<p>&#13;<br \/>\nNie wiadomo jeszcze, kiedy s\u0105d rozpozna wnioski dotycz\u0105ce Romanowskiego. Rzeczniczka S\u0105du Okr\u0119gowego w\u00a0Warszawie zaznaczy\u0142a, \u017ce\u00a0s\u0119dzia musi zapozna\u0107 si\u0119 z\u00a0aktami i\u00a0pogodzi\u0107 t\u0119\u00a0spraw\u0119 z\u00a0innymi obowi\u0105zkami. \u2013\u00a0Trzeba pami\u0119ta\u0107, \u017ce\u00a0to\u00a0nie jest jedyna sprawa w\u00a0referacie tego s\u0119dziego. Normalnie wychodzi na\u00a0sal\u0119 rozpraw, za\u0142atwia sprawy na\u00a0posiedzeniach. Musi to\u00a0pogodzi\u0107 z\u00a0innymi obowi\u0105zkami. Je\u017celi si\u0119 s\u0105dzi sprawy aresztowe czy\u00a0zagro\u017cone przedawnieniem, to\u00a0one maj\u0105 priorytet. Wiadomo, \u017ce\u00a0nikt go\u00a0w\u00a0tym nie\u00a0zast\u0105pi \u2013\u00a0powiedzia\u0142a s\u0119dzia Ptaszek. &#13;\n<\/p>\n<p>&#13;<br \/>\n   Czytaj te\u017c:<br \/><a href=\"https:\/\/dorzeczy.pl\/opinie\/930556\/romanowski-w-naddniestrzu-wojcik-tusk-powinien-zostac-przesluchany.html\" rel=\"follow nofollow noopener\" data-schema=\"DORZECZY\" data-image=\"https:\/\/img.dorzeczy.pl\/_thumb\/76\/90\/8f1aa6d1234b1b7f145a067a741e.jpeg\" target=\"_blank\">&#8222;Bardzo w\u0105tpi\u0119&#8221;. Pose\u0142 PiS o\u00a0miejscu pobytu Romanowskiego<\/a>&#13;<\/p>\n","protected":false},"excerpt":{"rendered":"&#13; Chodzi o\u00a0potwierdzenie, \u017ce\u00a0by\u0142y wiceminister sprawiedliwo\u015bci przebywa poza granicami Polski i\u00a0Unii Europejskiej. Informacj\u0119 o\u00a0wp\u0142yni\u0119ciu wniosku potwierdzi\u0142a rzeczniczka s\u0105du&hellip;\n","protected":false},"author":2,"featured_media":637202,"comment_status":"","ping_status":"","sticky":false,"template":"","format":"standard","meta":{"footnotes":"","_share_on_mastodon":"0"},"categories":[62713],"tags":[1345,98,49,2110,103,1627,3992,22308,99],"class_list":["post-637201","post","type-post","status-publish","format-standard","has-post-thumbnail","category-donald-tusk","tag-donald-tusk","tag-dorzeczy","tag-kraj","tag-lewandowski","tag-obserwator-mediow","tag-prokuratura","tag-przesluchanie","tag-romanowski","tag-tusk"],"share_on_mastodon":{"url":"https:\/\/pubeurope.com\/@pl\/117133986172062387","error":""},"_links":{"self":[{"href":"https:\/\/www.europesays.com\/pl\/wp-json\/wp\/v2\/posts\/637201","targetHints":{"allow":["GET"]}}],"collection":[{"href":"https:\/\/www.europesays.com\/pl\/wp-json\/wp\/v2\/posts"}],"about":[{"href":"https:\/\/www.europesays.com\/pl\/wp-json\/wp\/v2\/types\/post"}],"author":[{"embeddable":true,"href":"https:\/\/www.europesays.com\/pl\/wp-json\/wp\/v2\/users\/2"}],"replies":[{"embeddable":true,"href":"https:\/\/www.europesays.com\/pl\/wp-json\/wp\/v2\/comments?post=637201"}],"version-history":[{"count":0,"href":"https:\/\/www.europesays.com\/pl\/wp-json\/wp\/v2\/posts\/637201\/revisions"}],"wp:featuredmedia":[{"embeddable":true,"href":"https:\/\/www.europesays.com\/pl\/wp-json\/wp\/v2\/media\/637202"}],"wp:attachment":[{"href":"https:\/\/www.europesays.com\/pl\/wp-json\/wp\/v2\/media?parent=637201"}],"wp:term":[{"taxonomy":"category","embeddable":true,"href":"https:\/\/www.europesays.com\/pl\/wp-json\/wp\/v2\/categories?post=637201"},{"taxonomy":"post_tag","embeddable":true,"href":"https:\/\/www.europesays.com\/pl\/wp-json\/wp\/v2\/tags?post=637201"}],"curies":[{"name":"wp","href":"https:\/\/api.w.org\/{rel}","templated":true}]}}