{"id":637241,"date":"2026-08-21T14:53:27","date_gmt":"2026-08-21T14:53:27","guid":{"rendered":"https:\/\/www.europesays.com\/pl\/637241\/"},"modified":"2026-08-21T14:53:27","modified_gmt":"2026-08-21T14:53:27","slug":"czy-to-bedzie-nowa-kategoria-smartfonow-huawei-pura-x-view-moze-rozpoczac-nowy-trend","status":"publish","type":"post","link":"https:\/\/www.europesays.com\/pl\/637241\/","title":{"rendered":"Czy to b\u0119dzie nowa kategoria smartfon\u00f3w? Huawei Pura X View mo\u017ce rozpocz\u0105\u0107 nowy trend"},"content":{"rendered":"<p class=\"post-excerpt\" data-v-64cd7efc=\"\">Od kilku tygodni w sieci pojawia\u0142y si\u0119 kolejne informacje o tym, \u017ce Huawei pracuje nad smartfonem z ekranem o proporcjach 16:10. Kr\u00f3tko m\u00f3wi\u0105c \u2013 szerokim urz\u0105dzeniu, kt\u00f3re w przeciwie\u0144stwie do np. Samsunga Galaxy Z Fold8 nie ma sk\u0142adanego ekranu. Proporcje minimalnie si\u0119 zmieni\u0142y, ale to nadal jest szerokie urz\u0105dzenie, jakiego jeszcze na rynku nie by\u0142o. Czy to b\u0119dzie pocz\u0105tek nowego trendu?<\/p>\n<p><img decoding=\"async\" data-nuxt-img=\"\"   onerror=\"this.setAttribute('data-error', 1)\" alt=\"huawei-pura-x-view-1-3\" fetchpriority=\"high\" src=\"https:\/\/www.europesays.com\/pl\/wp-content\/uploads\/2026\/08\/huawei-pura-x-view-1-3-ratio-3x2-1.jpg\" data-v-f60c0091=\"\"\/>Huawei Pura X View (fot. Huawei)<\/p>\n<ul>\n<li>Po tygodniach plotek i przeciek\u00f3w Huawei zaprezentowa\u0142 pierwszy na rynku szeroki smartfon Pura X View.<\/li>\n<li>Ekran smartfonu ma przek\u0105tn\u0105 6,39 cala i proporcje 16:9.5. W po\u0142\u0105czeniu z cienkimi ramkami daje to powierzchni\u0119 robocz\u0105 tak\u0105 sam\u0105, jak w klasycznym modelu z ekranem o przek\u0105tnej 6,9 cala.\u00a0<\/li>\n<li>Huawei Pura X View b\u0119dzie dost\u0119pny tylko w Chinach. Nad swoim modelem pracuje Oppo, kt\u00f3ry zapewne te\u017c nie trafi do Europy. Czy s\u0105 jakie\u015b szanse na to, \u017ce tego typu smartfony trafi\u0105 te\u017c w nasze r\u0119ce?\u00a0<\/li>\n<\/ul>\n<p>Rynek smartfonowego wzornictwa jest w ostatnich latach tak nudny, \u017ce Huawei z szerokim ekranem wygl\u0105da jak prawdziwa rewolucja. W po\u0142\u0105czeniu z du\u017cym sukcesem, jaki ju\u017c na samym starcie sprzeda\u017cy odnosi Samsung Galaxy Z Fold8, mo\u017cemy si\u0119 spodziewa\u0107, \u017ce to mo\u017ce by\u0107 nowy trend na rynku. Pozostaje pytanie, czy doczekamy si\u0119 go w Europie?<\/p>\n<p>Huawei Pura X View, czyli szeroki smartfon<img width=\"1920\" height=\"1033\" data-nuxt-img=\"\"   onerror=\"this.setAttribute('data-error', 1)\" class=\"article-image size-full wp-image-159105\" loading=\"lazy\" decoding=\"async\" alt=\"\" src=\"https:\/\/www.europesays.com\/pl\/wp-content\/uploads\/2026\/08\/huawei-pura-x-view-1-2.jpg\" data-v-e4ee449a=\"\"\/><\/p>\n<p class=\"wp-caption-text\">Huawei Pura X View (fot. Huawei)<\/p>\n<p>Nie 16:10, ale blisko, bo ekran Huaweia Pura X View ma proporcje 16:9.5 i przek\u0105tn\u0105 6,39 cala. Podczas prezentacji smartfonu us\u0142yszeli\u015bmy, \u017ce dzi\u0119ki szerszym proporcjom robocza powierzchnia wy\u015bwietlacza jest taka sama, jak w przypadku klasycznego modelu o przek\u0105tnej 6,9 cala. Deklarowana jasno\u015b\u0107 w piku ma si\u0119ga\u0107 6500 nit\u00f3w, jest to panel OLED o rozdzielczo\u015bci 2232 x 1320 pikseli.\u00a0<\/p>\n<p>Ekran Pura X View ma jeszcze jeden ciekawy element i s\u0105 to bardzo cienkie ramki, o grubo\u015bci zaledwie 1.05 mm. Z wylicze\u0144 producenta wynika, \u017ce wy\u015bwietlacz zajmuje powierzchni\u0119 a\u017c 96,1 proc. przedniego panelu i jest to historycznie jeden z najlepszych wynik\u00f3w.\u00a0<\/p>\n<p><img width=\"1264\" height=\"972\" data-nuxt-img=\"\"   onerror=\"this.setAttribute('data-error', 1)\" class=\"article-image size-full wp-image-159107\" loading=\"lazy\" decoding=\"async\" alt=\"\" src=\"https:\/\/www.europesays.com\/pl\/wp-content\/uploads\/2026\/08\/huawei-pura-x-view-2-2.jpg\" data-v-e4ee449a=\"\"\/><\/p>\n<p class=\"wp-caption-text\">Huawei Pura X View (fot. Huawei)<\/p>\n<p>Sercem smartfonu jest autorski procesor Kirin 9030s wspierany przez 12 GB pami\u0119ci RAM i dost\u0119pne maj\u0105 by\u0107 r\u00f3\u017cne wersje pami\u0119ciowe, od 256 GB do 1 TB. Ca\u0142o\u015b\u0107 jest zasilana akumulatorem o pojemno\u015bci 7000 mAh i uda\u0142o si\u0119 go zmie\u015bci\u0107 w obudowie o masie 201 gram\u00f3w i grubo\u015bci 6,68 mm.\u00a0<\/p>\n<p><img width=\"1277\" height=\"696\" data-nuxt-img=\"\"   onerror=\"this.setAttribute('data-error', 1)\" class=\"article-image size-full wp-image-159106\" loading=\"lazy\" decoding=\"async\" alt=\"\" src=\"https:\/\/www.europesays.com\/pl\/wp-content\/uploads\/2026\/08\/huawei-pura-x-view-3-2.jpg\" data-v-e4ee449a=\"\"\/><\/p>\n<p class=\"wp-caption-text\">Huawei Pura X View (fot. Huawei)<\/p>\n<p>Nie znamy jeszcze dok\u0142adnej specyfikacji aparatu. Wiemy tylko, \u017ce s\u0105 to trzy matryce o rozdzielczo\u015bci 50 Mpix ka\u017cda i klasyczny zestaw obiektyw\u00f3w \u2013 ultraszerokok\u0105tny, szerokok\u0105tny i portretowy teleobiektyw.\u00a0<\/p>\n<p>Cena Pura X View pozostaje nieznana do 28 sierpnia, kiedy ruszy oficjalna przedsprzeda\u017c. Oczywi\u015bcie tylko w Chinach.\u00a0<\/p>\n<p>Czy to pocz\u0105tek nowego trendu? Je\u015bli tak b\u0119dzie, to w Europie mo\u017cemy na niego d\u0142ugo poczeka\u0107<\/p>\n<p>Huawei nie pierwszy raz robi co\u015b jako pierwszy na rynku, ale tak jak w przypadku sk\u0142adanych smartfon\u00f3w o szerokich proporcjach \u2013 Pura X i Pura X Max, mog\u0105 si\u0119 z tego cieszy\u0107 wy\u0142\u0105cznie mieszka\u0144cy Chin. Nad swoim smartfonem o takich samych proporcjach ekranu pracuje obecnie Oppo i tutaj w zasadzie mo\u017cemy by\u0107 pewni, \u017ce zadebiutuje on wy\u0142\u0105cznie na rynku chi\u0144skim.\u00a0<\/p>\n<p><img width=\"1920\" height=\"1280\" data-nuxt-img=\"\"   onerror=\"this.setAttribute('data-error', 1)\" class=\"article-image size-full wp-image-141348\" loading=\"lazy\" decoding=\"async\" alt=\"\" src=\"https:\/\/www.europesays.com\/pl\/wp-content\/uploads\/2026\/08\/samsung-galaxy-z-fold8-16.jpg\" data-v-e4ee449a=\"\"\/><\/p>\n<p class=\"wp-caption-text\">Samsung Galaxy Z Fold8 (fot. Arkadiusz Dzierma\u0144ski \/ Zero.pl)<\/p>\n<p>Czy takie smartfony w og\u00f3le mog\u0105 by\u0107 wygodne? Od os\u00f3b u\u017cytkuj\u0105cych Galaxy Z Fold8 praktycznie ca\u0142y czas s\u0142ysz\u0119, \u017ce tak. W zasadzie wi\u0119kszo\u015b\u0107 z nich m\u00f3wi, \u017ce w jego przypadku du\u017cy, rozk\u0142adany ekran mo\u017ce i jest ciekawym urozmaiceniem, ale jest on kompletnie zb\u0119dny. Do pe\u0142ni szcz\u0119\u015bcia wystarczy\u0142yby im szeroki wy\u015bwietlacz zewn\u0119trzny, a g\u0142\u00f3wny wymieniliby na lepszy aparat.\u00a0<\/p>\n<p>Czy to mo\u017ce by\u0107 pocz\u0105tek nowego trendu? Zdecydowanie tak i tu ponownie mo\u017cemy przywo\u0142a\u0107 modele Pura X i Pura X Max, kt\u00f3re ciesz\u0105 si\u0119 bardzo du\u017c\u0105 popularno\u015bci\u0105 w Chinach, czego efektem jest Samsung Galaxy Z Fold8 oraz nadchodz\u0105cy iPhone Ultra. Je\u015bli szerokie smartfony te\u017c si\u0119 przyjm\u0105 w Pa\u0144stwie \u015arodka, inni producenci mog\u0105 wprowadzi\u0107 je do Europy. Tylko przy obecnym rozk\u0142adzie si\u0142 na rynku szanse na to s\u0105 mizerne.\u00a0<\/p>\n<p>Kiedy mo\u017ce to nast\u0105pi\u0107? Tu jestem bardzo sceptycznie nastawiony. W przypadku wspomnianego Oppo, o ile to nast\u0105pi, b\u0119dzie to zapewne druga lub trzecia generacja za dobre dwa lata. Tak jak mia\u0142o to miejsce w przypadku serii Find N, z kt\u00f3rej narodzi\u0142 si\u0119 bli\u017aniaczy OnePlus Open. Je\u015bli Samsung lub Apple b\u0119d\u0105 chcieli zrobi\u0107 co\u015b podobnego, czas oczekiwania te\u017c raczej nie b\u0119dzie zbyt kr\u00f3tki.\u00a0Przy ich obecnej pozycji oni zwyczajnie nie maj\u0105 powod\u00f3w, aby si\u0119 \u015bpieszy\u0107.\u00a0<\/p>\n<p>Szybszej reakcji mo\u017cemy si\u0119 spodziewa\u0107 po niszowych producentach, jak Tecno. Ale ani nie b\u0119d\u0105 to dobrze wyposa\u017cone urz\u0105dzenia, ani \u0142atwo dost\u0119pne w Polsce. Najwi\u0119ksz\u0105 nadziej\u0119 pok\u0142ada\u0142bym w Xiaomi. To oni wychodz\u0105 najszerzej ze swoimi smartfonami spo\u015br\u00f3d chi\u0144skich marek, ale na razie nie mamy \u017cadnych informacji na temat prac nad szerokimi smartfonami po ich stronie.\u00a0<\/p>\n<p>Mo\u017ce zainteresuje Ci\u0119 tak\u017ce:\u00a0<\/p>\n","protected":false},"excerpt":{"rendered":"Od kilku tygodni w sieci pojawia\u0142y si\u0119 kolejne informacje o tym, \u017ce Huawei pracuje nad smartfonem z ekranem&hellip;\n","protected":false},"author":2,"featured_media":637242,"comment_status":"","ping_status":"","sticky":false,"template":"","format":"standard","meta":{"footnotes":"","_share_on_mastodon":"0"},"categories":[20],"tags":[120,118,119,42,38,40,39,41,116,114,115,121,1348,117],"class_list":["post-637241","post","type-post","status-publish","format-standard","has-post-thumbnail","category-nauka-i-technika","tag-nauka","tag-nauka-i-technika","tag-naukatechnika","tag-pl","tag-poland","tag-polish","tag-polska","tag-polski","tag-science","tag-science-and-technology","tag-sciencetechnology","tag-technika","tag-technologia","tag-technology"],"share_on_mastodon":{"url":"https:\/\/pubeurope.com\/@pl\/117134072915347092","error":""},"_links":{"self":[{"href":"https:\/\/www.europesays.com\/pl\/wp-json\/wp\/v2\/posts\/637241","targetHints":{"allow":["GET"]}}],"collection":[{"href":"https:\/\/www.europesays.com\/pl\/wp-json\/wp\/v2\/posts"}],"about":[{"href":"https:\/\/www.europesays.com\/pl\/wp-json\/wp\/v2\/types\/post"}],"author":[{"embeddable":true,"href":"https:\/\/www.europesays.com\/pl\/wp-json\/wp\/v2\/users\/2"}],"replies":[{"embeddable":true,"href":"https:\/\/www.europesays.com\/pl\/wp-json\/wp\/v2\/comments?post=637241"}],"version-history":[{"count":0,"href":"https:\/\/www.europesays.com\/pl\/wp-json\/wp\/v2\/posts\/637241\/revisions"}],"wp:featuredmedia":[{"embeddable":true,"href":"https:\/\/www.europesays.com\/pl\/wp-json\/wp\/v2\/media\/637242"}],"wp:attachment":[{"href":"https:\/\/www.europesays.com\/pl\/wp-json\/wp\/v2\/media?parent=637241"}],"wp:term":[{"taxonomy":"category","embeddable":true,"href":"https:\/\/www.europesays.com\/pl\/wp-json\/wp\/v2\/categories?post=637241"},{"taxonomy":"post_tag","embeddable":true,"href":"https:\/\/www.europesays.com\/pl\/wp-json\/wp\/v2\/tags?post=637241"}],"curies":[{"name":"wp","href":"https:\/\/api.w.org\/{rel}","templated":true}]}}