{"id":637289,"date":"2026-08-21T15:19:11","date_gmt":"2026-08-21T15:19:11","guid":{"rendered":"https:\/\/www.europesays.com\/pl\/637289\/"},"modified":"2026-08-21T15:19:11","modified_gmt":"2026-08-21T15:19:11","slug":"sandra-kubicka-cala-w-bandazach-po-blefaroplastyce-jest-naprawde-petarda","status":"publish","type":"post","link":"https:\/\/www.europesays.com\/pl\/637289\/","title":{"rendered":"Sandra Kubicka ca\u0142a w banda\u017cach po blefaroplastyce. &#8222;Jest naprawd\u0119 petarda&#8221;"},"content":{"rendered":"<p><a href=\"https:\/\/plejada.pl\/temat\/sandra-kubicka\/cdfldwm\" id=\"b07d3b6c-5307-40e8-8c0c-baf98da1884e\" rel=\"nofollow noopener\" target=\"_blank\">Sandra Kubicka<\/a> jest jedn\u0105 z najpopularniejszych celebrytek w Polsce, a jej profil na Instagramie \u015bledzi a\u017c 1,1 mln os\u00f3b. Influencerka ch\u0119tnie pokazuje swoje \u017cycie prywatne, a ostatnio wyjawi\u0142a, \u017ce zamierza podda\u0107 si\u0119 operacji plastycznej powiek. Przyzna\u0142a, \u017ce jest to jej gigantyczny kompleks, kt\u00f3ry z wiekiem prawdopodobnie b\u0119dzie stawa\u0142 si\u0119 jeszcze bardziej widoczny, a ona &#8222;pracuje wizerunkiem&#8221;.Dalszy ci\u0105g artyku\u0142u pod materia\u0142em wideo<\/p>\n<p>Celebrytka relacjonowa\u0142a, jak si\u0119 czuje chwil\u0119 przed rozpocz\u0119ciem zabiegu blefaroplastyki, nie kryj\u0105c stresu i \u0142ez.<\/p>\n<blockquote class=\"ods-o-quote\">\n<p class=\"ods-o-quote__paragraph\">Mam szklane oczy, \u017ce chce mi si\u0119 p\u0142aka\u0107 i sama nie wiem dlaczego, bo z jednej strony troch\u0119 si\u0119 boj\u0119, ale te\u017c chyba to s\u0105 \u0142zy wzruszenia i szcz\u0119\u015bcia, bo no nie b\u0119d\u0119 ukrywa\u0107, \u017ce jest to jaki\u015b m\u00f3j kompleks. I dzisiaj zmieniam co\u015b dla siebie. Co chwil\u0119 chodz\u0119 i rycz\u0119 i co chwil\u0119 sobie ocieram \u0142zy i p\u00f3\u017aniej mi przechodzi. I mo\u017ce dla niekt\u00f3rych to jest nic, ale uwierzcie mi, od 13. r.\u017c. pracuj\u0119 twarz\u0105, cia\u0142em i to jest m\u00f3j gigantyczny kompleks<\/p>\n<\/blockquote>\n<p>\u2014 m\u00f3wi\u0142a.<\/p>\n<p>Sandra Kubicka ca\u0142a w banda\u017cach. &#8222;Opr\u00f3cz tego, \u017ce wycina\u0142am sk\u00f3r\u0119&#8221;<\/p>\n<p>Sandra Kubicka odezwa\u0142a si\u0119 do fan\u00f3w r\u00f3wnie\u017c nied\u0142ugo po zabiegu, prezentuj\u0105c zabanda\u017cowan\u0105 twarz. &#8222;Sam zabieg \u2014 petarda, nic nie czu\u0142am, ale teraz&#8230;&#8221; \u2014 zrelacjonowa\u0142a.<\/p>\n<p>Celebrytka od razu postanowi\u0142a zdementowa\u0107 plotki, wed\u0142ug kt\u00f3rych operowa\u0142a te\u017c dolne powieki. &#8222;Zrobi\u0142am wy\u0142\u0105cznie blefaroplastyk\u0119 g\u00f3rnych powiek&#8221; \u2014 wyja\u015bni\u0142a.<\/p>\n<p><img class=\"ods-a-photo ods-a-photo--background\" src=\"https:\/\/www.europesays.com\/pl\/wp-content\/uploads\/2026\/08\/RKkk9lBaHR0cHM6Ly9vY2RuLmV1L3B1bHNjbXMvTURBXy83NTViYjcxNDZmNjVhYzQ1OTVmZjA2YjYwMDVhYjNkMS5wbmeSlQPNA.jpeg\" height=\"800\" width=\"445\" alt=\"Sandra Kubicka na Instastory\" loading=\"lazy\" fetchpriority=\"auto\" decoding=\"auto\"\/><\/p>\n<p>https:\/\/www.instagram.com\/sandrakubicka\/?hl=pl<\/p>\n<p>Sandra Kubicka na Instastory<\/p>\n<p>Kubicka za tydzie\u0144 musi uda\u0107 si\u0119 do kliniki na zdj\u0119cie szw\u00f3w i do tej pory b\u0119dzie chodzi\u0107 w banda\u017cach, kt\u00f3re s\u0105 niezb\u0119dne do szybkiej rekonwalescencji.<\/p>\n<blockquote class=\"ods-o-quote\">\n<p class=\"ods-o-quote__paragraph\">Ju\u017c by\u0142am w klinice na krioterapii, \u017ceby sch\u0142odzi\u0107 te blizny i pani doktor, kt\u00f3ra mnie dzisiaj przyj\u0119\u0142a, spojrza\u0142a na mnie i powiedzia\u0142a, \u017ce jest naprawd\u0119 petarda. Opr\u00f3cz tego, \u017ce wycina\u0142am sk\u00f3r\u0119, to wyci\u0119li\u015bmy te\u017c przepuklin\u0119, poduszki t\u0142uszczowe<\/p>\n<\/blockquote>\n<p>\u2014 opowiada\u0142a na Insatstory.<\/p>\n<p><img class=\"ods-a-photo ods-a-photo--background\" src=\"https:\/\/www.europesays.com\/pl\/wp-content\/uploads\/2026\/08\/WXnk9lBaHR0cHM6Ly9vY2RuLmV1L3B1bHNjbXMvTURBXy80MmIyZTkyOGFjMDJkZGI5ODNiZTMzMTVmY2FhMTM4ZC5wbmeSlQPNA.jpeg\" height=\"800\" width=\"432\" alt=\"Sandra Kubicka na Instastory\" loading=\"lazy\" fetchpriority=\"auto\" decoding=\"auto\"\/><\/p>\n<p>https:\/\/www.instagram.com\/sandrakubicka\/?hl=pl<\/p>\n<p>Sandra Kubicka na Instastory<\/p>\n<p class=\"ods-o-frame-in-text__paragraph\">Zobacz tak\u017ce:<\/p>\n<p class=\"ods-o-frame-in-text__paragraph\"><a href=\"https:\/\/www.onet.pl\/muzyka\/onetmuzyka\/ariana-grande-pod-presja-media-i-fani-komentuja-jej-wyglad-i-zdrowie\/84j9cyw,681c1dfa?tpcc=202608_bloczek_plejada\" id=\"363bb963-37da-4826-826a-b6800f3336f1\" rel=\"nofollow noopener\" target=\"_blank\">Nowy klip Ariany Grande budzi silne emocje. &#8222;Ona znika na naszych oczach&#8221;<\/a><\/p>\n<p><img class=\"ods-a-photo ods-a-photo--background\" src=\"https:\/\/www.europesays.com\/pl\/wp-content\/uploads\/2026\/08\/lkuk9lBaHR0cHM6Ly9vY2RuLmV1L3B1bHNjbXMvTURBXy81OWRhMjc3YThmZmQ1ODM0ZjI0YzdmYTc5OWU2NjNjMS5qcGeRlQLNA.jpeg\" height=\"675\" width=\"450\" alt=\"Ariana Grande\" loading=\"lazy\" fetchpriority=\"low\" decoding=\"async\"\/>Dzi\u0119kujemy, \u017ce przeczyta\u0142a\u015b\/e\u015b nasz artyku\u0142 do ko\u0144ca. W serwisie Plejada.pl ka\u017cdego dnia piszemy o najwa\u017cniejszych wydarzeniach show-biznesowych. B\u0105d\u017a na bie\u017c\u0105co!<a rel=\"nofollow noopener\" href=\"https:\/\/profile.google.com\/cp\/Cg0vZy8xMWJ6X19wdHBx\" id=\"e4a65562-79dc-48ab-8368-11fc3fb55b16\" target=\"_blank\"> Obserwuj<\/a> Plejad\u0119 w Google. Odwied\u017a nas tak\u017ce na<a rel=\"nofollow noopener\" href=\"https:\/\/www.facebook.com\/plejadapl\" id=\"437daffe-cc06-4635-a516-873a4dc47d32\" target=\"_blank\"> Facebooku<\/a>,<a rel=\"nofollow noopener\" href=\"https:\/\/www.instagram.com\/plejadapl\/\" id=\"9cf3b80f-7ebc-48d1-bed3-0dcc7636ce50\" target=\"_blank\"> Instagramie<\/a>,<a rel=\"nofollow noopener\" href=\"https:\/\/www.youtube.com\/c\/plejada\" id=\"bfb62455-5b59-44b2-a88c-861f3d6698ad\" target=\"_blank\"> YouTubie<\/a> oraz<a rel=\"nofollow noopener\" href=\"https:\/\/www.tiktok.com\/@plejada_pl\" id=\"2d359b73-d1b7-413b-9aba-1dab8c071529\" target=\"_blank\"> TikToku<\/a>.Chcesz podzieli\u0107 si\u0119 ciekawym newsem lub zaproponowa\u0107 temat? Skontaktuj si\u0119 z nami, pisz\u0105c maila na adres: <a rel=\"nofollow noopener\" href=\"https:\/\/www.onet.pl\/styl-zycia\/plejada\/sandra-kubicka-cala-w-bandazach-po-blefaroplastyce-jest-naprawde-petarda\/mailto:plejada@redakcjaonet.pl\" id=\"8e43d6d5-5bda-42e5-866d-73f36fdb710c\" target=\"_blank\">plejada@redakcjaonet.pl<\/a>.<script async src=\"\/\/www.instagram.com\/embed.js\"><\/script><script async src=\"\/\/www.tiktok.com\/embed.js\"><\/script><\/p>\n","protected":false},"excerpt":{"rendered":"Sandra Kubicka jest jedn\u0105 z najpopularniejszych celebrytek w Polsce, a jej profil na Instagramie \u015bledzi a\u017c 1,1 mln&hellip;\n","protected":false},"author":2,"featured_media":637290,"comment_status":"","ping_status":"","sticky":false,"template":"","format":"standard","meta":{"footnotes":"","_share_on_mastodon":"0"},"categories":[22],"tags":[125128,61195,122,48,125,46,14930,55,42,38,40,39,41,123,2992,47],"class_list":["post-637289","post","type-post","status-publish","format-standard","has-post-thumbnail","category-rozrywka","tag-blefaroplastyka","tag-bottomfeed_styl","tag-entertainment","tag-nat_styl","tag-newsy","tag-omp","tag-operacje_plastyczne","tag-phx","tag-pl","tag-poland","tag-polish","tag-polska","tag-polski","tag-rozrywka","tag-sandra_kubicka","tag-screening_general"],"share_on_mastodon":{"url":"https:\/\/pubeurope.com\/@pl\/117134175016589334","error":""},"_links":{"self":[{"href":"https:\/\/www.europesays.com\/pl\/wp-json\/wp\/v2\/posts\/637289","targetHints":{"allow":["GET"]}}],"collection":[{"href":"https:\/\/www.europesays.com\/pl\/wp-json\/wp\/v2\/posts"}],"about":[{"href":"https:\/\/www.europesays.com\/pl\/wp-json\/wp\/v2\/types\/post"}],"author":[{"embeddable":true,"href":"https:\/\/www.europesays.com\/pl\/wp-json\/wp\/v2\/users\/2"}],"replies":[{"embeddable":true,"href":"https:\/\/www.europesays.com\/pl\/wp-json\/wp\/v2\/comments?post=637289"}],"version-history":[{"count":0,"href":"https:\/\/www.europesays.com\/pl\/wp-json\/wp\/v2\/posts\/637289\/revisions"}],"wp:featuredmedia":[{"embeddable":true,"href":"https:\/\/www.europesays.com\/pl\/wp-json\/wp\/v2\/media\/637290"}],"wp:attachment":[{"href":"https:\/\/www.europesays.com\/pl\/wp-json\/wp\/v2\/media?parent=637289"}],"wp:term":[{"taxonomy":"category","embeddable":true,"href":"https:\/\/www.europesays.com\/pl\/wp-json\/wp\/v2\/categories?post=637289"},{"taxonomy":"post_tag","embeddable":true,"href":"https:\/\/www.europesays.com\/pl\/wp-json\/wp\/v2\/tags?post=637289"}],"curies":[{"name":"wp","href":"https:\/\/api.w.org\/{rel}","templated":true}]}}