{"id":637382,"date":"2026-08-21T16:10:15","date_gmt":"2026-08-21T16:10:15","guid":{"rendered":"https:\/\/www.europesays.com\/pl\/637382\/"},"modified":"2026-08-21T16:10:15","modified_gmt":"2026-08-21T16:10:15","slug":"burze-suna-przez-polske-sprawdz-gdzie-jest-teraz-najgrozniej-radar","status":"publish","type":"post","link":"https:\/\/www.europesays.com\/pl\/637382\/","title":{"rendered":"Burze sun\u0105 przez Polsk\u0119. Sprawd\u017a, gdzie jest teraz najgro\u017aniej [RADAR]"},"content":{"rendered":"<p>W tym artykule na bie\u017c\u0105co aktualizujemy sytuacj\u0119 pogodow\u0105. Znajdziesz tu r\u00f3wnie\u017c radar burz, dzi\u0119ki kt\u00f3remu sprawdzisz, gdzie obecnie przechodz\u0105 najsilniejsze burze.<\/p>\n<p>Burze nad Polsk\u0105. \u015aledzimy sytuacj\u0119 na \u017cywo<\/p>\n<p>Bie\u017c\u0105ce po\u0142o\u017cenie burz i opad\u00f3w mog\u0105 Pa\u0144stwo \u015bledzi\u0107 na poni\u017cszym radarze:<\/p>\n<p>IMGW ostrzega. Wiatr mo\u017ce osi\u0105ga\u0107 115 km na godz.<\/p>\n<p>IMGW wyda\u0142 szereg ostrze\u017ce\u0144: przed burzami, silnym wiatrem, silnym deszczem z burzami oraz przed intensywnymi opadami deszczu. Najtrudniejsza sytuacja prognozowana jest w pasie od Dolnego \u015al\u0105ska po Warmi\u0119 i wschodnie Pomorze.<\/p>\n<p>W najgorszym wypadku prognozowane jest wyst\u0105pienie opad\u00f3w deszczu do 90 mm, a porywy wiatru mog\u0105 osi\u0105ga\u0107 nawet 115 km na godz.<\/p>\n<p>Szczeg\u00f3lna sytuacja mo\u017ce wyst\u0105pi\u0107 na Dolnym \u015al\u0105sku. W zwi\u0105zku z intensywnymi opadami w zlewniach Sudet\u00f3w i na przedg\u00f3rzu sudeckim spodziewane s\u0105 wzrosty poziomu rzek. Lokalnie mog\u0105 zosta\u0107 przekroczone stany ostrzegawcze. IMGW nie wyklucza r\u00f3wnie\u017c kr\u00f3tkotrwa\u0142ego przekroczenia stan\u00f3w alarmowych, je\u015bli wyst\u0105pi\u0105 szczeg\u00f3lnie intensywne opady. W obszarach zurbanizowanych mo\u017cliwe s\u0105 podtopienia.<\/p>\n<p>Alert RCB w 15 wojew\u00f3dztwachZe wzgl\u0119du na skal\u0119 zagro\u017cenia Rz\u0105dowe Centrum Bezpiecze\u0144stwa wys\u0142a\u0142o wiadomo\u015bci ostrzegawcze do mieszka\u0144c\u00f3w zdecydowanej wi\u0119kszo\u015bci kraju. <a href=\"https:\/\/wiadomosci.onet.pl\/kraj\/grozne-burze-nadciagaja-nad-polske-rcb-rozeslalo-alerty\/7z5xhe8\" id=\"65131e54-dbeb-4bc6-abf4-26708f6c0e36\" rel=\"nofollow noopener\" target=\"_blank\">Alert RCB trafi\u0142 do mieszka\u0144c\u00f3w 15 wojew\u00f3dztw, z wyj\u0105tkiem woj. zachodniopomorskiego<\/a>.<\/p>\n<p>Przed nadci\u0105gaj\u0105cymi ulewami i burzami ostrzega te\u017c MSWiA. &#8222;S\u0142u\u017cby s\u0105 w pe\u0142nej gotowo\u015bci&#8221; \u2014 zapewnia resort.<\/p>\n<p>Nowa prognoza opadu od Instytutu Meteorologii i Gospodarki Wodnej na najbli\u017csze godziny.<\/p>\n","protected":false},"excerpt":{"rendered":"W tym artykule na bie\u017c\u0105co aktualizujemy sytuacj\u0119 pogodow\u0105. Znajdziesz tu r\u00f3wnie\u017c radar burz, dzi\u0119ki kt\u00f3remu sprawdzisz, gdzie obecnie&hellip;\n","protected":false},"author":2,"featured_media":637383,"comment_status":"","ping_status":"","sticky":false,"template":"","format":"standard","meta":{"footnotes":"","_share_on_mastodon":"0"},"categories":[12],"tags":[61195,14276,49,48,46,42,78,38,40,39,41,19576,47],"class_list":["post-637382","post","type-post","status-publish","format-standard","has-post-thumbnail","category-polska","tag-bottomfeed_styl","tag-burze","tag-kraj","tag-nat_styl","tag-omp","tag-pl","tag-pogoda","tag-poland","tag-polish","tag-polska","tag-polski","tag-prognoza_pogody","tag-screening_general"],"share_on_mastodon":{"url":"https:\/\/pubeurope.com\/@pl\/117134375391245358","error":""},"_links":{"self":[{"href":"https:\/\/www.europesays.com\/pl\/wp-json\/wp\/v2\/posts\/637382","targetHints":{"allow":["GET"]}}],"collection":[{"href":"https:\/\/www.europesays.com\/pl\/wp-json\/wp\/v2\/posts"}],"about":[{"href":"https:\/\/www.europesays.com\/pl\/wp-json\/wp\/v2\/types\/post"}],"author":[{"embeddable":true,"href":"https:\/\/www.europesays.com\/pl\/wp-json\/wp\/v2\/users\/2"}],"replies":[{"embeddable":true,"href":"https:\/\/www.europesays.com\/pl\/wp-json\/wp\/v2\/comments?post=637382"}],"version-history":[{"count":0,"href":"https:\/\/www.europesays.com\/pl\/wp-json\/wp\/v2\/posts\/637382\/revisions"}],"wp:featuredmedia":[{"embeddable":true,"href":"https:\/\/www.europesays.com\/pl\/wp-json\/wp\/v2\/media\/637383"}],"wp:attachment":[{"href":"https:\/\/www.europesays.com\/pl\/wp-json\/wp\/v2\/media?parent=637382"}],"wp:term":[{"taxonomy":"category","embeddable":true,"href":"https:\/\/www.europesays.com\/pl\/wp-json\/wp\/v2\/categories?post=637382"},{"taxonomy":"post_tag","embeddable":true,"href":"https:\/\/www.europesays.com\/pl\/wp-json\/wp\/v2\/tags?post=637382"}],"curies":[{"name":"wp","href":"https:\/\/api.w.org\/{rel}","templated":true}]}}