{"id":637386,"date":"2026-08-21T16:13:10","date_gmt":"2026-08-21T16:13:10","guid":{"rendered":"https:\/\/www.europesays.com\/pl\/637386\/"},"modified":"2026-08-21T16:13:10","modified_gmt":"2026-08-21T16:13:10","slug":"caly-swiat-mowil-o-skandalu-po-finale-ms-gigantyczna-kara","status":"publish","type":"post","link":"https:\/\/www.europesays.com\/pl\/637386\/","title":{"rendered":"Ca\u0142y \u015bwiat m\u00f3wi\u0142 o skandalu po finale M\u015a. Gigantyczna kara"},"content":{"rendered":"\n<p class=\"contentpart contentpart--default contentpart--text\" data-position=\"0\">Do awantury dosz\u0142o po zako\u0144czeniu fina\u0142u mundialu, w kt\u00f3rym Hiszpania pokona\u0142a Argentyn\u0119 1:0 po dogrywce. Tu\u017c po ostatnim gwizdku na murawie wybuch\u0142a przepychanka. <a href=\"https:\/\/sportowefakty.wp.pl\/pilka-nozna\/leandro-paredes\" rel=\"nofollow noopener\" target=\"_blank\">Leandro Paredes<\/a>\u00a0star\u0142 si\u0119 najpierw z Erikiem Garci\u0105, a nast\u0119pnie zaatakowa\u0142 Gaviego. Ca\u0142a sytuacja szybko przerodzi\u0142a si\u0119 w wi\u0119ksz\u0105 b\u00f3jk\u0119 z udzia\u0142em zawodnik\u00f3w obu dru\u017cyn.<\/p>\n<p class=\"contentpart contentpart--default contentpart--text\" data-position=\"1\">FIFA wszcz\u0119\u0142a post\u0119powanie dyscyplinarne i teraz og\u0142osi\u0142a jego rezultaty. Najsurowsza kara spotka\u0142a w\u0142a\u015bnie Paredesa. Argenty\u0144czyk zosta\u0142 zawieszony na dziesi\u0119\u0107 mecz\u00f3w reprezentacji oraz ukarany grzywn\u0105 w wysoko\u015bci 90 tys. dolar\u00f3w. Sankcja b\u0119dzie obowi\u0105zywa\u0107 w kolejnych spotkaniach kadry.<\/p>\n<p>  <img decoding=\"async\" src=\"https:\/\/v.wpimg.pl\/X3dwLnN2d1IFFTpdYUl6R0ZNbgcnEHQREVV2TGEGbUtRT2MdOlZ2RBQUKABgQjQcDRotCStBd1IAAWMeIlM7VgwYIAorQAdEFFk_GCkQJQ\" alt=\"\" width=\"45\" height=\"58\" loading=\"lazy\"\/>  <\/p>\n<p class=\"contentpart contentpart--default contentpart--text\" data-position=\"2\">Na tym lista kar si\u0119 nie ko\u0144czy. Nahuel Molina otrzyma\u0142 siedem mecz\u00f3w zawieszenia i r\u00f3wnie\u017c zap\u0142aci 90 tys. dolar\u00f3w. Thiago Almada oraz Gavi zostali odsuni\u0119ci od jednego spotkania i ukarani grzywnami po 30 tys. dolar\u00f3w, natomiast cz\u0142onek sztabu Argentyny Roberto Ayala nie b\u0119dzie m\u00f3g\u0142 uczestniczy\u0107 w trzech meczach.<\/p>\n<p class=\"contentpart contentpart--default contentpart--text\" data-position=\"3\">Ogromne konsekwencje poniesie tak\u017ce Argenty\u0144ska Federacja Pi\u0142karska. FIFA na\u0142o\u017cy\u0142a na ni\u0105 kary finansowe wynosz\u0105ce \u0142\u0105cznie 321 tys. dolar\u00f3w za szereg przewinie\u0144 podczas mundialu, w tym zachowanie kibic\u00f3w, kwestie bezpiecze\u0144stwa oraz wykorzystywanie wydarze\u0144 sportowych do manifestacji o charakterze pozasportowym. 100 tys. dolar\u00f3w z tej kwoty ma zosta\u0107 przeznaczone na dzia\u0142ania przeciwko dyskryminacji.<\/p>\n<p class=\"contentpart contentpart--default contentpart--text\" data-position=\"4\">Argentyna b\u0119dzie musia\u0142a r\u00f3wnie\u017c rozegra\u0107 dwa najbli\u017csze mecze u siebie przy ograniczonej do 50 proc. liczbie widz\u00f3w, cho\u0107 wykonanie cz\u0119\u015bci tej sankcji zosta\u0142o warunkowo zawieszone. Wszystkie decyzje komisji dyscyplinarnej FIFA mog\u0105 jeszcze zosta\u0107 zaskar\u017cone.<\/p>\n<p>  <img decoding=\"async\" src=\"https:\/\/v.wpimg.pl\/X3dwLnN2d1IFFTpdYUl6R0ZNbgcnEHQREVV2TGEGbUtRT2MdOlZ2RBQUKABgQjQcDRotCStBd1IAAWMeIlM7VgwYIAorQAdEFFk_GCkQJQ\" alt=\"\" width=\"45\" height=\"58\" loading=\"lazy\"\/>  <\/p>\n<p class=\"contentpart contentpart--default contentpart--text\" data-position=\"5\">ZOBACZ WIDEO: Polak \u017cyje w Hiszpanii jak w raju. &#8222;Nie musz\u0119 si\u0119 martwi\u0107 o jutro&#8221;<\/p>\n","protected":false},"excerpt":{"rendered":"Do awantury dosz\u0142o po zako\u0144czeniu fina\u0142u mundialu, w kt\u00f3rym Hiszpania pokona\u0142a Argentyn\u0119 1:0 po dogrywce. Tu\u017c po ostatnim&hellip;\n","protected":false},"author":2,"featured_media":637387,"comment_status":"","ping_status":"","sticky":false,"template":"","format":"standard","meta":{"footnotes":"","_share_on_mastodon":"0"},"categories":[24],"tags":[968,112127,3037,9090,989,269,1286,42,38,40,39,41,1287,127,126],"class_list":["post-637386","post","type-post","status-publish","format-standard","has-post-thumbnail","category-sport","tag-argentyna","tag-leandro-paredes","tag-mistrzostwa-swiata","tag-mistrzostwa-swiata-2026","tag-pilka-na-swiecie","tag-pilka-nozna","tag-pilka-nozna-w-argentynie","tag-pl","tag-poland","tag-polish","tag-polska","tag-polski","tag-reprezentacja-argentyny","tag-sport","tag-sports"],"share_on_mastodon":{"url":"https:\/\/pubeurope.com\/@pl\/117134388152742768","error":""},"_links":{"self":[{"href":"https:\/\/www.europesays.com\/pl\/wp-json\/wp\/v2\/posts\/637386","targetHints":{"allow":["GET"]}}],"collection":[{"href":"https:\/\/www.europesays.com\/pl\/wp-json\/wp\/v2\/posts"}],"about":[{"href":"https:\/\/www.europesays.com\/pl\/wp-json\/wp\/v2\/types\/post"}],"author":[{"embeddable":true,"href":"https:\/\/www.europesays.com\/pl\/wp-json\/wp\/v2\/users\/2"}],"replies":[{"embeddable":true,"href":"https:\/\/www.europesays.com\/pl\/wp-json\/wp\/v2\/comments?post=637386"}],"version-history":[{"count":0,"href":"https:\/\/www.europesays.com\/pl\/wp-json\/wp\/v2\/posts\/637386\/revisions"}],"wp:featuredmedia":[{"embeddable":true,"href":"https:\/\/www.europesays.com\/pl\/wp-json\/wp\/v2\/media\/637387"}],"wp:attachment":[{"href":"https:\/\/www.europesays.com\/pl\/wp-json\/wp\/v2\/media?parent=637386"}],"wp:term":[{"taxonomy":"category","embeddable":true,"href":"https:\/\/www.europesays.com\/pl\/wp-json\/wp\/v2\/categories?post=637386"},{"taxonomy":"post_tag","embeddable":true,"href":"https:\/\/www.europesays.com\/pl\/wp-json\/wp\/v2\/tags?post=637386"}],"curies":[{"name":"wp","href":"https:\/\/api.w.org\/{rel}","templated":true}]}}