{"id":637476,"date":"2026-08-21T17:05:11","date_gmt":"2026-08-21T17:05:11","guid":{"rendered":"https:\/\/www.europesays.com\/pl\/637476\/"},"modified":"2026-08-21T17:05:11","modified_gmt":"2026-08-21T17:05:11","slug":"niewybuch-na-zakopiance-w-libertowie-ruch-zostal-wstrzymany","status":"publish","type":"post","link":"https:\/\/www.europesays.com\/pl\/637476\/","title":{"rendered":"Niewybuch na zakopiance w Libertowie. Ruch zosta\u0142 wstrzymany"},"content":{"rendered":"<p>&#8222;W zwi\u0105zku z odnalezieniem niewybuchu w miejscowo\u015bci Libert\u00f3w, informujemy, \u017ce w celu zapewnienia bezpiecze\u0144stwa ruch drogowy na drodze krajowej nr 7 zostanie czasowo wstrzymany&#8221; \u2014 przekaza\u0142a krakowska policja.<\/p>\n<p>Wst\u0119pnie blokada mia\u0142a potrwa\u0107 od 15 do 20 minut. Utrudnienia mog\u0105 obowi\u0105zywa\u0107 do czasu zabezpieczenia i usuni\u0119cia niewybuchu przez uprawnione s\u0142u\u017cby.<\/p>\n<p>Funkcjonariusze apeluj\u0105 do kierowc\u00f3w o stosowanie si\u0119 do polece\u0144 policjant\u00f3w oraz, w miar\u0119 mo\u017cliwo\u015bci, wybieranie alternatywnych tras.<\/p>\n","protected":false},"excerpt":{"rendered":"&#8222;W zwi\u0105zku z odnalezieniem niewybuchu w miejscowo\u015bci Libert\u00f3w, informujemy, \u017ce w celu zapewnienia bezpiecze\u0144stwa ruch drogowy na drodze&hellip;\n","protected":false},"author":2,"featured_media":637477,"comment_status":"","ping_status":"","sticky":false,"template":"","format":"standard","meta":{"footnotes":"","_share_on_mastodon":"0"},"categories":[51606],"tags":[61195,1304,48,46,42,38,414,40,39,41,47,9507],"class_list":["post-637476","post","type-post","status-publish","format-standard","has-post-thumbnail","category-krakow","tag-bottomfeed_styl","tag-krakow","tag-nat_styl","tag-omp","tag-pl","tag-poland","tag-policja","tag-polish","tag-polska","tag-polski","tag-screening_general","tag-zakopianka"],"share_on_mastodon":{"url":"https:\/\/pubeurope.com\/@pl\/117134591624785786","error":""},"_links":{"self":[{"href":"https:\/\/www.europesays.com\/pl\/wp-json\/wp\/v2\/posts\/637476","targetHints":{"allow":["GET"]}}],"collection":[{"href":"https:\/\/www.europesays.com\/pl\/wp-json\/wp\/v2\/posts"}],"about":[{"href":"https:\/\/www.europesays.com\/pl\/wp-json\/wp\/v2\/types\/post"}],"author":[{"embeddable":true,"href":"https:\/\/www.europesays.com\/pl\/wp-json\/wp\/v2\/users\/2"}],"replies":[{"embeddable":true,"href":"https:\/\/www.europesays.com\/pl\/wp-json\/wp\/v2\/comments?post=637476"}],"version-history":[{"count":0,"href":"https:\/\/www.europesays.com\/pl\/wp-json\/wp\/v2\/posts\/637476\/revisions"}],"wp:featuredmedia":[{"embeddable":true,"href":"https:\/\/www.europesays.com\/pl\/wp-json\/wp\/v2\/media\/637477"}],"wp:attachment":[{"href":"https:\/\/www.europesays.com\/pl\/wp-json\/wp\/v2\/media?parent=637476"}],"wp:term":[{"taxonomy":"category","embeddable":true,"href":"https:\/\/www.europesays.com\/pl\/wp-json\/wp\/v2\/categories?post=637476"},{"taxonomy":"post_tag","embeddable":true,"href":"https:\/\/www.europesays.com\/pl\/wp-json\/wp\/v2\/tags?post=637476"}],"curies":[{"name":"wp","href":"https:\/\/api.w.org\/{rel}","templated":true}]}}