{"id":637508,"date":"2026-08-21T17:25:13","date_gmt":"2026-08-21T17:25:13","guid":{"rendered":"https:\/\/www.europesays.com\/pl\/637508\/"},"modified":"2026-08-21T17:25:13","modified_gmt":"2026-08-21T17:25:13","slug":"uefa-zdecydowala-kary-dla-jagiellonii-i-rakowa","status":"publish","type":"post","link":"https:\/\/www.europesays.com\/pl\/637508\/","title":{"rendered":"UEFA zdecydowa\u0142a. Kary dla Jagiellonii i Rakowa"},"content":{"rendered":"\n<p class=\"contentpart contentpart--default contentpart--text\" data-position=\"0\">Bardzo efektown\u0105 opraw\u0119 przygotowali kibice Jagiellonii Bia\u0142ystok przy okazji meczu z Rangers FC w III rundzie eliminacji Ligi Europy.<\/p>\n<p class=\"contentpart contentpart--default contentpart--text\" data-position=\"1\">Tyle\u017c efektowna, co &#8211; jak si\u0119 okazuje &#8211; bardzo kosztowna. UEFA oczywi\u015bcie nie przesz\u0142a obok tego oboj\u0119tnie i postanowi\u0142a &#8222;nagrodzi\u0107&#8221; klub dotkliw\u0105 kar\u0105 finansow\u0105.<\/p>\n<p>  <img decoding=\"async\" src=\"https:\/\/v.wpimg.pl\/X3dwLnN2d1IFFTpdYUl6R0ZNbgcnEHQREVV2TGEGbUtRT2MdOlZ2RBQUKABgQjQcDRotCStBd1IAAWMeIlM7VgwYIAorQAdEFFk_GCkQJQ\" alt=\"\" width=\"45\" height=\"58\" loading=\"lazy\"\/>  <\/p>\n<p class=\"contentpart contentpart--default contentpart--text\" data-position=\"2\">Jagiellonia b\u0119dzie musia\u0142a zap\u0142aci\u0107 60 tys. euro za u\u017cycie przez kibic\u00f3w du\u017cych ilo\u015bci \u015brodk\u00f3w pirotechnicznych. A to nie wszystko, bo kolejne 11 tys. euro kosztuje blokowanie przej\u015b\u0107. Ma\u0142o? To jeszcze 15 tys. euro za op\u00f3\u017anienie rozpocz\u0119cia meczu.<\/p>\n<p class=\"contentpart contentpart--default contentpart--text\" data-position=\"3\">ZOBACZ WIDEO: Niedosyt w Zabrzu po szalonym meczu. Fani podzi\u0119kowali pi\u0142karzom<\/p>\n<p class=\"contentpart contentpart--default contentpart--text\" data-position=\"5\">Ale uszczupli si\u0119 nie tylko bud\u017cet Jagiellonii. Po kieszeni dosta\u0142 te\u017c Rak\u00f3w Cz\u0119stochowa.<\/p>\n<p class=\"contentpart contentpart--default contentpart--text\" data-position=\"6\">Tym razem niewiele, bo 8 tys. euro za blokowanie przej\u015b\u0107 w meczu z Vallett\u0105 FC.<\/p>\n<p class=\"contentpart contentpart--default contentpart--text\" data-position=\"7\">Ponadto jeden z cz\u0142onk\u00f3w sztabu szkoleniowego (Pawe\u0142 Drechsler) zosta\u0142 zdyskwalifikowany na jeden mecz w zwi\u0105zku z czerwon\u0105 kartk\u0105, kt\u00f3r\u0105 ujrza\u0142 w rewan\u017cowym spotkaniu z Hammarby IF.<\/p>\n<p>  <img decoding=\"async\" src=\"https:\/\/v.wpimg.pl\/X3dwLnN2d1IFFTpdYUl6R0ZNbgcnEHQREVV2TGEGbUtRT2MdOlZ2RBQUKABgQjQcDRotCStBd1IAAWMeIlM7VgwYIAorQAdEFFk_GCkQJQ\" alt=\"\" width=\"45\" height=\"58\" loading=\"lazy\"\/>  <\/p>\n<p class=\"contentpart contentpart--default contentpart--text\" data-position=\"8\">Przypomnijmy, \u017ce w ubieg\u0142ym tygodniu Rak\u00f3w otrzyma\u0142 kar\u0119 w wysoko\u015bci blisko 300 tys. z\u0142otych (60 tys. euro) za pirotechnik\u0119 (<a href=\"https:\/\/sportowefakty.wp.pl\/pilka-nozna\/1267566\/blisko-300-tys-zlotych-uefa-ukarala-rakow\" rel=\"nofollow noopener\" target=\"_blank\">&#8212;-&gt; WI\u0118CEJ<\/a>).<\/p>\n","protected":false},"excerpt":{"rendered":"Bardzo efektown\u0105 opraw\u0119 przygotowali kibice Jagiellonii Bia\u0142ystok przy okazji meczu z Rangers FC w III rundzie eliminacji Ligi&hellip;\n","protected":false},"author":2,"featured_media":637509,"comment_status":"","ping_status":"","sticky":false,"template":"","format":"standard","meta":{"footnotes":"","_share_on_mastodon":"0"},"categories":[51614],"tags":[2151,45807,2368,693,2615,5240,5635,2367,269,42,38,40,39,41,2369,3098],"class_list":["post-637508","post","type-post","status-publish","format-standard","has-post-thumbnail","category-bialystok","tag-bialystok","tag-chorten-arena-w-bialymstoku","tag-czestochowa","tag-europejskie-puchary","tag-jagiellonia-bialystok","tag-liga-europy","tag-liga-konferencji","tag-miejski-stadion-pilkarski-rakow-w-czestochowie","tag-pilka-nozna","tag-pl","tag-poland","tag-polish","tag-polska","tag-polski","tag-rakow-czestochowa","tag-uefa"],"share_on_mastodon":{"url":"https:\/\/pubeurope.com\/@pl\/117134671461835826","error":""},"_links":{"self":[{"href":"https:\/\/www.europesays.com\/pl\/wp-json\/wp\/v2\/posts\/637508","targetHints":{"allow":["GET"]}}],"collection":[{"href":"https:\/\/www.europesays.com\/pl\/wp-json\/wp\/v2\/posts"}],"about":[{"href":"https:\/\/www.europesays.com\/pl\/wp-json\/wp\/v2\/types\/post"}],"author":[{"embeddable":true,"href":"https:\/\/www.europesays.com\/pl\/wp-json\/wp\/v2\/users\/2"}],"replies":[{"embeddable":true,"href":"https:\/\/www.europesays.com\/pl\/wp-json\/wp\/v2\/comments?post=637508"}],"version-history":[{"count":0,"href":"https:\/\/www.europesays.com\/pl\/wp-json\/wp\/v2\/posts\/637508\/revisions"}],"wp:featuredmedia":[{"embeddable":true,"href":"https:\/\/www.europesays.com\/pl\/wp-json\/wp\/v2\/media\/637509"}],"wp:attachment":[{"href":"https:\/\/www.europesays.com\/pl\/wp-json\/wp\/v2\/media?parent=637508"}],"wp:term":[{"taxonomy":"category","embeddable":true,"href":"https:\/\/www.europesays.com\/pl\/wp-json\/wp\/v2\/categories?post=637508"},{"taxonomy":"post_tag","embeddable":true,"href":"https:\/\/www.europesays.com\/pl\/wp-json\/wp\/v2\/tags?post=637508"}],"curies":[{"name":"wp","href":"https:\/\/api.w.org\/{rel}","templated":true}]}}