{"id":637524,"date":"2026-08-21T17:34:20","date_gmt":"2026-08-21T17:34:20","guid":{"rendered":"https:\/\/www.europesays.com\/pl\/637524\/"},"modified":"2026-08-21T17:34:20","modified_gmt":"2026-08-21T17:34:20","slug":"niewybuch-pod-krakowem-ruch-na-zakopiance-zostal-wstrzymany","status":"publish","type":"post","link":"https:\/\/www.europesays.com\/pl\/637524\/","title":{"rendered":"Niewybuch pod Krakowem! Ruch na zakopiance zosta\u0142 wstrzymany"},"content":{"rendered":"<p><a class=\"atomsListingArticleTileWithSeparatedLink__img atomsListingArticleTileWithSeparatedLink__img--withGallery\" href=\"https:\/\/krakow.naszemiasto.pl\/przerwy-w-dostawach-pradu-w-krakowie-i-okolicach-od-21-do-25-sierpnia-powazna-awaria-w-powiecie-myslenickim\/ar\/c1p2-29282793\" title=\"Przerwy w dostawach pr&#x105;du w Krakowie i okolicach od 21 do 25 sierpnia. Powa&#x17C;na awaria w powiecie my&#x15B;lenickim\" data-icon-variant=\"withGallery\" data-ec=\"atomsListingArticleTileWithSeparatedLink\" data-event-position-el=\"link\" aria-hidden=\"true\" focusable=\"false\" tabindex=\"-1\" rel=\"nofollow noopener\" target=\"_blank\"><img decoding=\"async\" class=\"atomsListingArticleTileWithSeparatedLink__tileImg\" loading=\"lazy\" src=\"https:\/\/www.europesays.com\/pl\/wp-content\/uploads\/2026\/08\/260820063f_974318097_medium.jpg\" data-image-type=\"articles\" alt=\"Przerwy w dostawach pr&#x105;du w Krakowie i okolicach od 21 do 25 sierpnia. Powa&#x17C;na awaria w powiecie my&#x15B;lenickim\"\/><\/a><a class=\"atomsListingArticleTileWithSeparatedLink__titleLink\" href=\"https:\/\/krakow.naszemiasto.pl\/przerwy-w-dostawach-pradu-w-krakowie-i-okolicach-od-21-do-25-sierpnia-powazna-awaria-w-powiecie-myslenickim\/ar\/c1p2-29282793\" title=\"Przerwy w dostawach pr&#x105;du w Krakowie i okolicach od 21 do 25 sierpnia. Powa&#x17C;na awaria w powiecie my&#x15B;lenickim\" data-ec=\"atomsListingArticleTileWithSeparatedLink\" data-event-position-el=\"link\" rel=\"nofollow noopener\" target=\"_blank\">Przerwy w dostawach pr\u0105du w Krakowie i okolicach od 21 do 25 sierpnia. Powa\u017cna awaria w powiecie my\u015blenickim<\/a><\/p>\n<p class=\"atomsListingArticleTileWithSeparatedLink__lead\">Mieszka\u0144cy Krakowa i okolic powinni przygotowa\u0107 si\u0119 na czasowe przerwy w dostawie pr\u0105du. Wy\u0142\u0105czenia zaplanowano od 21 do 25 sierpnia i s\u0105 zwi\u0105zane g\u0142\u00f3wnie z&#8230;<\/p>\n<p>\n            21 sierpnia 2026, 7:47\n          <\/p>\n<p><a class=\"atomsListingArticleTileWithSeparatedLink__img atomsListingArticleTileWithSeparatedLink__img--withVideo\" href=\"https:\/\/krakow.naszemiasto.pl\/nawalnice-armagedon-niedaleko-krakowa-powalone-drzewa-zerwane-dachy-uszkodzone-znaki-drogowe\/ar\/c1p2-29282841\" title=\"Nawa&#x142;nice! Armagedon niedaleko Krakowa! Powalone drzewa, zerwane dachy, uszkodzone znaki drogowe\" data-icon-variant=\"withVideo\" data-ec=\"atomsListingArticleTileWithSeparatedLink\" data-event-position-el=\"link\" aria-hidden=\"true\" focusable=\"false\" tabindex=\"-1\" rel=\"nofollow noopener\" target=\"_blank\"><img decoding=\"async\" class=\"atomsListingArticleTileWithSeparatedLink__tileImg\" loading=\"lazy\" src=\"https:\/\/www.europesays.com\/pl\/wp-content\/uploads\/2026\/08\/2608200911_974320853_medium.jpg\" data-image-type=\"articles\" alt=\"Nawa&#x142;nice! Armagedon niedaleko Krakowa! Powalone drzewa, zerwane dachy, uszkodzone znaki drogowe\"\/><\/a><a class=\"atomsListingArticleTileWithSeparatedLink__titleLink\" href=\"https:\/\/krakow.naszemiasto.pl\/nawalnice-armagedon-niedaleko-krakowa-powalone-drzewa-zerwane-dachy-uszkodzone-znaki-drogowe\/ar\/c1p2-29282841\" title=\"Nawa&#x142;nice! Armagedon niedaleko Krakowa! Powalone drzewa, zerwane dachy, uszkodzone znaki drogowe\" data-ec=\"atomsListingArticleTileWithSeparatedLink\" data-event-position-el=\"link\" rel=\"nofollow noopener\" target=\"_blank\">Nawa\u0142nice! Armagedon niedaleko Krakowa! Powalone drzewa, zerwane dachy, uszkodzone znaki drogowe<\/a><\/p>\n<p class=\"atomsListingArticleTileWithSeparatedLink__lead\">Burza, nawa\u0142nica i silny wiatr w czwartek, 20 sierpnia po po\u0142udniu spowodowa\u0142y powalenie drzew w G\u0142ogoczowie. Zablokowany zosta\u0142 przejazd na zakopiance&#8230;.<\/p>\n<p>\n            20 sierpnia 2026, 18:41\n          <\/p>\n<p><a class=\"atomsListingArticleTileWithSeparatedLink__img\" href=\"https:\/\/krakow.naszemiasto.pl\/ceny-benzyny-w-czwartek-20-sierpnia-minister-podal-konkretne-kwoty\/ar\/c3p2-29278741\" title=\"Ceny benzyny w czwartek 20 sierpnia. Minister poda&#x142; konkretne kwoty\" data-ec=\"atomsListingArticleTileWithSeparatedLink\" data-event-position-el=\"link\" aria-hidden=\"true\" focusable=\"false\" tabindex=\"-1\" rel=\"nofollow noopener\" target=\"_blank\"><img decoding=\"async\" class=\"atomsListingArticleTileWithSeparatedLink__tileImg\" loading=\"lazy\" src=\"https:\/\/www.europesays.com\/pl\/wp-content\/uploads\/2026\/08\/26081912f8_974235015_medium.jpg\" data-image-type=\"articles\" alt=\"Ceny benzyny w czwartek 20 sierpnia. Minister poda&#x142; konkretne kwoty\"\/><\/a><a class=\"atomsListingArticleTileWithSeparatedLink__titleLink\" href=\"https:\/\/krakow.naszemiasto.pl\/ceny-benzyny-w-czwartek-20-sierpnia-minister-podal-konkretne-kwoty\/ar\/c3p2-29278741\" title=\"Ceny benzyny w czwartek 20 sierpnia. Minister poda&#x142; konkretne kwoty\" data-ec=\"atomsListingArticleTileWithSeparatedLink\" data-event-position-el=\"link\" rel=\"nofollow noopener\" target=\"_blank\">Ceny benzyny w czwartek 20 sierpnia. Minister poda\u0142 konkretne kwoty<\/a><\/p>\n<p class=\"atomsListingArticleTileWithSeparatedLink__lead\">W czwartek litr benzyny 95 ma kosztowa\u0107 nie wi\u0119cej ni\u017c 6,49 z\u0142, benzyny 98 &#8211; 7,30 z\u0142, a oleju nap\u0119dowego &#8211; 7,52 z\u0142 &#8211; wynika ze \u015brodowego obwieszczenia Ministra&#8230;<\/p>\n<p>\n            19 sierpnia 2026, 12:24\n          <\/p>\n<p><a class=\"atomsListingArticleTileWithSeparatedLink__img atomsListingArticleTileWithSeparatedLink__img--withGallery\" href=\"https:\/\/krakow.naszemiasto.pl\/ewakuacja-budynku-strazy-miejskiej-w-krakowie-znaleziono-tam-niewybuch\/ar\/c1p2-29276313\" title=\"Ewakuacja budynku Stra&#x17C;y Miejskiej w Krakowie. Znaleziono tam niewybuch\" data-icon-variant=\"withGallery\" data-ec=\"atomsListingArticleTileWithSeparatedLink\" data-event-position-el=\"link\" aria-hidden=\"true\" focusable=\"false\" tabindex=\"-1\" rel=\"nofollow noopener\" target=\"_blank\"><img decoding=\"async\" class=\"atomsListingArticleTileWithSeparatedLink__tileImg\" loading=\"lazy\" src=\"https:\/\/www.europesays.com\/pl\/wp-content\/uploads\/2026\/08\/26081803e1_974166643_medium.jpg\" data-image-type=\"articles\" alt=\"Ewakuacja budynku Stra&#x17C;y Miejskiej w Krakowie. Znaleziono tam niewybuch\"\/><\/a><a class=\"atomsListingArticleTileWithSeparatedLink__titleLink\" href=\"https:\/\/krakow.naszemiasto.pl\/ewakuacja-budynku-strazy-miejskiej-w-krakowie-znaleziono-tam-niewybuch\/ar\/c1p2-29276313\" title=\"Ewakuacja budynku Stra&#x17C;y Miejskiej w Krakowie. Znaleziono tam niewybuch\" data-ec=\"atomsListingArticleTileWithSeparatedLink\" data-event-position-el=\"link\" rel=\"nofollow noopener\" target=\"_blank\">Ewakuacja budynku Stra\u017cy Miejskiej w Krakowie. Znaleziono tam niewybuch<\/a><\/p>\n<p class=\"atomsListingArticleTileWithSeparatedLink__lead\">We wtorkowe popo\u0142udnie, 18 sierpnia, jeden z budynk\u00f3w Stra\u017cy Miejskiej w Krakowie zosta\u0142 ewakuowany. Powodem okaza\u0142 si\u0119 by\u0107 znaleziony tam niewybuch,&#8230;<\/p>\n<p>\n            18 sierpnia 2026, 14:22\n          <\/p>\n<p><a class=\"atomsListingArticleTileWithSeparatedLink__img atomsListingArticleTileWithSeparatedLink__img--withVideo\" href=\"https:\/\/krakow.naszemiasto.pl\/rozkreca-sie-krakowska-gra-o-tron-spacery-wiece-i-plotki-goracy-czas-przedwyborczy-w-stolicy-malopolski\/ar\/c1p2-29263607\" title=\"Rozkr&#x119;ca si&#x119; krakowska &quot;gra o tron&quot;. Spacery, wiece i plotki. Gor&#x105;cy czas przedwyborczy w stolicy Ma&#x142;opolski\" data-icon-variant=\"withVideo\" data-ec=\"atomsListingArticleTileWithSeparatedLink\" data-event-position-el=\"link\" aria-hidden=\"true\" focusable=\"false\" tabindex=\"-1\" rel=\"nofollow noopener\" target=\"_blank\"><img decoding=\"async\" class=\"atomsListingArticleTileWithSeparatedLink__tileImg\" loading=\"lazy\" src=\"https:\/\/www.europesays.com\/pl\/wp-content\/uploads\/2026\/08\/26081303b1_973796169_medium.jpg\" data-image-type=\"articles\" alt=\"Rozkr&#x119;ca si&#x119; krakowska &quot;gra o tron&quot;. Spacery, wiece i plotki. Gor&#x105;cy czas przedwyborczy w stolicy Ma&#x142;opolski\"\/><\/a><a class=\"atomsListingArticleTileWithSeparatedLink__titleLink\" href=\"https:\/\/krakow.naszemiasto.pl\/rozkreca-sie-krakowska-gra-o-tron-spacery-wiece-i-plotki-goracy-czas-przedwyborczy-w-stolicy-malopolski\/ar\/c1p2-29263607\" title=\"Rozkr&#x119;ca si&#x119; krakowska &quot;gra o tron&quot;. Spacery, wiece i plotki. Gor&#x105;cy czas przedwyborczy w stolicy Ma&#x142;opolski\" data-ec=\"atomsListingArticleTileWithSeparatedLink\" data-event-position-el=\"link\" rel=\"nofollow noopener\" target=\"_blank\">Rozkr\u0119ca si\u0119 krakowska &#8222;gra o tron&#8221;. Spacery, wiece i plotki. Gor\u0105cy czas przedwyborczy w stolicy Ma\u0142opolski<\/a><\/p>\n<p class=\"atomsListingArticleTileWithSeparatedLink__lead\">Coraz bli\u017cej ko\u0144ca wakacji &#8211; i coraz bli\u017cej przedterminowych wybor\u00f3w nowego prezydenta Krakowa. Mo\u017cna to ju\u017c zauwa\u017cy\u0107 po wzrastaj\u0105cej aktywno\u015bci kandydat\u00f3w,&#8230;<\/p>\n<p>\n            13 sierpnia 2026, 14:43\n          <\/p>\n<p><a class=\"atomsListingArticleTileWithSeparatedLink__img atomsListingArticleTileWithSeparatedLink__img--withGallery\" href=\"https:\/\/krakow.naszemiasto.pl\/rozbiorka-zabytkowej-willi-przy-alei-focha-w-krakowie-mieszkancy-pytaja-co-z-odpadami-zawierajacymi-azbest\/ar\/c1p2-29225983\" title=\"Rozbi&#xF3;rka zabytkowej willi przy alei Focha w Krakowie. Mieszka&#x144;cy pytaj&#x105;, co z odpadami zawieraj&#x105;cymi azbest\" data-icon-variant=\"withGallery\" data-ec=\"atomsListingArticleTileWithSeparatedLink\" data-event-position-el=\"link\" aria-hidden=\"true\" focusable=\"false\" tabindex=\"-1\" rel=\"nofollow noopener\" target=\"_blank\"><img decoding=\"async\" class=\"atomsListingArticleTileWithSeparatedLink__tileImg\" loading=\"lazy\" src=\"https:\/\/www.europesays.com\/pl\/wp-content\/uploads\/2026\/08\/il20260730_972750483_medium.jpg\" data-image-type=\"articles\" alt=\"Rozbi&#xF3;rka zabytkowej willi przy alei Focha w Krakowie. Mieszka&#x144;cy pytaj&#x105;, co z odpadami zawieraj&#x105;cymi azbest\"\/><\/a><a class=\"atomsListingArticleTileWithSeparatedLink__titleLink\" href=\"https:\/\/krakow.naszemiasto.pl\/rozbiorka-zabytkowej-willi-przy-alei-focha-w-krakowie-mieszkancy-pytaja-co-z-odpadami-zawierajacymi-azbest\/ar\/c1p2-29225983\" title=\"Rozbi&#xF3;rka zabytkowej willi przy alei Focha w Krakowie. Mieszka&#x144;cy pytaj&#x105;, co z odpadami zawieraj&#x105;cymi azbest\" data-ec=\"atomsListingArticleTileWithSeparatedLink\" data-event-position-el=\"link\" rel=\"nofollow noopener\" target=\"_blank\">Rozbi\u00f3rka zabytkowej willi przy alei Focha w Krakowie. Mieszka\u0144cy pytaj\u0105, co z odpadami zawieraj\u0105cymi azbest<\/a><\/p>\n<p class=\"atomsListingArticleTileWithSeparatedLink__lead\">Przedwojenna, modernistyczna willa przy al. Focha 24 w Krakowie zosta\u0142a ca\u0142kowicie wyburzona. Dzia\u0142ania podj\u0119te przez prywatnego inwestora &#8211; prowadzone na&#8230;<\/p>\n<p>\n            30 lipca 2026, 20:00\n          <\/p>\n","protected":false},"excerpt":{"rendered":"Przerwy w dostawach pr\u0105du w Krakowie i okolicach od 21 do 25 sierpnia. Powa\u017cna awaria w powiecie my\u015blenickim&hellip;\n","protected":false},"author":2,"featured_media":637525,"comment_status":"","ping_status":"","sticky":false,"template":"","format":"standard","meta":{"footnotes":"","_share_on_mastodon":"0"},"categories":[51606],"tags":[1304,42,38,40,39,41,101822,9507],"class_list":["post-637524","post","type-post","status-publish","format-standard","has-post-thumbnail","category-krakow","tag-krakow","tag-pl","tag-poland","tag-polish","tag-polska","tag-polski","tag-wiadomosci-malopolska","tag-zakopianka"],"share_on_mastodon":{"url":"https:\/\/pubeurope.com\/@pl\/117134705676655134","error":""},"_links":{"self":[{"href":"https:\/\/www.europesays.com\/pl\/wp-json\/wp\/v2\/posts\/637524","targetHints":{"allow":["GET"]}}],"collection":[{"href":"https:\/\/www.europesays.com\/pl\/wp-json\/wp\/v2\/posts"}],"about":[{"href":"https:\/\/www.europesays.com\/pl\/wp-json\/wp\/v2\/types\/post"}],"author":[{"embeddable":true,"href":"https:\/\/www.europesays.com\/pl\/wp-json\/wp\/v2\/users\/2"}],"replies":[{"embeddable":true,"href":"https:\/\/www.europesays.com\/pl\/wp-json\/wp\/v2\/comments?post=637524"}],"version-history":[{"count":0,"href":"https:\/\/www.europesays.com\/pl\/wp-json\/wp\/v2\/posts\/637524\/revisions"}],"wp:featuredmedia":[{"embeddable":true,"href":"https:\/\/www.europesays.com\/pl\/wp-json\/wp\/v2\/media\/637525"}],"wp:attachment":[{"href":"https:\/\/www.europesays.com\/pl\/wp-json\/wp\/v2\/media?parent=637524"}],"wp:term":[{"taxonomy":"category","embeddable":true,"href":"https:\/\/www.europesays.com\/pl\/wp-json\/wp\/v2\/categories?post=637524"},{"taxonomy":"post_tag","embeddable":true,"href":"https:\/\/www.europesays.com\/pl\/wp-json\/wp\/v2\/tags?post=637524"}],"curies":[{"name":"wp","href":"https:\/\/api.w.org\/{rel}","templated":true}]}}