{"id":637528,"date":"2026-08-21T17:36:11","date_gmt":"2026-08-21T17:36:11","guid":{"rendered":"https:\/\/www.europesays.com\/pl\/637528\/"},"modified":"2026-08-21T17:36:11","modified_gmt":"2026-08-21T17:36:11","slug":"burze-i-ulewy-nad-polska-odprawa-sluzb-w-rzadowym-centrum-bezpieczenstwa","status":"publish","type":"post","link":"https:\/\/www.europesays.com\/pl\/637528\/","title":{"rendered":"Burze i ulewy nad Polsk\u0105. Odprawa s\u0142u\u017cb w Rz\u0105dowym Centrum Bezpiecze\u0144stwa"},"content":{"rendered":"<p>IMGW wyda\u0142 w pi\u0105tek ostrze\u017cenia I i II stopnia przed burzami dla 10 wojew\u00f3dztw, intensywnymi opadami deszczu dla pi\u0119ciu, silnym wiatrem w siedmiu i alerty II stopnia przed silnym deszczem z burzami w trzech wojew\u00f3dztwach. Do odbiorc\u00f3w w 15 regionach wys\u0142ano alert RCB. Dla Dolnego \u015al\u0105ska zosta\u0142y wydane ostrze\u017cenia hydrologiczne.<\/p>\n<p>Dalszy ci\u0105g artyku\u0142u pod materia\u0142em wideo<\/p>\n<p>We wpisie zamieszczonym w zwi\u0105zku z prognozami na potralu X przekazano, \u017ce wiceminister spraw wewn\u0119trznych i adminstracji Wies\u0142aw Le\u015bniakiewicz wzi\u0105\u0142 udzia\u0142 w odprawie s\u0142u\u017cb, wojewod\u00f3w i IMGW w Rz\u0105dowym Centrum Bezpiecze\u0144stwa.<\/p>\n<p>Podczas odprawy om\u00f3wiono prognozy meteorologiczne i hydrologiczne w zwi\u0105zku z nadchodz\u0105cymi z po\u0142udniowego zachodu silnymi opadami i mo\u017cliwymi gwa\u0142townymi wzrostami stanu w\u00f3d.<\/p>\n<p>&#8222;W du\u017cej cz\u0119\u015bci kraju obowi\u0105zuj\u0105 ostrze\u017cenia pogodowe 2. stopnia przed burzami, intensywnym deszczem i silnym wiatrem. Uruchomiono Alert RCB. S\u0142u\u017cby stale monitoruj\u0105 sytuacj\u0119 i s\u0105 gotowe do natychmiastowej pomocy&#8221; \u2014 czytamy we wpisie.<\/p>\n<p>Burze i ulewy nadci\u0105gaj\u0105<\/p>\n<p>Alerty Instytutu Meteorologii i Gospodarki Wodnej II stopnia przed silnym deszczem z burzami dotycz\u0105 cz\u0119\u015bci wojew\u00f3dztwa kujawsko-pomorskiego i wielkopolskiego oraz w ca\u0142o\u015bci woj. dolno\u015bl\u0105skiego. Zaczn\u0105 obowi\u0105zywa\u0107 najwcze\u015bniej o godz. 17 i potrwaj\u0105 najp\u00f3\u017aniej do godz. 11 w sobot\u0119.<\/p>\n<p>Policzyli\u015bmy, kt\u00f3re miasta najgorzej znosz\u0105 upa\u0142y. Sprawd\u017a nasz ranking<img class=\"ods-a-photo ods-a-photo--background\" src=\"https:\/\/www.europesays.com\/pl\/wp-content\/uploads\/2026\/08\/1787333771_162_PMkk9lBaHR0cHM6Ly9vY2RuLmV1L3B1bHNjbXMvTURBXy9iYTBhZWM2NzBiOTI0NDA0N2U0NDJjMTg2MmUzMDQwYS5wbmeRlQLNA.jpeg\" height=\"199\" width=\"450\" alt=\"Indeks podatno\u015bci na upa\u0142y\" loading=\"lazy\" fetchpriority=\"low\" decoding=\"async\"\/><\/p>\n<p>IMGW wyda\u0142 tak\u017ce ostrze\u017cenia II stopnia przed intensywnymi opadami deszczu dla woj. kujawsko-pomorskiego, pomorskiego i warmi\u0144sko-mazurskiego. Na tym obszarze prognozowane jest wyst\u0105pienie opad\u00f3w deszczu od 60 do 90 mm. Alerty b\u0119d\u0105 obowi\u0105zywa\u0107 najp\u00f3\u017aniej do godz. 13 w sobot\u0119.<\/p>\n<p>Dla cz\u0119\u015bci Polski wydane zosta\u0142y tak\u017ce ostrze\u017cenia przed burzami. Alerty II stopnia dotycz\u0105 cz\u0119\u015bci woj. warmi\u0144sko-mazurskiego, podkarpackiego i lubelskiego oraz ca\u0142ych woj. podlaskiego, mazowieckiego, \u0142\u00f3dzkiego, \u015bwi\u0119tokrzyskiego, opolskiego, \u015bl\u0105skiego i ma\u0142opolskiego. Prognozowane s\u0105 tu opady deszczu do 55 mm i porywy wiatru do 115 km na godz.<\/p>\n<p>Ostrze\u017cenia I stopnia przed burzami dotycz\u0105 fragment\u00f3w woj. lubelskiego i podkarpackiego. Na tym obszarze mog\u0105 wyst\u0105pi\u0107 opady deszczu do 35 mm i porywy wiatru do 85 km na godz., a tak\u017ce grad, je\u017celi je\u015bli jest prognozowany.<\/p>\n","protected":false},"excerpt":{"rendered":"IMGW wyda\u0142 w pi\u0105tek ostrze\u017cenia I i II stopnia przed burzami dla 10 wojew\u00f3dztw, intensywnymi opadami deszczu dla&hellip;\n","protected":false},"author":2,"featured_media":637529,"comment_status":"","ping_status":"","sticky":false,"template":"","format":"standard","meta":{"footnotes":"","_share_on_mastodon":"0"},"categories":[12],"tags":[61195,14276,169,49,48,46,42,78,38,40,39,41,8250,47],"class_list":["post-637528","post","type-post","status-publish","format-standard","has-post-thumbnail","category-polska","tag-bottomfeed_styl","tag-burze","tag-deszcz","tag-kraj","tag-nat_styl","tag-omp","tag-pl","tag-pogoda","tag-poland","tag-polish","tag-polska","tag-polski","tag-rcb","tag-screening_general"],"share_on_mastodon":{"url":"https:\/\/pubeurope.com\/@pl\/117134714352133286","error":""},"_links":{"self":[{"href":"https:\/\/www.europesays.com\/pl\/wp-json\/wp\/v2\/posts\/637528","targetHints":{"allow":["GET"]}}],"collection":[{"href":"https:\/\/www.europesays.com\/pl\/wp-json\/wp\/v2\/posts"}],"about":[{"href":"https:\/\/www.europesays.com\/pl\/wp-json\/wp\/v2\/types\/post"}],"author":[{"embeddable":true,"href":"https:\/\/www.europesays.com\/pl\/wp-json\/wp\/v2\/users\/2"}],"replies":[{"embeddable":true,"href":"https:\/\/www.europesays.com\/pl\/wp-json\/wp\/v2\/comments?post=637528"}],"version-history":[{"count":0,"href":"https:\/\/www.europesays.com\/pl\/wp-json\/wp\/v2\/posts\/637528\/revisions"}],"wp:featuredmedia":[{"embeddable":true,"href":"https:\/\/www.europesays.com\/pl\/wp-json\/wp\/v2\/media\/637529"}],"wp:attachment":[{"href":"https:\/\/www.europesays.com\/pl\/wp-json\/wp\/v2\/media?parent=637528"}],"wp:term":[{"taxonomy":"category","embeddable":true,"href":"https:\/\/www.europesays.com\/pl\/wp-json\/wp\/v2\/categories?post=637528"},{"taxonomy":"post_tag","embeddable":true,"href":"https:\/\/www.europesays.com\/pl\/wp-json\/wp\/v2\/tags?post=637528"}],"curies":[{"name":"wp","href":"https:\/\/api.w.org\/{rel}","templated":true}]}}