{"id":637656,"date":"2026-08-21T18:50:12","date_gmt":"2026-08-21T18:50:12","guid":{"rendered":"https:\/\/www.europesays.com\/pl\/637656\/"},"modified":"2026-08-21T18:50:12","modified_gmt":"2026-08-21T18:50:12","slug":"bialystok-swietuje-40-gruzini-oskarzaja-sedziego","status":"publish","type":"post","link":"https:\/\/www.europesays.com\/pl\/637656\/","title":{"rendered":"Bia\u0142ystok \u015bwi\u0119tuje 4:0. Gruzini oskar\u017caj\u0105 s\u0119dziego"},"content":{"rendered":"<p class=\"news__lead\">Efektowne i zdecydowane zwyci\u0119stwo Jagiellonii Bia\u0142ystok 4:0 nad Iberi\u0105 1999 Tbilisi w pierwszym meczu IV rundy eliminacji Ligi Europy wywo\u0142a\u0142o olbrzymie emocje. Podczas gdy na Podlasiu trwa \u015bwi\u0119towanie i trwa odliczanie do przypiecz\u0119towania historycznego awansu, w obozie mistrza Gruzji panuje ogromny \u017cal, z\u0142o\u015b\u0107 i poczucie wielkiej niesprawiedliwo\u015bci. Zar\u00f3wno szkoleniowiec go\u015bci, jak i zawodnicy oraz kaukaskie media nie gryz\u0105 si\u0119 w j\u0119zyk. Po ko\u0144cowym gwizdku na Chorten Arenie wprost oskar\u017cyli hiszpa\u0144skiego arbitra Ricardo de Burgos Bengoetxea o skandaliczne decyzje, kt\u00f3re ich zdaniem wypaczy\u0142y losy starcia.<\/p>\n<p>                                                                                                                                                                                                                                                                                    <a name=\"topic_0\">Zostali\u015bmy skrzywdzeni\u00a0\u2013 gorzkie s\u0142owa jubilata<\/a>  <\/p>\n<p>Trener Iberii, Andriej Demczenko, kt\u00f3ry w dniu meczu obchodzi\u0142 swoje 50. urodziny, nie kry\u0142 ogromnego rozczarowania. Cho\u0107 doceni\u0142 klas\u0119 bia\u0142ostockiego zespo\u0142u i przyzna\u0142, \u017ce Jagiellonia przewa\u017ca\u0142a w pojedynkach, to g\u0142\u00f3wn\u0105 win\u0105 za wymiar pora\u017cki obarczy\u0142 decyzje s\u0119dziowskie. Szkoleniowiec zwr\u00f3ci\u0142 uwag\u0119 na udany pocz\u0105tek meczu w wykonaniu swojej dru\u017cyny, kt\u00f3ry zosta\u0142 ca\u0142kowicie przekre\u015blony przez incydenty z udzia\u0142em arbitra oraz systemu VAR.<\/p>\n<p>\u201ePrzegrali\u015bmy przez b\u0142\u0119dy indywidualne, Jagiellonia by\u0142a lepsza w pojedynkach. Jednak pora\u017cka jest szczeg\u00f3lnie bolesna, bo nie zas\u0142u\u017cyli\u015bmy na tak wysoki wynik. Musz\u0119 zwr\u00f3ci\u0107 uwag\u0119 na s\u0119dzi\u00f3w, kt\u00f3rzy prowadzili mecz skandalicznie. S\u0119dzia dwukrotnie nas skrzywdzi\u0142 w bardzo wa\u017cnych momentach \u2013 pozwoli\u0142 powt\u00f3rzy\u0107 rzut karny i zabra\u0142 nam w pe\u0142ni prawid\u0142ow\u0105 bramk\u0119. Dzisiaj ko\u0144cz\u0119 50 lat, Jagiellonia nie zrobi\u0142a prezentu, ale powinni\u015bmy go sobie zrobi\u0107 sami.\u201d<\/p>\n<p>  <a name=\"topic_1\">B\u0142\u0119dy indywidualne i \u017cal po zmarnowanych okazjach<\/a>  <\/p>\n<p>S\u0142owa swojego trenera popar\u0142 zawodnik Iberii, Nika Sucharulaszwili. Pi\u0142karz zwr\u00f3ci\u0142 uwag\u0119 na to, \u017ce dru\u017cyna z Tbilisi wesz\u0142a w spotkanie odwa\u017cnie, stwarzaj\u0105c sobie dogodne sytuacje strzeleckie, kt\u00f3rych jednak nie potrafi\u0142a zamieni\u0107 na bramki. Statystyki pokaza\u0142y, \u017ce Gruzini oddali a\u017c 7 celnych strza\u0142\u00f3w na bramk\u0119 S\u0142awomira Abramowicza (przy 8 celnych uderzeniach Jagiellonii), lecz brak skuteczno\u015bci w po\u0142\u0105czeniu z pewn\u0105 i zdecydowan\u0105 gr\u0105 mistrz\u00f3w Polski w dalszej cz\u0119\u015bci meczu okaza\u0142 si\u0119 zab\u00f3jczy.<\/p>\n<p>  <a name=\"topic_2\">Gruzi\u0144skie media: Awans Polak\u00f3w to ju\u017c formalno\u015b\u0107<\/a>  <\/p>\n<p>Dziennikarze za kaukask\u0105 granic\u0105 bardzo skrupulatnie i krytycznie przeanalizowali przebieg pojedynku na Chorten Arenie. Zgodnie podkre\u015blaj\u0105, \u017ce o ile podyktowany rzut karny po starciu Ibrahima Alhassana z Jeremym Agbonifo budzi\u0142 ogromne kontrowersje i nie zosta\u0142 skonsultowany z VAR-em, o tyle w dalszych minutach Jagiellonia ca\u0142kowicie przej\u0119\u0142a kontrol\u0119 i brutalnie wypunktowa\u0142a s\u0142abo\u015bci rywala. Portal worldsport.ge zauwa\u017ca, \u017ce je\u015bli w rewan\u017cu nie wydarzy si\u0119 cud, Iberii pozostanie jedynie faza ligowa Ligi Konferencji, z kolei serwis crystalsport.ge wprost nazywa spotkanie w Tbilisi formalno\u015bci\u0105, gani\u0105c gruzi\u0144skich napastnik\u00f3w za brak skuteczno\u015bci pod bramk\u0105 Podlasian.<\/p>\n<p>  <a name=\"topic_3\">Przed rewan\u017cem w Tbilisi: Ostatnie starcie o histori\u0119<\/a>  <\/p>\n<p>Nawet os\u0142abiona brakiem kluczowych zawodnik\u00f3w \u2013 Vakho Bedoshviliego i Andriia Bartishviliego \u2013 ekipa z Gruzji nie zamierza sk\u0142ada\u0107 broni bez walki. Trener Demczenko podkre\u015bli\u0142, \u017ce mimo pora\u017cki uwa\u017ca swoich zawodnik\u00f3w za bohater\u00f3w, a w rewan\u017cowym spotkaniu 27 sierpnia na stadionie im. Micheila Meschiego w Tbilisi jego zesp\u00f3\u0142 spr\u00f3buje zaprezentowa\u0107 si\u0119 z jak najlepszej strony przed w\u0142asn\u0105 publiczno\u015bci\u0105. Wszystko wskazuje jednak na to, \u017ce to Jagiellonia Bia\u0142ystok wywalczy\u0142a solidn\u0105 zaliczk\u0119 i jest o krok od napisania najpi\u0119kniejszego rozdzia\u0142u w swojej pucharowej historii.<\/p>\n<p>Czy Waszym zdaniem s\u0119dzia podj\u0105\u0142 s\u0142uszne decyzje przy rzucie karnym dla Jagiellonii? Jak oceniacie podyktowan\u0105 powt\u00f3rk\u0119 jedenastki? Zapraszamy do gor\u0105cej dyskusji w komentarzach pod artyku\u0142em!<\/p>\n<p>Adam Remik<\/p>\n<p>                                                                                                                                                                                                        ]]><\/p>\n","protected":false},"excerpt":{"rendered":"Efektowne i zdecydowane zwyci\u0119stwo Jagiellonii Bia\u0142ystok 4:0 nad Iberi\u0105 1999 Tbilisi w pierwszym meczu IV rundy eliminacji Ligi&hellip;\n","protected":false},"author":2,"featured_media":637657,"comment_status":"","ping_status":"","sticky":false,"template":"","format":"standard","meta":{"footnotes":"","_share_on_mastodon":"0"},"categories":[51614],"tags":[2151,291,5809,22201,1158,42,38,40,39,41,2612,52536],"class_list":["post-637656","post","type-post","status-publish","format-standard","has-post-thumbnail","category-bialystok","tag-bialystok","tag-historia","tag-jagiellonia","tag-konferencja-prasowa","tag-media","tag-pl","tag-poland","tag-polish","tag-polska","tag-polski","tag-rodzina","tag-tor-wschodzacy-bialystok"],"share_on_mastodon":{"url":"https:\/\/pubeurope.com\/@pl\/117135004752190296","error":""},"_links":{"self":[{"href":"https:\/\/www.europesays.com\/pl\/wp-json\/wp\/v2\/posts\/637656","targetHints":{"allow":["GET"]}}],"collection":[{"href":"https:\/\/www.europesays.com\/pl\/wp-json\/wp\/v2\/posts"}],"about":[{"href":"https:\/\/www.europesays.com\/pl\/wp-json\/wp\/v2\/types\/post"}],"author":[{"embeddable":true,"href":"https:\/\/www.europesays.com\/pl\/wp-json\/wp\/v2\/users\/2"}],"replies":[{"embeddable":true,"href":"https:\/\/www.europesays.com\/pl\/wp-json\/wp\/v2\/comments?post=637656"}],"version-history":[{"count":0,"href":"https:\/\/www.europesays.com\/pl\/wp-json\/wp\/v2\/posts\/637656\/revisions"}],"wp:featuredmedia":[{"embeddable":true,"href":"https:\/\/www.europesays.com\/pl\/wp-json\/wp\/v2\/media\/637657"}],"wp:attachment":[{"href":"https:\/\/www.europesays.com\/pl\/wp-json\/wp\/v2\/media?parent=637656"}],"wp:term":[{"taxonomy":"category","embeddable":true,"href":"https:\/\/www.europesays.com\/pl\/wp-json\/wp\/v2\/categories?post=637656"},{"taxonomy":"post_tag","embeddable":true,"href":"https:\/\/www.europesays.com\/pl\/wp-json\/wp\/v2\/tags?post=637656"}],"curies":[{"name":"wp","href":"https:\/\/api.w.org\/{rel}","templated":true}]}}