{"id":637676,"date":"2026-08-21T19:01:13","date_gmt":"2026-08-21T19:01:13","guid":{"rendered":"https:\/\/www.europesays.com\/pl\/637676\/"},"modified":"2026-08-21T19:01:13","modified_gmt":"2026-08-21T19:01:13","slug":"pociagi-duzych-predkosci-klimczak-oglosil-wazna-decyzje","status":"publish","type":"post","link":"https:\/\/www.europesays.com\/pl\/637676\/","title":{"rendered":"Poci\u0105gi du\u017cych pr\u0119dko\u015bci. Klimczak og\u0142osi\u0142 wa\u017cn\u0105 decyzj\u0119"},"content":{"rendered":"<p>PKP Intercity zaw\u0119zi\u0142o stawk\u0119. Cztery firmy powalcz\u0105 o poci\u0105gi<\/p>\n<p class=\"font-primary mb-8 text-lg leading-[1.55] [&amp;_a]:text-[#23437D] [&amp;_a]:underline [&amp;_a]:font-bold\">Minister infrastruktury Dariusz Klimczak przekaza\u0142 na platformie X, \u017ce PKP Intercity zako\u0144czy\u0142o wa\u017cny etap post\u0119powania, kt\u00f3re ma wy\u0142oni\u0107 wykonawc\u0119 poci\u0105g\u00f3w dla Kolei Du\u017cych Pr\u0119dko\u015bci. Do dalszej cz\u0119\u015bci post\u0119powania zakwalifikowano konsorcjum Hitachi Rail STS i PESA Bydgoszcz, Alstom Polska, konsorcjum sp\u00f3\u0142ek Siemens Mobility oraz Talgo.<\/p>\n<p class=\"font-primary mb-8 text-lg leading-[1.55] [&amp;_a]:text-[#23437D] [&amp;_a]:underline [&amp;_a]:font-bold\">Wszystkie cztery podmioty zosta\u0142y dopuszczone do etapu dialogu konkurencyjnego. Oznacza to, \u017ce PKP Intercity b\u0119dzie teraz prowadzi\u0107 z nimi rozmowy dotycz\u0105ce proponowanych rozwi\u0105za\u0144 oraz szczeg\u00f3\u0142\u00f3w zam\u00f3wienia, obejmuj\u0105cego m.in. parametry poci\u0105g\u00f3w i ich p\u00f3\u017aniejsze utrzymanie.<\/p>\n<p>Redakcja polecaPoci\u0105gi pojad\u0105 nawet 320 km\/h<\/p>\n<p class=\"font-primary mb-8 text-lg leading-[1.55] [&amp;_a]:text-[#23437D] [&amp;_a]:underline [&amp;_a]:font-bold\">Kolej Du\u017cych Pr\u0119dko\u015bci ma by\u0107 nowym systemem szybkich po\u0142\u0105cze\u0144 kolejowych w Polsce. Jego podstaw\u0105 b\u0119dzie tzw. linia &#8222;Y&#8221;, \u0142\u0105cz\u0105ca Warszaw\u0119 przez CPK i \u0141\u00f3d\u017a z Poznaniem oraz Wroc\u0142awiem. Pierwszy odcinek Warszawa-CPK-\u0141\u00f3d\u017a ma zosta\u0107 oddany do u\u017cytku w 2032 r., a ca\u0142a trasa &#8222;Y&#8221; do 2035 r. Poci\u0105gi b\u0119d\u0105 mog\u0142y porusza\u0107 si\u0119 po niej z pr\u0119dko\u015bci\u0105 do 320 km\/h.<\/p>\n<p>Redakcja poleca<\/p>\n","protected":false},"excerpt":{"rendered":"PKP Intercity zaw\u0119zi\u0142o stawk\u0119. Cztery firmy powalcz\u0105 o poci\u0105gi Minister infrastruktury Dariusz Klimczak przekaza\u0142 na platformie X, \u017ce&hellip;\n","protected":false},"author":2,"featured_media":637677,"comment_status":"","ping_status":"","sticky":false,"template":"","format":"standard","meta":{"footnotes":"","_share_on_mastodon":"0"},"categories":[12],"tags":[42,1811,38,40,39,41],"class_list":["post-637676","post","type-post","status-publish","format-standard","has-post-thumbnail","category-polska","tag-pl","tag-pociag","tag-poland","tag-polish","tag-polska","tag-polski"],"share_on_mastodon":{"url":"","error":""},"_links":{"self":[{"href":"https:\/\/www.europesays.com\/pl\/wp-json\/wp\/v2\/posts\/637676","targetHints":{"allow":["GET"]}}],"collection":[{"href":"https:\/\/www.europesays.com\/pl\/wp-json\/wp\/v2\/posts"}],"about":[{"href":"https:\/\/www.europesays.com\/pl\/wp-json\/wp\/v2\/types\/post"}],"author":[{"embeddable":true,"href":"https:\/\/www.europesays.com\/pl\/wp-json\/wp\/v2\/users\/2"}],"replies":[{"embeddable":true,"href":"https:\/\/www.europesays.com\/pl\/wp-json\/wp\/v2\/comments?post=637676"}],"version-history":[{"count":0,"href":"https:\/\/www.europesays.com\/pl\/wp-json\/wp\/v2\/posts\/637676\/revisions"}],"wp:featuredmedia":[{"embeddable":true,"href":"https:\/\/www.europesays.com\/pl\/wp-json\/wp\/v2\/media\/637677"}],"wp:attachment":[{"href":"https:\/\/www.europesays.com\/pl\/wp-json\/wp\/v2\/media?parent=637676"}],"wp:term":[{"taxonomy":"category","embeddable":true,"href":"https:\/\/www.europesays.com\/pl\/wp-json\/wp\/v2\/categories?post=637676"},{"taxonomy":"post_tag","embeddable":true,"href":"https:\/\/www.europesays.com\/pl\/wp-json\/wp\/v2\/tags?post=637676"}],"curies":[{"name":"wp","href":"https:\/\/api.w.org\/{rel}","templated":true}]}}