{"id":638006,"date":"2026-08-21T22:29:15","date_gmt":"2026-08-21T22:29:15","guid":{"rendered":"https:\/\/www.europesays.com\/pl\/638006\/"},"modified":"2026-08-21T22:29:15","modified_gmt":"2026-08-21T22:29:15","slug":"danuta-szlajmer-nie-zyje-bohaterka-powstania-warszawskiego-miala-99-lat","status":"publish","type":"post","link":"https:\/\/www.europesays.com\/pl\/638006\/","title":{"rendered":"Danuta Szlajmer nie \u017cyje. Bohaterka Powstania Warszawskiego mia\u0142a 99 lat"},"content":{"rendered":"<p>Danuta Szlajmer urodzi\u0142a si\u0119 19 sierpnia 1927 r. w Che\u0142mcach na Kujawach. W czasie Powstania Warszawskiego pe\u0142ni\u0142a funkcj\u0119 \u0142\u0105czniczki i sanitariuszki, a do walk zosta\u0142a przydzielona maj\u0105c niespe\u0142na 17 lat.<\/p>\n<p>Dalszy ci\u0105g artyku\u0142u pod materia\u0142em wideoDanuta Szlajmer mia\u0142a 99 lat<\/p>\n<p>Muzeum PW przypomnia\u0142o, \u017ce w chwili wybuchu Powstania Warszawskiego Szlajmer zosta\u0142a przydzielona do Batalionu &#8222;Kili\u0144ski&#8221;. Uczestniczy\u0142a m.in. w walkach o PAST-\u0119.<\/p>\n<p>&#8222;Boj\u0119 si\u0119 tych m\u0142odych, brunatnych&#8221;. Rozmowa z sanitariuszk\u0105 z Powstania Warszawskiego<img class=\"ods-a-photo ods-a-photo--background\" src=\"https:\/\/www.europesays.com\/pl\/wp-content\/uploads\/2026\/08\/1787351355_892_TSIk9lBaHR0cHM6Ly9vY2RuLmV1L3B1bHNjbXMvTURBXy8yMjM5OGQ3NjAwZTVjNmRhZWQxZTkyMjk3NmM1MThhMS5qcGeRlQLNA.jpeg\" height=\"300\" width=\"450\" alt=\"Anna Trzeciakowska pseud. Grodzka\" loading=\"lazy\" fetchpriority=\"low\" decoding=\"async\"\/><\/p>\n<p>&#8222;Po kapitulacji Powstania i z\u0142o\u017ceniu broni trafi\u0142a do obozu przej\u015bciowego w O\u017carowie, a nast\u0119pnie do niemieckiego obozu jenieckiego Stalag IV B M\u00fchlberg. P\u00f3\u017aniej zosta\u0142a skierowana do pracy w fabryce gumy w Piesteritz&#8221; \u2014 czytamy we wpisie Muzeum Powstania Warszawskiego.<\/p>\n<p>Po wyzwoleniu przez wojska ameryka\u0144skie wr\u00f3ci\u0142a do Warszawy. &#8222;Od 1946 roku wraz z rodzicami prowadzi\u0142a Fotoplastikon Warszawski, kt\u00f3ry dzi\u015b jest cz\u0119\u015bci\u0105 Muzeum Powstania Warszawskiego. W 1973 roku Fotoplastikon zosta\u0142 sprzedany, a Danuta Szlajmer wyjecha\u0142a do Stan\u00f3w Zjednoczonych. Przez kolejne lata zwi\u0105zana by\u0142a zar\u00f3wno z Warszaw\u0105, jak i Nowym Jorkiem&#8221; \u2014 napisano.<\/p>\n","protected":false},"excerpt":{"rendered":"Danuta Szlajmer urodzi\u0142a si\u0119 19 sierpnia 1927 r. w Che\u0142mcach na Kujawach. W czasie Powstania Warszawskiego pe\u0142ni\u0142a funkcj\u0119&hellip;\n","protected":false},"author":2,"featured_media":638007,"comment_status":"","ping_status":"","sticky":false,"template":"","format":"standard","meta":{"footnotes":"","_share_on_mastodon":"0"},"categories":[12],"tags":[61195,32,33,36,37,27,6979,49,34,35,28,31,48,25,46,42,38,40,39,41,36738,36736,47,29,30,26],"class_list":["post-638006","post","type-post","status-publish","format-standard","has-post-thumbnail","category-polska","tag-bottomfeed_styl","tag-breaking-news","tag-breakingnews","tag-featured-news","tag-featurednews","tag-headlines","tag-ii_wojna_swiatowa","tag-kraj","tag-latest-news","tag-latestnews","tag-naglowki","tag-najwazniejsze-artykuly","tag-nat_styl","tag-news","tag-omp","tag-pl","tag-poland","tag-polish","tag-polska","tag-polski","tag-powstancy","tag-powstanie_warszawskie","tag-screening_general","tag-top-stories","tag-topstories","tag-wiadomosci"],"share_on_mastodon":{"url":"https:\/\/pubeurope.com\/@pl\/117135866740122508","error":""},"_links":{"self":[{"href":"https:\/\/www.europesays.com\/pl\/wp-json\/wp\/v2\/posts\/638006","targetHints":{"allow":["GET"]}}],"collection":[{"href":"https:\/\/www.europesays.com\/pl\/wp-json\/wp\/v2\/posts"}],"about":[{"href":"https:\/\/www.europesays.com\/pl\/wp-json\/wp\/v2\/types\/post"}],"author":[{"embeddable":true,"href":"https:\/\/www.europesays.com\/pl\/wp-json\/wp\/v2\/users\/2"}],"replies":[{"embeddable":true,"href":"https:\/\/www.europesays.com\/pl\/wp-json\/wp\/v2\/comments?post=638006"}],"version-history":[{"count":0,"href":"https:\/\/www.europesays.com\/pl\/wp-json\/wp\/v2\/posts\/638006\/revisions"}],"wp:featuredmedia":[{"embeddable":true,"href":"https:\/\/www.europesays.com\/pl\/wp-json\/wp\/v2\/media\/638007"}],"wp:attachment":[{"href":"https:\/\/www.europesays.com\/pl\/wp-json\/wp\/v2\/media?parent=638006"}],"wp:term":[{"taxonomy":"category","embeddable":true,"href":"https:\/\/www.europesays.com\/pl\/wp-json\/wp\/v2\/categories?post=638006"},{"taxonomy":"post_tag","embeddable":true,"href":"https:\/\/www.europesays.com\/pl\/wp-json\/wp\/v2\/tags?post=638006"}],"curies":[{"name":"wp","href":"https:\/\/api.w.org\/{rel}","templated":true}]}}