{"id":638026,"date":"2026-08-21T22:44:45","date_gmt":"2026-08-21T22:44:45","guid":{"rendered":"https:\/\/www.europesays.com\/pl\/638026\/"},"modified":"2026-08-21T22:44:45","modified_gmt":"2026-08-21T22:44:45","slug":"trwa-wyjazdowy-maraton-warty-poznan-rywal-otarl-sie-o-pko-ekstraklase","status":"publish","type":"post","link":"https:\/\/www.europesays.com\/pl\/638026\/","title":{"rendered":"Trwa wyjazdowy maraton Warty Pozna\u0144. Rywal otar\u0142 si\u0119 o PKO Ekstraklas\u0119"},"content":{"rendered":"\n<p class=\"contentpart contentpart--default contentpart--text\" data-position=\"0\">&#8211; Nieistotne, kt\u00f3re miejsce zaj\u0119li G\u0142ogowianie w minionej edycji. Teraz mamy nowy sezon i nowy zesp\u00f3\u0142, cho\u0107 nadal jest on dobrze zorganizowany. Cz\u0119sto zmienia spos\u00f3b gry, wi\u0119c musimy na to sprawnie reagowa\u0107 &#8211; powiedzia\u0142 opiekun &#8222;Zielonych&#8221;.<\/p>\n<p class=\"contentpart contentpart--default contentpart--text\" data-position=\"1\">Warciarze b\u0119d\u0105 chcieli wyeliminowa\u0107 najwi\u0119ksze atuty rywala. &#8211; Chrobry bazuje na szybkich skrzyd\u0142owych &#8211; z jednej z strony to Jehor Szarabura, a z drugiej &#8211; Kelechukwu Ibe-Torti &#8211; przyzna\u0142 Tokarczyk.<\/p>\n<p>  <img decoding=\"async\" src=\"https:\/\/v.wpimg.pl\/X3dwLnN2d1IFFTpdYUl6R0ZNbgcnEHQREVV2TGEGbUtRT2MdOlZ2RBQUKABgQjQcDRotCStBd1IAAWMeIlM7VgwYIAorQAdEFFk_GCkQJQ\" alt=\"\" width=\"45\" height=\"58\" loading=\"lazy\"\/>  <\/p>\n<p class=\"contentpart contentpart--default contentpart--text\" data-position=\"2\">Poznaniacy powoli krzepn\u0105 na boiskach Betclic I ligi. W czterech dotychczasowych spotkaniach zgromadzili 6 pkt. i dot\u0105d byli bezkompromisowi, notuj\u0105c dwa zwyci\u0119stwa i dwa remisy.<\/p>\n<p class=\"contentpart contentpart--default contentpart--text\" data-position=\"3\">&#8211; W I lidze nie ma wi\u0119kszej presji czy stresu, nie ma te\u017c wi\u0119kszego luzu. Widzimy natomiast, \u017ce to inne rozgrywki ni\u017c II liga, z wi\u0119kszymi stadionami i lepsz\u0105 organizacj\u0105. Ja si\u0119 bardzo ciesz\u0119, \u017ce jeste\u015bmy tego cz\u0119\u015bci\u0105. Sama praca musi by\u0107 jednak tak samo rzetelna jak na ka\u017cdym innym poziomie &#8211; podkre\u015bli\u0142 trener.<\/p>\n<p class=\"contentpart contentpart--default contentpart--text\" data-position=\"4\">Przy Drodze D\u0119bi\u0144skiej czekaj\u0105 ju\u017c na powr\u00f3t na w\u0142asny stadion, ale na to nadejdzie czas dopiero 12 wrze\u015bnia &#8211; przy okazji starcia 8. serii z Ark\u0105 Gdynia. &#8211; Prace na boisku ju\u017c si\u0119 zako\u0144czy\u0142y, lecz Pozna\u0144skie Inwestycje Miejskie musz\u0105 je teraz przekaza\u0107 Pozna\u0144skim O\u015brodkom Sportu i Rekreacji i dopiero w\u00f3wczas b\u0119dziemy mogli oficjalnie z niego korzysta\u0107. Murawa wygl\u0105da bardzo dobrze &#8211; zaznaczy\u0142 rzecznik prasowy &#8222;Zielonych&#8221;, <a href=\"https:\/\/sportowefakty.wp.pl\/pilka-nozna\/piotr-komorowski\" rel=\"nofollow noopener\" target=\"_blank\">Piotr Komorowski<\/a>.<\/p>\n<p class=\"contentpart contentpart--default contentpart--text\" data-position=\"5\">Mecz 5. kolejki Betclic I ligi Chrobry G\u0142og\u00f3w &#8211; Warta Pozna\u0144 odb\u0119dzie si\u0119 w pi\u0105tek o godz. 18.00.<\/p>\n<p>  <img decoding=\"async\" src=\"https:\/\/v.wpimg.pl\/X3dwLnN2d1IFFTpdYUl6R0ZNbgcnEHQREVV2TGEGbUtRT2MdOlZ2RBQUKABgQjQcDRotCStBd1IAAWMeIlM7VgwYIAorQAdEFFk_GCkQJQ\" alt=\"\" width=\"45\" height=\"58\" loading=\"lazy\"\/>  <\/p>\n<p class=\"contentpart contentpart--default contentpart--text\" data-position=\"6\">ZOBACZ WIDEO: Kuriozalny gol w Anglii. Niewiarygodne, co zrobi\u0142 bramkarz i obro\u0144cy<\/p>\n","protected":false},"excerpt":{"rendered":"&#8211; Nieistotne, kt\u00f3re miejsce zaj\u0119li G\u0142ogowianie w minionej edycji. Teraz mamy nowy sezon i nowy zesp\u00f3\u0142, cho\u0107 nadal&hellip;\n","protected":false},"author":2,"featured_media":638027,"comment_status":"","ping_status":"","sticky":false,"template":"","format":"standard","meta":{"footnotes":"","_share_on_mastodon":"0"},"categories":[51609],"tags":[3640,9063,38308,269,121483,42,38,40,39,41,1817,9538],"class_list":["post-638026","post","type-post","status-publish","format-standard","has-post-thumbnail","category-poznan","tag-betclic-i-liga","tag-chrobry-glogow","tag-maciej-tokarczyk","tag-pilka-nozna","tag-piotr-komorowski","tag-pl","tag-poland","tag-polish","tag-polska","tag-polski","tag-poznan","tag-warta-poznan"],"share_on_mastodon":{"url":"https:\/\/pubeurope.com\/@pl\/117135928729592834","error":""},"_links":{"self":[{"href":"https:\/\/www.europesays.com\/pl\/wp-json\/wp\/v2\/posts\/638026","targetHints":{"allow":["GET"]}}],"collection":[{"href":"https:\/\/www.europesays.com\/pl\/wp-json\/wp\/v2\/posts"}],"about":[{"href":"https:\/\/www.europesays.com\/pl\/wp-json\/wp\/v2\/types\/post"}],"author":[{"embeddable":true,"href":"https:\/\/www.europesays.com\/pl\/wp-json\/wp\/v2\/users\/2"}],"replies":[{"embeddable":true,"href":"https:\/\/www.europesays.com\/pl\/wp-json\/wp\/v2\/comments?post=638026"}],"version-history":[{"count":0,"href":"https:\/\/www.europesays.com\/pl\/wp-json\/wp\/v2\/posts\/638026\/revisions"}],"wp:featuredmedia":[{"embeddable":true,"href":"https:\/\/www.europesays.com\/pl\/wp-json\/wp\/v2\/media\/638027"}],"wp:attachment":[{"href":"https:\/\/www.europesays.com\/pl\/wp-json\/wp\/v2\/media?parent=638026"}],"wp:term":[{"taxonomy":"category","embeddable":true,"href":"https:\/\/www.europesays.com\/pl\/wp-json\/wp\/v2\/categories?post=638026"},{"taxonomy":"post_tag","embeddable":true,"href":"https:\/\/www.europesays.com\/pl\/wp-json\/wp\/v2\/tags?post=638026"}],"curies":[{"name":"wp","href":"https:\/\/api.w.org\/{rel}","templated":true}]}}