{"id":638056,"date":"2026-08-21T23:01:09","date_gmt":"2026-08-21T23:01:09","guid":{"rendered":"https:\/\/www.europesays.com\/pl\/638056\/"},"modified":"2026-08-21T23:01:09","modified_gmt":"2026-08-21T23:01:09","slug":"rosyjskie-msz-odpowiada-na-slowa-donalda-tuska-demonstracyjne-stanowisko","status":"publish","type":"post","link":"https:\/\/www.europesays.com\/pl\/638056\/","title":{"rendered":"Rosyjskie MSZ odpowiada na s\u0142owa Donalda Tuska. &#8222;Demonstracyjne stanowisko&#8221;"},"content":{"rendered":"<p>Dlaczego o tym piszemy?<\/p>\n<p>Chodzi o spraw\u0119 obywatela Ukrainy Wo\u0142odymyra \u017burawlowa, oskar\u017canego o wysadzenie gazoci\u0105gu Nord Stream. \u017burawlow jest poszukiwany ENA wydanym przez niemiecki Federalny Trybuna\u0142 Sprawiedliwo\u015bci w Karlsruhe. Zatrzymano go w ko\u0144cu wrze\u015bnia 2025 r. w Polsce, ale decyzj\u0105 naszego s\u0105du nie zosta\u0142 wydany Niemcom. Teraz zosta\u0142 ponownie zatrzymany w Chorwacji.<\/p>\n<p>Co powiedzia\u0142 Donald Tusk?<\/p>\n<p>\u2014 Na pewno Niemcy nie powinni \u015bciga\u0107 tych, kt\u00f3rzy w sytuacji, kiedy ich kraj zosta\u0142 napadni\u0119ty, podejmuj\u0105 takie czy inne dzia\u0142ania. Ja tu zdania nie zmieni\u0119 i uwa\u017cam, \u017ce wstydzi\u0107 powinni si\u0119 ci, kt\u00f3rzy wybudowali ten gazoci\u0105g, a nie ci, kt\u00f3rzy go unieruchomili \u2014 stwierdzi\u0142 premier Polski, zapytany w czwartek o spraw\u0119 \u017burawlowa.<\/p>\n<p><img class=\"ods-a-photo ods-a-photo--background\" src=\"https:\/\/www.europesays.com\/pl\/wp-content\/uploads\/2026\/08\/7dQk9lBaHR0cHM6Ly9vY2RuLmV1L3B1bHNjbXMvTURBXy85YzhmM2ZlZWJmMjE2OWYzZGVjYzMxMDQyN2JmOTBhZS5qcGeRlQLNA.jpeg\" height=\"300\" width=\"450\" alt=\"W\u0142adimir Putin\" loading=\"lazy\" fetchpriority=\"low\" decoding=\"async\"\/><\/p>\n<p>Jak zareagowa\u0142o rosyjskie MSZ?<\/p>\n<p>W pi\u0105tek g\u0142os w tej sprawie zabra\u0142 rosyjski resort dyplomacji. \u2014 Mo\u017cna si\u0119 tylko domy\u015bla\u0107, jak\u0105 niech\u0119\u0107 Donald Tusk \u017cywi\u0142 do by\u0142ego kanclerza Niemiec, gdy by\u0142 przewodnicz\u0105cym Rady Europejskiej, ale to, co powiedzia\u0142 teraz, w ka\u017cdym razie niesie ze sob\u0105 niebezpieczny, destrukcyjny \u0142adunek dla resztek mi\u0119dzynarodowego systemu prawnego, kt\u00f3rych jeszcze nie doko\u0144czy\u0142 geopolityczny nihilizm &#8222;kolektywnego Zachodu&#8221; \u2014 o\u015bwiadczy\u0142a rzeczniczka MSZ Rosji Maria Zacharowa.<\/p>\n<p>\u2014 Publiczne o\u015bwiadczenie szefa rz\u0105du jednego z g\u0142\u00f3wnych pa\u0144stw europejskich, usprawiedliwiaj\u0105ce akt terrorystyczny pope\u0142niony na oczach ca\u0142ego \u015bwiata, wysy\u0142a destrukcyjny sygna\u0142, kt\u00f3rego reakcja \u0142a\u0144cuchowa doprowadzi\u0142aby ostatecznie do zniesienia wszelkich ogranicze\u0144, kt\u00f3re dotychczas uniemo\u017cliwia\u0142y stosunkom mi\u0119dzypa\u0144stwowym na kontynencie europejskim ca\u0142kowite pogr\u0105\u017cenie si\u0119 w chaosie. Demonstracyjne stanowisko Warszawy w sprawie bombardowania Nord Streamu mo\u017ce w przysz\u0142o\u015bci odbi\u0107 si\u0119 negatywnie na \u017cywotnych interesach i bezpiecze\u0144stwie Polski \u2014 powiedzia\u0142a.<\/p>\n<p>\u2014 O\u015bwiadczenie Tuska obna\u017cy\u0142o r\u00f3wnie\u017c g\u0142\u0119boko zakorzenione napi\u0119cia i rywalizacj\u0119 mi\u0119dzy Polsk\u0105 a Niemcami, dotycz\u0105ce realizacji wyg\u00f3rowanych ambicji Berlina i Warszawy (przy wsparciu Bia\u0142ego Domu) w ramach sojuszy obu stolic \u2014 UE i NATO \u2014 t\u0142umaczy\u0142a Rosjanka swoje stanowisko. \u2014 Czym, je\u015bli nie bezpo\u015brednim wyzwaniem, jest zjadliwy apel Polski do niemieckiego sojusznika, by zasadniczo z wdzi\u0119czno\u015bci\u0105 przyj\u0105\u0142 atak terrorystyczny na kluczowe niemieckie obiekty infrastruktury energetycznej, kt\u00f3ry zagwarantowa\u0142 Niemcom dziesi\u0105tki miliard\u00f3w euro zysk\u00f3w? Podczas gdy Berlin gor\u0105czkowo pr\u00f3buje powstrzyma\u0107 post\u0119puj\u0105c\u0105 deindustrializacj\u0119 swojej gospodarki, spowodowan\u0105 konieczno\u015bci\u0105 importu drogiej energii z USA, Norwegii i innych kraj\u00f3w, Warszawa czerpie zyski z reeksportu ameryka\u0144skiego LNG na Ukrain\u0119 i jest coraz bli\u017cej faktycznej kontroli nad systemem przesy\u0142u gazu odziedziczonym przez Kij\u00f3w po ZSRR \u2014 doda\u0142a Zacharowa.<\/p>\n<p>\u2014 W kontek\u015bcie polsko-niemieckiego konfliktu sytuacja wok\u00f3\u0142 Nord Stream wyra\u017anie przeradza si\u0119 w seri\u0119 strat politycznych i gospodarczych dla Niemiec oraz &#8222;niebezpieczny zawr\u00f3t g\u0142owy&#8221; dla Warszawy \u2014 zako\u0144czy\u0142a rzeczniczka resortu kierowanego przez Siergieja \u0141awrowa.<\/p>\n<p>Czytaj tak\u017ce:<\/p>\n","protected":false},"excerpt":{"rendered":"Dlaczego o tym piszemy? Chodzi o spraw\u0119 obywatela Ukrainy Wo\u0142odymyra \u017burawlowa, oskar\u017canego o wysadzenie gazoci\u0105gu Nord Stream. \u017burawlow&hellip;\n","protected":false},"author":2,"featured_media":638057,"comment_status":"","ping_status":"","sticky":false,"template":"","format":"standard","meta":{"footnotes":"","_share_on_mastodon":"0"},"categories":[62713],"tags":[61195,1345,212,1898,48,7493,46,6571,87,47,80,70],"class_list":["post-638056","post","type-post","status-publish","format-standard","has-post-thumbnail","category-donald-tusk","tag-bottomfeed_styl","tag-donald-tusk","tag-donald_tusk","tag-dyplomacja","tag-nat_styl","tag-nord_stream","tag-omp","tag-polityka_politycy","tag-rosja","tag-screening_general","tag-swiat","tag-w_skrocie"],"share_on_mastodon":{"url":"https:\/\/pubeurope.com\/@pl\/117135991731357265","error":""},"_links":{"self":[{"href":"https:\/\/www.europesays.com\/pl\/wp-json\/wp\/v2\/posts\/638056","targetHints":{"allow":["GET"]}}],"collection":[{"href":"https:\/\/www.europesays.com\/pl\/wp-json\/wp\/v2\/posts"}],"about":[{"href":"https:\/\/www.europesays.com\/pl\/wp-json\/wp\/v2\/types\/post"}],"author":[{"embeddable":true,"href":"https:\/\/www.europesays.com\/pl\/wp-json\/wp\/v2\/users\/2"}],"replies":[{"embeddable":true,"href":"https:\/\/www.europesays.com\/pl\/wp-json\/wp\/v2\/comments?post=638056"}],"version-history":[{"count":0,"href":"https:\/\/www.europesays.com\/pl\/wp-json\/wp\/v2\/posts\/638056\/revisions"}],"wp:featuredmedia":[{"embeddable":true,"href":"https:\/\/www.europesays.com\/pl\/wp-json\/wp\/v2\/media\/638057"}],"wp:attachment":[{"href":"https:\/\/www.europesays.com\/pl\/wp-json\/wp\/v2\/media?parent=638056"}],"wp:term":[{"taxonomy":"category","embeddable":true,"href":"https:\/\/www.europesays.com\/pl\/wp-json\/wp\/v2\/categories?post=638056"},{"taxonomy":"post_tag","embeddable":true,"href":"https:\/\/www.europesays.com\/pl\/wp-json\/wp\/v2\/tags?post=638056"}],"curies":[{"name":"wp","href":"https:\/\/api.w.org\/{rel}","templated":true}]}}