{"id":638190,"date":"2026-08-22T00:33:22","date_gmt":"2026-08-22T00:33:22","guid":{"rendered":"https:\/\/www.europesays.com\/pl\/638190\/"},"modified":"2026-08-22T00:33:22","modified_gmt":"2026-08-22T00:33:22","slug":"karol-nawrocki-zlozyl-w-sejmie-wlasny-projekt-ustawy-lex-szarlatan","status":"publish","type":"post","link":"https:\/\/www.europesays.com\/pl\/638190\/","title":{"rendered":"Karol Nawrocki z\u0142o\u017cy\u0142 w Sejmie w\u0142asny projekt ustawy &#8222;lex szarlatan&#8221;"},"content":{"rendered":"<p>Zbigniew Bogucki napisa\u0142, \u017ce chodzi projekt, kt\u00f3ry umo\u017cliwi \u015bciganie i karanie &#8222;szarlatan\u00f3w, kt\u00f3rzy cynicznie dla swoich zysk\u00f3w \u017ceruj\u0105 na ludziach chorych&#8221;.<\/p>\n<p>Wskaza\u0142, \u017ce celem regulacji jest tak\u017ce przeciwdzia\u0142anie &#8222;szarlatanom politycznym, kt\u00f3rzy cynicznie, niekonstytucyjnie chc\u0105 odebra\u0107 ludziom wolno\u015b\u0107 \u015bwiadomej decyzji o wyborze sposob\u00f3w leczenia, kt\u00f3re s\u0105 stosowane w wielu cywilizowanych krajach, oraz wolno\u015b\u0107 prowadzenia uczciwej dzia\u0142alno\u015bci&#8221;.<\/p>\n<p class=\"ods-o-frame-in-text__paragraph\">POLECAMY: <a href=\"https:\/\/wiadomosci.onet.pl\/kraj\/prawica-na-jednej-liscie-kaczynski-potrzebuje-pomocy-nawrockiego\/yqdhksx?tpcc=202608_bloczek_newsroom\" id=\"bfd047b5-a498-4110-980d-40a114e639e9\" rel=\"nofollow noopener\" target=\"_blank\">Jaros\u0142aw Kaczy\u0144ski &#8222;zafiksowa\u0142 si\u0119&#8221; na jednym planie. Potrzebuje Nawrockiego<\/a><\/p>\n<p><img class=\"ods-a-photo ods-a-photo--background\" src=\"https:\/\/www.europesays.com\/pl\/wp-content\/uploads\/2026\/08\/1787358802_832_VUbk9lBaHR0cHM6Ly9vY2RuLmV1L3B1bHNjbXMvTURBXy8zODgzOTQ5M2EzZWViMmNjMDU5ZDFmNThkYTIzZGMyNi5qcGeRlQLNA.jpeg\" height=\"270\" width=\"450\" alt=\"Kaczy\u0144ski i Nawrocki\" loading=\"lazy\" fetchpriority=\"low\" decoding=\"async\"\/><\/p>\n<p>Szef kancelarii prezydenta zaznaczy\u0142, \u017ce podstawowym celem regulacji jest &#8222;wzmocnienie prawnokarnej ochrony \u017cycia i zdrowia pacjent\u00f3w przed niebezpiecznym oddzia\u0142ywaniem os\u00f3b trzecich na ich decyzje dotycz\u0105ce diagnostyki i leczenia&#8221;.<\/p>\n<p>W po\u015bcie za\u0142\u0105czono tak\u017ce zdj\u0119cie potwierdzaj\u0105ce z\u0142o\u017cenie projektu do Sejmu z dat\u0105 wp\u0142ywu 20 sierpnia.<\/p>\n<p>Prezydent <a href=\"https:\/\/wiadomosci.onet.pl\/kraj\/donald-tusk-reaguje-na-decyzje-prezydenta-stanal-po-stronie-szarlatanow\/nl7f07d\" id=\"7d4670ae-5bd1-428a-b3d2-38e6485b75d3\" rel=\"nofollow noopener\" target=\"_blank\">Karol Nawrocki 20 sierpnia skierowa\u0142 do Trybuna\u0142u Konstytucyjnego nowelizacj\u0119 ustawy o prawach pacjenta i Rzeczniku Praw Pacjenta<\/a> (RPP), tzw. lex szarlatan, autorstwa Ministerstwa Zdrowia. Czytaj te\u017c: <a data-section=\"zobacz-takze-body\" href=\"https:\/\/wiadomosci.onet.pl\/kraj\/karol-nawrocki-znow-utrudnia-zycie-donaldowi-tuskowi-jest-przywiazany-do-decybeli\/j09d1ex?tpcc=202608_bloczek_newsroom\" id=\"108fc12b-3ae5-48ad-b3e5-cbc1d3269d8d\" rel=\"nofollow noopener\" target=\"_blank\">Nawrocki zn\u00f3w utrudnia \u017cycie Tuskowi. &#8222;Jest przywi\u0105zany do decybeli&#8221;<\/a><\/p>\n","protected":false},"excerpt":{"rendered":"Zbigniew Bogucki napisa\u0142, \u017ce chodzi projekt, kt\u00f3ry umo\u017cliwi \u015bciganie i karanie &#8222;szarlatan\u00f3w, kt\u00f3rzy cynicznie dla swoich zysk\u00f3w \u017ceruj\u0105&hellip;\n","protected":false},"author":2,"featured_media":638191,"comment_status":"","ping_status":"","sticky":false,"template":"","format":"standard","meta":{"footnotes":"","_share_on_mastodon":"0"},"categories":[62712],"tags":[61195,690,43,49,534,48,5354,46,47,423,8206,788],"class_list":["post-638190","post","type-post","status-publish","format-standard","has-post-thumbnail","category-karol-nawrocki","tag-bottomfeed_styl","tag-karol-nawrocki","tag-karol_nawrocki","tag-kraj","tag-ministerstwo_zdrowia","tag-nat_styl","tag-ochrona_zdrowia","tag-omp","tag-screening_general","tag-sejm","tag-weto","tag-zbigniew_bogucki"],"share_on_mastodon":{"url":"https:\/\/pubeurope.com\/@pl\/117136354106249368","error":""},"_links":{"self":[{"href":"https:\/\/www.europesays.com\/pl\/wp-json\/wp\/v2\/posts\/638190","targetHints":{"allow":["GET"]}}],"collection":[{"href":"https:\/\/www.europesays.com\/pl\/wp-json\/wp\/v2\/posts"}],"about":[{"href":"https:\/\/www.europesays.com\/pl\/wp-json\/wp\/v2\/types\/post"}],"author":[{"embeddable":true,"href":"https:\/\/www.europesays.com\/pl\/wp-json\/wp\/v2\/users\/2"}],"replies":[{"embeddable":true,"href":"https:\/\/www.europesays.com\/pl\/wp-json\/wp\/v2\/comments?post=638190"}],"version-history":[{"count":0,"href":"https:\/\/www.europesays.com\/pl\/wp-json\/wp\/v2\/posts\/638190\/revisions"}],"wp:featuredmedia":[{"embeddable":true,"href":"https:\/\/www.europesays.com\/pl\/wp-json\/wp\/v2\/media\/638191"}],"wp:attachment":[{"href":"https:\/\/www.europesays.com\/pl\/wp-json\/wp\/v2\/media?parent=638190"}],"wp:term":[{"taxonomy":"category","embeddable":true,"href":"https:\/\/www.europesays.com\/pl\/wp-json\/wp\/v2\/categories?post=638190"},{"taxonomy":"post_tag","embeddable":true,"href":"https:\/\/www.europesays.com\/pl\/wp-json\/wp\/v2\/tags?post=638190"}],"curies":[{"name":"wp","href":"https:\/\/api.w.org\/{rel}","templated":true}]}}