{"id":638250,"date":"2026-08-22T01:20:34","date_gmt":"2026-08-22T01:20:34","guid":{"rendered":"https:\/\/www.europesays.com\/pl\/638250\/"},"modified":"2026-08-22T01:20:34","modified_gmt":"2026-08-22T01:20:34","slug":"polska-sztuka-poleci-na-ksiezyc-250-tys-dziel-ma-przetrwac-milion-lat","status":"publish","type":"post","link":"https:\/\/www.europesays.com\/pl\/638250\/","title":{"rendered":"Polska sztuka poleci na Ksi\u0119\u017cyc. 250 tys. dzie\u0142 ma przetrwa\u0107 milion lat"},"content":{"rendered":"<p class=\"font-primary md:text-[#000]\/90 text-[#111] mb-7 md:mb-12 text-[18px] leading-[155%] [&amp;_a]:!text-[#23437D] [&amp;_a]:underline [&amp;_a]:!font-semibold [&amp;_a]:hover:no-underline\">250 tys. prac malarskich, literackich i architektonicznych w ramach projektu Lunar Codex stworzy na Srebrnym Globie trwa\u0142e archiwum ludzkiej kultury.<\/p>\n<p class=\"font-primary md:text-[#000]\/90 text-[#111] mb-7 md:mb-12 text-[18px] leading-[155%] [&amp;_a]:!text-[#23437D] [&amp;_a]:underline [&amp;_a]:!font-semibold [&amp;_a]:hover:no-underline\"><a href=\"https:\/\/www.polskieradio.pl\/jedynka\/audycje\/ekspres-jedynki-,5346\/odcinek\/ekspres-jedynki,6e835e89-ccb9-4bef-9e5f-a5137b9afcb5\" rel=\"nofollow noopener\" target=\"_blank\">Daria Solar, \u0142\u00f3dzka artystka i dyrektorka artystyczna projektu &#8222;Polish Artists in Lunar Codex&#8221;, gromadz\u0105cego polskich artyst\u00f3w wybranych do &#8222;ksi\u0119\u017cycowej galerii sztuki&#8221; m\u00f3wi<\/a><a href=\"https:\/\/www.polskieradio.pl\/jedynka\/audycje\/ekspres-jedynki-,5346\/odcinek\/ekspres-jedynki,6e835e89-ccb9-4bef-9e5f-a5137b9afcb5\" rel=\"nofollow noopener\" target=\"_blank\">\u00a0w &#8222;Ekspresie Jedynki&#8221;<\/a>, \u017ce obrazy i teksty nie trafiaj\u0105 na Ksi\u0119\u017cyc jako p\u0142\u00f3tna, czy papierowe ksi\u0105\u017cki. Zosta\u0142y zapisane w specjalnej, zminiaturyzowanej formie na trwa\u0142ych no\u015bnikach.<\/p>\n<p>Milion lat gwarancji<\/p>\n<p class=\"font-primary md:text-[#000]\/90 text-[#111] mb-7 md:mb-12 text-[18px] leading-[155%] [&amp;_a]:!text-[#23437D] [&amp;_a]:underline [&amp;_a]:!font-semibold [&amp;_a]:hover:no-underline\">Jak wyja\u015bnia w radiowej Jedynce, wykorzystywane s\u0105 wykonane g\u0142\u00f3wnie z niklu p\u0142ytki, odporne na ekstremalne warunki. Na ich powierzchni w mikroskopijnej formie zapisywane s\u0105 tysi\u0105ce dzie\u0142. Materia\u0142 ma by\u0107 odporny mi\u0119dzy innymi na promieniowanie kosmiczne i brak atmosfery. Gwarancja trwa\u0142o\u015bci no\u015bnika ma wynosi\u0107 milion lat.<\/p>\n<p class=\"font-primary md:text-[#000]\/90 text-[#111] mb-7 md:mb-12 text-[18px] leading-[155%] [&amp;_a]:!text-[#23437D] [&amp;_a]:underline [&amp;_a]:!font-semibold [&amp;_a]:hover:no-underline\">Co szczeg\u00f3lnie istotne, zapis nie zosta\u0142 oparty wy\u0142\u0105cznie na wsp\u00f3\u0142czesnych formatach cyfrowych. Tw\u00f3rcy projektu za\u0142o\u017cyli bowiem, \u017ce za setki tysi\u0119cy czy miliony lat obecne technologie mog\u0105 by\u0107 zupe\u0142nie niezrozumia\u0142e.<\/p>\n<p class=\"font-primary md:text-[#000]\/90 text-[#111] mb-7 md:mb-12 text-[18px] leading-[155%] [&amp;_a]:!text-[#23437D] [&amp;_a]:underline [&amp;_a]:!font-semibold [&amp;_a]:hover:no-underline\">Dlatego zapis zosta\u0142 przygotowany w spos\u00f3b umo\u017cliwiaj\u0105cy odczytanie go bez skomplikowanych urz\u0105dze\u0144. Jak m\u00f3wi\u0142a artystka, obrazy s\u0105 wyryte w trzech wersjach kolorystycznych: czerwonej, zielonej i niebieskiej. Po ich na\u0142o\u017ceniu mo\u017cna odtworzy\u0107 oryginalny obraz.<\/p>\n<p>Jeden z obraz\u00f3w Darii Solar ju\u017c na Ksi\u0119\u017cycu<\/p>\n<p class=\"font-primary md:text-[#000]\/90 text-[#111] mb-7 md:mb-12 text-[18px] leading-[155%] [&amp;_a]:!text-[#23437D] [&amp;_a]:underline [&amp;_a]:!font-semibold [&amp;_a]:hover:no-underline\">Daria Solar do projektu trafi\u0142a pocz\u0105tkowo dzi\u0119ki publikacji w ameryka\u0144skim magazynie &#8222;Fine Art Connoisseur&#8221;, po\u015bwi\u0119conym przede wszystkim sztuce realistycznej. Kilka dni p\u00f3\u017aniej otrzyma\u0142a wiadomo\u015b\u0107 z gratulacjami i informacj\u0105, \u017ce jej praca zosta\u0142a zakwalifikowana do Lunar Codex.\u00a0<\/p>\n<p class=\"font-primary md:text-[#000]\/90 text-[#111] mb-7 md:mb-12 text-[18px] leading-[155%] [&amp;_a]:!text-[#23437D] [&amp;_a]:underline [&amp;_a]:!font-semibold [&amp;_a]:hover:no-underline\">Jak przyzna\u0142a, pocz\u0105tkowo nawet nie wiedzia\u0142a, czym dok\u0142adnie jest ten projekt.\u00a0P\u00f3\u017aniej okaza\u0142o si\u0119, \u017ce jedna z jej prac rzeczywi\u015bcie ju\u017c znalaz\u0142a si\u0119 w kosmosie. Zosta\u0142a umieszczona na sondzie Firefly Blue Ghost.\u00a0<\/p>\n<p>Wystawa kosmicznych prac<\/p>\n<p class=\"font-primary md:text-[#000]\/90 text-[#111] mb-7 md:mb-12 text-[18px] leading-[155%] [&amp;_a]:!text-[#23437D] [&amp;_a]:underline [&amp;_a]:!font-semibold [&amp;_a]:hover:no-underline\">Polscy autorzy zakwalifikowani do Lunar Codex wystawili swoje prace w ramach organizowanej przez Dari\u0119 Solar wystawy &#8222;The Real Within, New Generation of Polish Realism&#8221; wystawianej w Nowym Jorku, Knoxville i Waszyngtonie.<\/p>\n<p class=\"font-primary md:text-[#000]\/90 text-[#111] mb-7 md:mb-12 text-[18px] leading-[155%] [&amp;_a]:!text-[#23437D] [&amp;_a]:underline [&amp;_a]:!font-semibold [&amp;_a]:hover:no-underline\">Organizatorka zapowiada, \u017ce w przysz\u0142ym roku zorganizuje wystaw\u0119 &#8222;kosmicznego&#8221; malarstwa w kilku miastach w Polsce. Preludium do niej ma by\u0107 autorska wystawa &#8222;Anatomia Krzemu&#8221; w Fabryce Aktywno\u015bci Miejskiej przy ul. Tuwima 10 w \u0141odzi. Ma porusza\u0107 trudne tematy relacji cz\u0142owieka z technologi\u0105 i cz\u0142owieka ze sztuczn\u0105 inteligencj\u0105. Wernisa\u017c &#8211; 11 wrze\u015bnia.<\/p>\n<p>Czym jest Lunar Codex<\/p>\n<p class=\"font-primary md:text-[#000]\/90 text-[#111] mb-7 md:mb-12 text-[18px] leading-[155%] [&amp;_a]:!text-[#23437D] [&amp;_a]:underline [&amp;_a]:!font-semibold [&amp;_a]:hover:no-underline\">Lunar Codex to stworzony w 2019 r. przez Samuela Peralt\u0119, kanadyjskiego milionera i fizyka, mi\u0119dzynarodowy projekt archiwizacji kultury, kt\u00f3rego celem jest umieszczanie na Ksi\u0119\u017cycu i w przestrzeni kosmicznej d\u0142ugowiecznych &#8222;kapsu\u0142 czasu&#8221; zawieraj\u0105cych dzie\u0142a sztuki, literatur\u0119, muzyk\u0119, filmy i inne przejawy ludzkiej tw\u00f3rczo\u015bci.<\/p>\n<p class=\"font-primary md:text-[#000]\/90 text-[#111] mb-7 md:mb-12 text-[18px] leading-[155%] [&amp;_a]:!text-[#23437D] [&amp;_a]:underline [&amp;_a]:!font-semibold [&amp;_a]:hover:no-underline\">Lunar Codex obejmuje wys\u0142anie na Ksi\u0119\u017cyc 250 tys. dzie\u0142 sztuki i kultury stworzonych przez ponad 50 tys. artyst\u00f3w i tw\u00f3rc\u00f3w z 264 kraj\u00f3w i terytori\u00f3w oraz oko\u0142o 160 narod\u00f3w rdzennych.\u00a0<\/p>\n<p class=\"font-primary md:text-[#000]\/90 text-[#111] mb-7 md:mb-12 text-[18px] leading-[155%] [&amp;_a]:!text-[#23437D] [&amp;_a]:underline [&amp;_a]:!font-semibold [&amp;_a]:hover:no-underline\">Wi\u0119cej <a href=\"https:\/\/www.polskieradio.pl\/jedynka\/audycje\/ekspres-jedynki-,5346\/odcinek\/ekspres-jedynki,6e835e89-ccb9-4bef-9e5f-a5137b9afcb5\" rel=\"nofollow noopener\" target=\"_blank\">pos\u0142uchasz w &#8222;Ekspresie Jedynki&#8221; na polskieradio.pl<\/a><\/p>\n<p>Redakcja poleca<\/p>\n","protected":false},"excerpt":{"rendered":"250 tys. prac malarskich, literackich i architektonicznych w ramach projektu Lunar Codex stworzy na Srebrnym Globie trwa\u0142e archiwum&hellip;\n","protected":false},"author":2,"featured_media":638251,"comment_status":"","ping_status":"","sticky":false,"template":"","format":"standard","meta":{"footnotes":"","_share_on_mastodon":"0"},"categories":[12],"tags":[99788,4622,42,38,40,39,41,8767],"class_list":["post-638250","post","type-post","status-publish","format-standard","has-post-thumbnail","category-polska","tag-ekspres-jedynki","tag-kosmos","tag-pl","tag-poland","tag-polish","tag-polska","tag-polski","tag-sztuka"],"share_on_mastodon":{"url":"https:\/\/pubeurope.com\/@pl\/117136538161834997","error":""},"_links":{"self":[{"href":"https:\/\/www.europesays.com\/pl\/wp-json\/wp\/v2\/posts\/638250","targetHints":{"allow":["GET"]}}],"collection":[{"href":"https:\/\/www.europesays.com\/pl\/wp-json\/wp\/v2\/posts"}],"about":[{"href":"https:\/\/www.europesays.com\/pl\/wp-json\/wp\/v2\/types\/post"}],"author":[{"embeddable":true,"href":"https:\/\/www.europesays.com\/pl\/wp-json\/wp\/v2\/users\/2"}],"replies":[{"embeddable":true,"href":"https:\/\/www.europesays.com\/pl\/wp-json\/wp\/v2\/comments?post=638250"}],"version-history":[{"count":0,"href":"https:\/\/www.europesays.com\/pl\/wp-json\/wp\/v2\/posts\/638250\/revisions"}],"wp:featuredmedia":[{"embeddable":true,"href":"https:\/\/www.europesays.com\/pl\/wp-json\/wp\/v2\/media\/638251"}],"wp:attachment":[{"href":"https:\/\/www.europesays.com\/pl\/wp-json\/wp\/v2\/media?parent=638250"}],"wp:term":[{"taxonomy":"category","embeddable":true,"href":"https:\/\/www.europesays.com\/pl\/wp-json\/wp\/v2\/categories?post=638250"},{"taxonomy":"post_tag","embeddable":true,"href":"https:\/\/www.europesays.com\/pl\/wp-json\/wp\/v2\/tags?post=638250"}],"curies":[{"name":"wp","href":"https:\/\/api.w.org\/{rel}","templated":true}]}}