{"id":638256,"date":"2026-08-22T01:24:09","date_gmt":"2026-08-22T01:24:09","guid":{"rendered":"https:\/\/www.europesays.com\/pl\/638256\/"},"modified":"2026-08-22T01:24:09","modified_gmt":"2026-08-22T01:24:09","slug":"robert-lewandowski-bez-koszulki-podziekowal-za-urodzinowe-zyczenia-obok-niego-corki-plejada","status":"publish","type":"post","link":"https:\/\/www.europesays.com\/pl\/638256\/","title":{"rendered":"Robert Lewandowski bez koszulki podzi\u0119kowa\u0142 za urodzinowe \u017cyczenia. Obok niego c\u00f3rki &#8211; Plejada"},"content":{"rendered":"<ol>\n<li><a href=\"https:\/\/news.google.com\/rss\/articles\/CBMiqgFBVV95cUxQQmlqZjJBSXg4S0dZXzAxWXI1TDhnSmdkOTY5TVNXVnFkaHRpWGJOMGg4Q1FtNUtNTlB3eGFTbkxWdXFQOGNGM2Q4TmtsVGZ3VjNsV3kxUDJFQWRqQUxqMEFjYWFIaUVtZ1VXeW9nbnBTYjRaR0VqUDY0RVk1WE9DMnRacnQwMUR6SWYwbU1nenN5WkJYcEtWc2dsUjVVVG1vRnhMODlGTkl0Zw?oc=5\" target=\"_blank\" rel=\"nofollow noopener\">Robert Lewandowski bez koszulki podzi\u0119kowa\u0142 za urodzinowe \u017cyczenia. Obok niego c\u00f3rki<\/a>&nbsp;&nbsp;Plejada<\/li>\n<li><a href=\"https:\/\/news.google.com\/rss\/articles\/CBMimgFBVV95cUxNTWNfMGs4dHczZVQySnJLQndUUmphUDZvWG1KbnVLNWk3UTY4aXhoa0o2aU5iZ3pzNmpjT3M4MG5DOTNTLTJoOXJ2Q05kaXBFN0ZTaURkTzBtMzZ5OTMzclA0UkxIbGNGakFIaHlMVGNkdEg0c0E2YUV4NkFXV3FnYVhyRFh5am5lSlRhTU50UklHWW52YXdOX01n?oc=5\" target=\"_blank\" rel=\"nofollow noopener\">Jeden z najbogatszych Polak\u00f3w. Maj\u0105tek &#8222;Lewego&#8221; powala na kolana<\/a>&nbsp;&nbsp;SportoweFakty<\/li>\n<li><a href=\"https:\/\/news.google.com\/rss\/articles\/CBMiqwFBVV95cUxQdjFKdWI5UjR5VElvQW4zckRKOEotNWlkR2hKei1ORURIQkxBd2ZnSk1XQnlfRlJ4ZFUzREU1aUcxbWhZd3lka0xOcmpMVXZycmMtVWlId2ZIc3FqYXRxUldIeUZVTmF0ODhTOWlPRENrWHNEXzF5dkhrN1g2MWxYbHMtMGtBQW9VV0R2RWxaLVpxdUcxenJZVkNIMl9lbWlLQmtyRXRnNDk3Z1U?oc=5\" target=\"_blank\" rel=\"nofollow noopener\">Ten wpis o Lewandowskim rozp\u0119ta\u0142 piek\u0142o. Z\u0142ota Pi\u0142ka nie ma wstydu<\/a>&nbsp;&nbsp;Sport.pl<\/li>\n<li><a href=\"https:\/\/news.google.com\/rss\/articles\/CBMivAFBVV95cUxQR1ZIWEg0Znp1Zm14aVlNWmNBRnA0Z0pVTVgtRGxDWDV0VHVLOXFuSjFmbEQwdGF5aWxMMkV6S1hrYUlXeVdKbmtlZ2c2WlN3SVVVeUE1bFRHMkx4VXpSMFVZVmZUSUJETFlpcXlrdTdlTm1KT05NMmJjMGlHeWVTQktnZ1A2VncxUWJnWHRLM1ZMRUhBTzFweUJkMG95NE9heXVXaHVpd3A5YUxVQnFoTzByU1RzYVdCUkloRA?oc=5\" target=\"_blank\" rel=\"nofollow noopener\">Anna Lewandowska publicznie z\u0142o\u017cy\u0142a \u017cyczenia Robertowi. Jedno zdanie zastanawia<\/a>&nbsp;&nbsp;Pomponik<\/li>\n<li><a href=\"https:\/\/news.google.com\/rss\/articles\/CBMi8AFBVV95cUxPWUdoRWRIMFQxdXk3eUUwRXoyQi03VjAyWDBaT0RUMThrMDEwelo2di1GbllHU1NyMEJLb1dWZk9sWm80ZE1GandUeW1NTWxYOHlMQjJ0dnFvOXRnek11UGdfa21HLVFZQldFaDB3dkdlQjV5V3ZUTWg1azh2NXlNS1V4d2tFS3RHWlhpMFFxOWZUMW1VVUVTWmF1MjNPdkg4VWJSVnBLT0FxdDBZY2JnOV9kZ19ZdGJwNnFHUjNRcGFwNG5lLU1wV2tuTmQ4WTF0VlgzNmR3Qk5rcnNMMWlCazJ4WTFXakxkZHRMX0M1Sng?oc=5\" target=\"_blank\" rel=\"nofollow noopener\">Pozbawiony koszulki Robert Lewandowski dzi\u0119kuje za \u017cyczenia<\/a>&nbsp;&nbsp;Pudelek.pl<\/li>\n<\/ol>\n","protected":false},"excerpt":{"rendered":"Robert Lewandowski bez koszulki podzi\u0119kowa\u0142 za urodzinowe \u017cyczenia. Obok niego c\u00f3rki&nbsp;&nbsp;Plejada Jeden z najbogatszych Polak\u00f3w. Maj\u0105tek &#8222;Lewego&#8221; powala&hellip;\n","protected":false},"author":2,"featured_media":638257,"comment_status":"","ping_status":"","sticky":false,"template":"","format":"standard","meta":{"footnotes":"","_share_on_mastodon":"0"},"categories":[24],"tags":[2576,61195,48,125,46,42,38,40,39,41,300,47,127,126],"class_list":["post-638256","post","type-post","status-publish","format-standard","has-post-thumbnail","category-sport","tag-anna_lewandowska","tag-bottomfeed_styl","tag-nat_styl","tag-newsy","tag-omp","tag-pl","tag-poland","tag-polish","tag-polska","tag-polski","tag-robert_lewandowski","tag-screening_general","tag-sport","tag-sports"],"share_on_mastodon":{"url":"https:\/\/pubeurope.com\/@pl\/117136554056843211","error":""},"_links":{"self":[{"href":"https:\/\/www.europesays.com\/pl\/wp-json\/wp\/v2\/posts\/638256","targetHints":{"allow":["GET"]}}],"collection":[{"href":"https:\/\/www.europesays.com\/pl\/wp-json\/wp\/v2\/posts"}],"about":[{"href":"https:\/\/www.europesays.com\/pl\/wp-json\/wp\/v2\/types\/post"}],"author":[{"embeddable":true,"href":"https:\/\/www.europesays.com\/pl\/wp-json\/wp\/v2\/users\/2"}],"replies":[{"embeddable":true,"href":"https:\/\/www.europesays.com\/pl\/wp-json\/wp\/v2\/comments?post=638256"}],"version-history":[{"count":0,"href":"https:\/\/www.europesays.com\/pl\/wp-json\/wp\/v2\/posts\/638256\/revisions"}],"wp:featuredmedia":[{"embeddable":true,"href":"https:\/\/www.europesays.com\/pl\/wp-json\/wp\/v2\/media\/638257"}],"wp:attachment":[{"href":"https:\/\/www.europesays.com\/pl\/wp-json\/wp\/v2\/media?parent=638256"}],"wp:term":[{"taxonomy":"category","embeddable":true,"href":"https:\/\/www.europesays.com\/pl\/wp-json\/wp\/v2\/categories?post=638256"},{"taxonomy":"post_tag","embeddable":true,"href":"https:\/\/www.europesays.com\/pl\/wp-json\/wp\/v2\/tags?post=638256"}],"curies":[{"name":"wp","href":"https:\/\/api.w.org\/{rel}","templated":true}]}}