{"id":638292,"date":"2026-08-22T01:50:32","date_gmt":"2026-08-22T01:50:32","guid":{"rendered":"https:\/\/www.europesays.com\/pl\/638292\/"},"modified":"2026-08-22T01:50:32","modified_gmt":"2026-08-22T01:50:32","slug":"burze-i-ulewy-nad-polska-rzadowe-centrum-bezpieczenstwa-wyslalo-alerty","status":"publish","type":"post","link":"https:\/\/www.europesays.com\/pl\/638292\/","title":{"rendered":"Burze i ulewy nad Polsk\u0105. Rz\u0105dowe Centrum Bezpiecze\u0144stwa wys\u0142a\u0142o alerty"},"content":{"rendered":"<p>Od kilku dni przez Polsk\u0119 przechodz\u0105 burze i ulewy, kt\u00f3re niekiedy s\u0105 gwa\u0142towne. W pi\u0105tek czeka nas nast\u0119pna fala gro\u017anych zjawisk pogodowych. Cho\u0107 b\u0119dzie jeszcze ciep\u0142o, zn\u00f3w zacznie mocno grzmie\u0107 i pada\u0107, a aura najbardziej da si\u0119 nam we znaki w nocy z pi\u0105tku na sobot\u0119. Mo\u017cliwe, \u017ce deszcz stanie si\u0119 w\u00f3wczas na tyle obfity, \u017ce pojawi\u0105 si\u0119 zalania.<\/p>\n<p>Dalszy ci\u0105g artyku\u0142u pod materia\u0142em wideo<\/p>\n<p>W zwi\u0105zku z prognozowanymi burzami, silnym wiatrem i ulewami Rz\u0105dowe Centrum Bezpiecze\u0144stwa wys\u0142a\u0142o alert do odbiorc\u00f3w w woj. dolno\u015bl\u0105skim, kujawsko-pomorskim, lubelskim, \u0142\u00f3dzkim, ma\u0142opolskim, mazowieckim, opolskim, podkarpackim, podlaskim, \u015bl\u0105skim, \u015bwi\u0119tokrzyskim, warmi\u0144sko-mazurskim oraz dla cz\u0119\u015bci woj. lubuskiego, wielkopolskiego i pomorskiego.<\/p>\n<p>&#8222;Mo\u017cliwe przerwy w dostawie pr\u0105du. Unikaj otwartych przestrzeni&#8221; \u2014 przekazano w komunikacie.<\/p>\n<p>IMGW wyda\u0142 ostrze\u017cenia<\/p>\n<p>Ostrze\u017cenia pierwszego i drugiego stopnia przed burzami oraz ulewnym deszczem wyda\u0142 wcze\u015bniej Instytut Meteorologii i Gospodarki Wodnej. Alerty obejmuj\u0105 znaczn\u0105 cz\u0119\u015b\u0107 kraju.<\/p>\n<p>Policzyli\u015bmy, kt\u00f3re miasta najgorzej znosz\u0105 upa\u0142y. Sprawd\u017a nasz ranking.<img class=\"ods-a-photo ods-a-photo--background\" src=\"https:\/\/www.europesays.com\/pl\/wp-content\/uploads\/2026\/08\/1787363432_153_PMkk9lBaHR0cHM6Ly9vY2RuLmV1L3B1bHNjbXMvTURBXy9iYTBhZWM2NzBiOTI0NDA0N2U0NDJjMTg2MmUzMDQwYS5wbmeRlQLNA.jpeg\" height=\"199\" width=\"450\" alt=\"Indeks podatno\u015bci na upa\u0142y\" loading=\"lazy\" fetchpriority=\"low\" decoding=\"async\"\/><\/p>\n<p>&#8222;W regionie rozwijaj\u0105 si\u0119 burze, kt\u00f3rym towarzysz\u0105 przede wszystkim silne opady deszczu. Nat\u0119\u017cenie opadu wynosi miejscami oko\u0142o 5-10 mm\/10 min., co daje godzinowe sumy rz\u0119du oko\u0142o 20-30 mm. Punktowo burzom towarzyszy\u0107 mo\u017ce tak\u017ce grad i porywy wiatru do oko\u0142o 60-70 km na godz.. Strefa burz przemieszcza si\u0119 z po\u0142udniowego zachodu na p\u00f3\u0142nocny wsch\u00f3d&#8221; \u2014 informuje IMGW w najnowszym komunikacie.<\/p>\n","protected":false},"excerpt":{"rendered":"Od kilku dni przez Polsk\u0119 przechodz\u0105 burze i ulewy, kt\u00f3re niekiedy s\u0105 gwa\u0142towne. W pi\u0105tek czeka nas nast\u0119pna&hellip;\n","protected":false},"author":2,"featured_media":638293,"comment_status":"","ping_status":"","sticky":false,"template":"","format":"standard","meta":{"footnotes":"","_share_on_mastodon":"0"},"categories":[12],"tags":[61195,14276,49,48,46,42,78,38,40,39,41,19576,8250,47],"class_list":["post-638292","post","type-post","status-publish","format-standard","has-post-thumbnail","category-polska","tag-bottomfeed_styl","tag-burze","tag-kraj","tag-nat_styl","tag-omp","tag-pl","tag-pogoda","tag-poland","tag-polish","tag-polska","tag-polski","tag-prognoza_pogody","tag-rcb","tag-screening_general"],"share_on_mastodon":{"url":"https:\/\/pubeurope.com\/@pl\/117136656921213064","error":""},"_links":{"self":[{"href":"https:\/\/www.europesays.com\/pl\/wp-json\/wp\/v2\/posts\/638292","targetHints":{"allow":["GET"]}}],"collection":[{"href":"https:\/\/www.europesays.com\/pl\/wp-json\/wp\/v2\/posts"}],"about":[{"href":"https:\/\/www.europesays.com\/pl\/wp-json\/wp\/v2\/types\/post"}],"author":[{"embeddable":true,"href":"https:\/\/www.europesays.com\/pl\/wp-json\/wp\/v2\/users\/2"}],"replies":[{"embeddable":true,"href":"https:\/\/www.europesays.com\/pl\/wp-json\/wp\/v2\/comments?post=638292"}],"version-history":[{"count":0,"href":"https:\/\/www.europesays.com\/pl\/wp-json\/wp\/v2\/posts\/638292\/revisions"}],"wp:featuredmedia":[{"embeddable":true,"href":"https:\/\/www.europesays.com\/pl\/wp-json\/wp\/v2\/media\/638293"}],"wp:attachment":[{"href":"https:\/\/www.europesays.com\/pl\/wp-json\/wp\/v2\/media?parent=638292"}],"wp:term":[{"taxonomy":"category","embeddable":true,"href":"https:\/\/www.europesays.com\/pl\/wp-json\/wp\/v2\/categories?post=638292"},{"taxonomy":"post_tag","embeddable":true,"href":"https:\/\/www.europesays.com\/pl\/wp-json\/wp\/v2\/tags?post=638292"}],"curies":[{"name":"wp","href":"https:\/\/api.w.org\/{rel}","templated":true}]}}