{"id":638328,"date":"2026-08-22T02:18:15","date_gmt":"2026-08-22T02:18:15","guid":{"rendered":"https:\/\/www.europesays.com\/pl\/638328\/"},"modified":"2026-08-22T02:18:15","modified_gmt":"2026-08-22T02:18:15","slug":"lot-na-teneryfe-zakonczony-nieprzyjemna-niespodzianka-pasazerowie-dolecieli-ale-bagaze-zostaly-we-wroclawiu-2","status":"publish","type":"post","link":"https:\/\/www.europesays.com\/pl\/638328\/","title":{"rendered":"Lot na Teneryf\u0119 zako\u0144czony nieprzyjemn\u0105 niespodziank\u0105. Pasa\u017cerowie dolecieli, ale baga\u017ce zosta\u0142y we Wroc\u0142awiu"},"content":{"rendered":"<p>Samolot odlecia\u0142 bez baga\u017cy<\/p>\n<p>fot. Radio Wroc\u0142aw<\/p>\n<p>Podr\u00f3\u017cni, kt\u00f3rzy wyruszyli z wroc\u0142awskiego lotniska na Teneryf\u0119, dolecieli do celu i otrzymali bardzo nieprzyjemn\u0105 niespodziank\u0119. Ich baga\u017ce zosta\u0142y we Wroc\u0142awiu. Tak\u0105 decyzj\u0119 podj\u0105\u0142 kapitan jednego z lot\u00f3w linii Ryanair.<\/p>\n<p style=\"text-align: justify;\">Aktualizacja &#8211; 21 sierpnia, godz. 17:50<\/p>\n<p style=\"text-align: justify;\">Wci\u0105\u017c nie wszyscy pasa\u017cerowie wczorajszego lotu z Wroc\u0142awia na Teneryf\u0119 otrzymali swoje baga\u017ce. Hubert Plichta, prawnik z Fundacji LexCultura wyja\u015bnia\u0142 w Radiu Wroc\u0142aw, \u017ce w takiej sytuacji nale\u017cy zg\u0142osi\u0107 spraw\u0119 na lotnisku, i spisa\u0107 protok\u00f3\u0142:<\/p>\n<p style=\"text-align: justify;\">&#8211; Trzeba dosta\u0107 za\u015bwiadczenie, \u017ce ten baga\u017c do nas po prostu nie dotar\u0142, a nast\u0119pnie konsument ma prawo dokupowa\u0107 te rzeczy, kt\u00f3re s\u0105 mu niezb\u0119dne, konieczne do tego, \u017ceby normalnie m\u00f3g\u0142 funkcjonowa\u0107 bez tego baga\u017cu. Limitem g\u00f3rnym, do jakiego mo\u017cemy robi\u0107 te zakupy, to jest oko\u0142o 7000 z\u0142otych.<\/p>\n<p><p>&#13;<br \/>\n\t\t\t\t\t\t\t\t\t\tAby ods\u0142ucha\u0107 za\u0142\u0105czonego d\u017awi\u0119ku zaktualizuj przegl\u0105dark\u0119 lub\/i wtyczk\u0119 Adobe Flash Player.&#13;\n\t\t\t\t\t\t\t\t\t<\/p>\n<\/p>\n<p>Zakupione produkty musz\u0105 by\u0107 w \u201erozs\u0105dnej cenie\u201d i w ilo\u015bci pozwalaj\u0105cej przetrwa\u0107 do momentu dostarczenia walizki. Co w takim razie mo\u017cna kupi\u0107?<\/p>\n<p>&#8211; Mo\u017cna kupi\u0107 kosmetyki pierwszej potrzeby, mo\u017cna kupi\u0107 sobie bielizn\u0119. No, w zale\u017cno\u015bci ile dni ten baga\u017c b\u0119dzie op\u00f3\u017aniony odpowiednio. Spodnie, no tu m\u00f3wimy o Teneryfie, wi\u0119c spodenki, T-shirty. Tutaj jest bardzo wa\u017cne zastrze\u017cenie \u2014 no nie mo\u017ce tu chodzi\u0107 o rzeczy luksusowe czy ponad miar\u0119.<\/p>\n<p><p>&#13;<br \/>\n\t\t\t\t\t\t\t\t\t\tAby ods\u0142ucha\u0107 za\u0142\u0105czonego d\u017awi\u0119ku zaktualizuj przegl\u0105dark\u0119 lub\/i wtyczk\u0119 Adobe Flash Player.&#13;\n\t\t\t\t\t\t\t\t\t<\/p>\n<\/p>\n<p>Po takich zakupach trzeba w\u00a0ci\u0105gu 21 dni z\u0142o\u017cy\u0107 reklamacje do przewo\u017anika, do\u0142\u0105czaj\u0105c paragony.<\/p>\n<p>A ca\u0142ej rozmowy\u00a0w Reakcji24 z ekspertem Hubertem Plicht\u0105 o tym, jak nale\u017cy si\u0119 zachowa\u0107 w takiej sytuacji i jakie prawa przys\u0142uguj\u0105 pasa\u017cerom, mo\u017cecie pos\u0142ucha\u0107 tutaj:<\/p>\n<p style=\"text-align: justify;\">Aktualizacja &#8211; 21 sierpnia, godz. 12:45<\/p>\n<p style=\"text-align: justify;\">Pasa\u017cerowie, kt\u00f3rzy w czwartek przed po\u0142udniem wylecieli z Wroc\u0142awia na Teneryf\u0119, wci\u0105\u017c oczekuj\u0105 na swoje baga\u017ce. Wczoraj informowali\u015bmy, \u017ce decyzj\u0105 kapitana lotu linii Ryanair cz\u0119\u015b\u0107 walizek zosta\u0142a w Polsce. Wroc\u0142awskie lotnisko poinformowa\u0142o nas, \u017ce cz\u0119\u015b\u0107 baga\u017cy odlecia\u0142a innym lotem jeszcze w czwartek, a reszta poleci na wyspy Kanaryjskie dzisiaj. Nasz s\u0142uchacz, kt\u00f3ry zg\u0142osi\u0142 problem, przekazuje jednak, \u017ce walizek nadal nie ma, a Ryanair ograniczy\u0142 si\u0119 do lakonicznego maila:<\/p>\n<p style=\"text-align: justify;\">&#8211; (Ludzie &#8211; red.) dalej s\u0105 bez tych swoich rzeczy. Przyszed\u0142 taki raport o nieprawid\u0142owo\u015bci z biura rzeczy znalezionych. Odniesienie tylko do strony z\u0142o\u017cenia reklamacji. Wiedz\u0105 o tym, \u017ce mojej \u017cony baga\u017c jest zagubiony.<\/p>\n<p>&#13;<br \/>\n\t\t\t\t\t\t\t\t\t\tAby ods\u0142ucha\u0107 za\u0142\u0105czonego d\u017awi\u0119ku zaktualizuj przegl\u0105dark\u0119 lub\/i wtyczk\u0119 Adobe Flash Player.&#13;\n\t\t\t\t\t\t\t\t\t<\/p>\n<p style=\"text-align: justify;\">Kr\u00f3tki mail od Ryanair zawiera te\u017c informacj\u0119, \u017ce raport o zagubionym baga\u017cu nie stanowi rozliczenia ani przyznania si\u0119 przez przewo\u017anika do odpowiedzialno\u015bci. Pasa\u017cerowie pechowego lotu wci\u0105\u017c nie wiedz\u0105, co dzieje si\u0119 z ich baga\u017cami ani kiedy mog\u0105 one dotrze\u0107 na Teneryf\u0119.<\/p>\n<p style=\"text-align: justify;\">Wcze\u015bniej pisali\u015bmy:<\/p>\n<p style=\"text-align: justify;\">Nieprzyjemna niespodzianka czeka\u0142a na podr\u00f3\u017cuj\u0105cych z Wroc\u0142awia na Wyspy Kanaryjskie. Pasa\u017cerowie odlecieli przed po\u0142udniem na urlop na Teneryfie, ale ich baga\u017ce pozosta\u0142y w Polsce.<\/p>\n<p style=\"text-align: justify;\">Wed\u0142ug informacji przekazanych nam przez lotnisko, decyzj\u0119 o tym, aby pozostawi\u0107 cz\u0119\u015b\u0107 walizek, podj\u0105\u0142 kapitan samolotu linii Ryanair. O sprawie poinformowa\u0142 nas s\u0142uchacz, kt\u00f3rego \u017cona i dziecko s\u0105 po\u015br\u00f3d os\u00f3b, kt\u00f3re zosta\u0142y bez baga\u017cy:<\/p>\n<p style=\"text-align: justify;\">&#8211; Kuriozum. Tam jest dramat na tym lotnisku, bardzo du\u017ce poruszenie by\u0142o tam na Teneryfie. M\u0142odzi ludzie i z dzie\u0107mi ludzie i starsze osoby. Moja \u017cona na przyk\u0142ad p\u0142ynu do soczewek nie ma. Dziecku te\u017c si\u0119 nie wyt\u0142umaczy niekt\u00f3rych rzeczy, \u017ce zabawki zosta\u0142y we Wroc\u0142awiu.<\/p>\n<p>&#13;<br \/>\n\t\t\t\t\t\t\t\t\t\tAby ods\u0142ucha\u0107 za\u0142\u0105czonego d\u017awi\u0119ku zaktualizuj przegl\u0105dark\u0119 lub\/i wtyczk\u0119 Adobe Flash Player.&#13;\n\t\t\t\t\t\t\t\t\t<\/p>\n<p style=\"text-align: justify;\">Wroc\u0142awskie lotnisko przekaza\u0142o, \u017ce pierwsza partia baga\u017cy pozostawionych we Wroc\u0142awiu wyleci jeszcze dzi\u015b do Londynu, gdzie zostan\u0105 przepakowane do innego samolotu lec\u0105cego na Teneryf\u0119. Reszta baga\u017cy z Polski odleci dopiero jutro.<\/p>\n<p style=\"text-align: justify;\">Nie uda\u0142o nam si\u0119 uzyska\u0107 komentarza od linii lotniczej Ryanair.<\/p>\n<p>\u00a0<\/p>\n","protected":false},"excerpt":{"rendered":"Samolot odlecia\u0142 bez baga\u017cy fot. Radio Wroc\u0142aw Podr\u00f3\u017cni, kt\u00f3rzy wyruszyli z wroc\u0142awskiego lotniska na Teneryf\u0119, dolecieli do celu&hellip;\n","protected":false},"author":2,"featured_media":638329,"comment_status":"","ping_status":"","sticky":false,"template":"","format":"standard","meta":{"footnotes":"","_share_on_mastodon":"0"},"categories":[51607],"tags":[46328,124729,124728,10573,34720,124727,58555,10798,42,38,40,39,41,124725,55110,1853,55111,124726,86954],"class_list":["post-638328","post","type-post","status-publish","format-standard","has-post-thumbnail","category-wroclaw","tag-ale","tag-bagaze","tag-dolecieli","tag-lot","tag-na","tag-nieprzyjemna","tag-niespodzianka","tag-pasazerowie","tag-pl","tag-poland","tag-polish","tag-polska","tag-polski","tag-teneryfe","tag-we","tag-wroclaw","tag-wroclawiu","tag-zakonczony","tag-zostaly"],"share_on_mastodon":{"url":"https:\/\/pubeurope.com\/@pl\/117136765990685943","error":""},"_links":{"self":[{"href":"https:\/\/www.europesays.com\/pl\/wp-json\/wp\/v2\/posts\/638328","targetHints":{"allow":["GET"]}}],"collection":[{"href":"https:\/\/www.europesays.com\/pl\/wp-json\/wp\/v2\/posts"}],"about":[{"href":"https:\/\/www.europesays.com\/pl\/wp-json\/wp\/v2\/types\/post"}],"author":[{"embeddable":true,"href":"https:\/\/www.europesays.com\/pl\/wp-json\/wp\/v2\/users\/2"}],"replies":[{"embeddable":true,"href":"https:\/\/www.europesays.com\/pl\/wp-json\/wp\/v2\/comments?post=638328"}],"version-history":[{"count":0,"href":"https:\/\/www.europesays.com\/pl\/wp-json\/wp\/v2\/posts\/638328\/revisions"}],"wp:featuredmedia":[{"embeddable":true,"href":"https:\/\/www.europesays.com\/pl\/wp-json\/wp\/v2\/media\/638329"}],"wp:attachment":[{"href":"https:\/\/www.europesays.com\/pl\/wp-json\/wp\/v2\/media?parent=638328"}],"wp:term":[{"taxonomy":"category","embeddable":true,"href":"https:\/\/www.europesays.com\/pl\/wp-json\/wp\/v2\/categories?post=638328"},{"taxonomy":"post_tag","embeddable":true,"href":"https:\/\/www.europesays.com\/pl\/wp-json\/wp\/v2\/tags?post=638328"}],"curies":[{"name":"wp","href":"https:\/\/api.w.org\/{rel}","templated":true}]}}