{"id":638370,"date":"2026-08-22T02:48:13","date_gmt":"2026-08-22T02:48:13","guid":{"rendered":"https:\/\/www.europesays.com\/pl\/638370\/"},"modified":"2026-08-22T02:48:13","modified_gmt":"2026-08-22T02:48:13","slug":"limba-we-wroclawiu-wroclaw-nasze-miasto","status":"publish","type":"post","link":"https:\/\/www.europesays.com\/pl\/638370\/","title":{"rendered":"Limba we Wroc\u0142awiu | Wroc\u0142aw Nasze Miasto"},"content":{"rendered":"<p class=\"atomsHappeningContent__desc\">Nowe osiedle mieszkaniowe. Zamkni\u0119te, do\u015b\u0107 zamo\u017cne, elitarne. \u00d3semka bohater\u00f3w spotyka si\u0119 podczas zebrania lokatorskiego, \u017ceby zadecydowa\u0107 o posadzeniu drzewka, tytu\u0142owej limby.<\/p>\n<p>Rutynowe zebranie ma do\u015b\u0107 nieoczekiwany przebieg. Lokatorzy reprezentuj\u0105cy r\u00f3\u017cne grupy spo\u0142eczne, zawody, ideologie, r\u00f3\u017cny stosunek do Unii Europejskiej, status materialny i wyznania maj\u0105 te\u017c r\u00f3\u017cne wizje i pomys\u0142y na temat nie tylko drzewa, ale i wielu innych spraw. Kompromis wisi na w\u0142osku. Czy uda si\u0119 porozumie\u0107 w sk\u0142\u00f3conym i spolaryzowanym spo\u0142ecze\u0144stwie? Czy limba przetrwa zebranie lokatorskie? A mo\u017ce sprzeczno\u015b\u0107 interes\u00f3w i charakter\u00f3w jest si\u0142\u0105 tak destrukcyjn\u0105, \u017ce konfrontacja b\u0119dzie nieunikniona? Pod wp\u0142ywem emocji i nieoczekiwanych zdarze\u0144 prawda o mieszka\u0144cach wychodzi na jaw. Nikt nie jest tym, za kogo si\u0119 podawa\u0142. Czy kto\u015b w tej wojnie na racje i argumenty mo\u017ce zwyci\u0119\u017cy\u0107?<\/p>\n<p>Inspiracj\u0105 do powstania spektaklu by\u0142a dwudziesta rocznica przyst\u0105pienia Polski do Unii Europejskiej \u2013 jubileusz b\u0119d\u0105cy znakomitym pretekstem do przyjrzenia si\u0119 obecnej kondycji naszej wsp\u00f3lnoty, sprawdzenia w jaki spos\u00f3b naczelne warto\u015bci unii narod\u00f3w, takie jak pluralizm, tolerancja, sprawiedliwo\u015b\u0107, czy solidarno\u015b\u0107 i r\u00f3wno\u015b\u0107, funkcjonuj\u0105 obecnie. Temat wsp\u00f3lnoty w r\u00f3\u017cnorodno\u015bci znakomicie koresponduje tak\u017ce z tegorocznym jubileuszem 25-lecia wojew\u00f3dztwa dolno\u015bl\u0105skiego, w kt\u00f3rym dzieje si\u0119 akcja sztuki. Po 1945 roku to by\u0142a \u201eziemia niczyja\u201d. Nikt nie wiedzia\u0142 gdzie b\u0119dzie granica, kto i jak d\u0142ugo b\u0119dzie sprawowa\u0142 w\u0142adz\u0119. Nowi mieszka\u0144cy czuli tymczasowo\u015b\u0107 i niepewno\u015b\u0107 nowej ojczyzny. Czy po latach, dzisiaj, nie odzywaj\u0105 si\u0119 echa tamtych obaw, w nowych mieszka\u0144cach, nowoczesnych osiedli?<\/p>\n<p>Sztuka jest tragikomiczn\u0105 opowie\u015bci\u0105 o niemo\u017cno\u015bci porozumienia si\u0119. O hejcie, nienawi\u015bci, egoizmie, braku empatii i spo\u0142ecznych podzia\u0142ach.<br \/>\u201eLimba\u201d zaczyna si\u0119 jak u Barei, a ko\u0144czy jak u Hitchcocka, pomi\u0119dzy jest zwyczajne polskie \u017cycie, gdzie\u015b na osiedlu, jakich pod Wroc\u0142a<\/p>\n<p>Spektakl powsta\u0142 w koprodukcji Teatru Uk\u0142ad Formalny oraz O\u015brodka Kultury i Sztuki we Wroc\u0142awiu.<\/p>\n<p>Re\u017cyser: Piotr Ratajczak<\/p>\n<p>Obsada: Alicja Czerniewicz,, Wiktoria Czubaszek, Paulina Miku\u015bkiewicz, Przemys\u0142aw Furdak, Jerzy G\u00f3rski, Adam Pietrzak, Rafa\u0142 Pietrzak, Maciej Rabskizia\u0142ach.<\/p>\n<p>Autor: Piotr Rowicki<br \/>Data premiery: 2024-02-10<br \/>Gatunek: dramat<br \/>Scenografia: Marianna Lisiecka-Syska<br \/>Muzyka: Tymek Witczak<br \/>\u015awiat\u0142o: Kacper Scheffler<br \/>Choreografia: Arkadiusz Buszko<br \/>Kostiumy: Nikola \u0141ada<br \/>Czas trwania: 90 min<\/p>\n","protected":false},"excerpt":{"rendered":"Nowe osiedle mieszkaniowe. Zamkni\u0119te, do\u015b\u0107 zamo\u017cne, elitarne. \u00d3semka bohater\u00f3w spotyka si\u0119 podczas zebrania lokatorskiego, \u017ceby zadecydowa\u0107 o posadzeniu&hellip;\n","protected":false},"author":2,"featured_media":638371,"comment_status":"","ping_status":"","sticky":false,"template":"","format":"standard","meta":{"footnotes":"","_share_on_mastodon":"0"},"categories":[51607],"tags":[6226,10195,42,38,40,39,41,8812,1853,22920],"class_list":["post-638370","post","type-post","status-publish","format-standard","has-post-thumbnail","category-wroclaw","tag-bilety","tag-impreza","tag-pl","tag-poland","tag-polish","tag-polska","tag-polski","tag-spektakle","tag-wroclaw","tag-wydarzenie"],"share_on_mastodon":{"url":"https:\/\/pubeurope.com\/@pl\/117136883987445216","error":""},"_links":{"self":[{"href":"https:\/\/www.europesays.com\/pl\/wp-json\/wp\/v2\/posts\/638370","targetHints":{"allow":["GET"]}}],"collection":[{"href":"https:\/\/www.europesays.com\/pl\/wp-json\/wp\/v2\/posts"}],"about":[{"href":"https:\/\/www.europesays.com\/pl\/wp-json\/wp\/v2\/types\/post"}],"author":[{"embeddable":true,"href":"https:\/\/www.europesays.com\/pl\/wp-json\/wp\/v2\/users\/2"}],"replies":[{"embeddable":true,"href":"https:\/\/www.europesays.com\/pl\/wp-json\/wp\/v2\/comments?post=638370"}],"version-history":[{"count":0,"href":"https:\/\/www.europesays.com\/pl\/wp-json\/wp\/v2\/posts\/638370\/revisions"}],"wp:featuredmedia":[{"embeddable":true,"href":"https:\/\/www.europesays.com\/pl\/wp-json\/wp\/v2\/media\/638371"}],"wp:attachment":[{"href":"https:\/\/www.europesays.com\/pl\/wp-json\/wp\/v2\/media?parent=638370"}],"wp:term":[{"taxonomy":"category","embeddable":true,"href":"https:\/\/www.europesays.com\/pl\/wp-json\/wp\/v2\/categories?post=638370"},{"taxonomy":"post_tag","embeddable":true,"href":"https:\/\/www.europesays.com\/pl\/wp-json\/wp\/v2\/tags?post=638370"}],"curies":[{"name":"wp","href":"https:\/\/api.w.org\/{rel}","templated":true}]}}