{"id":638400,"date":"2026-08-22T03:12:27","date_gmt":"2026-08-22T03:12:27","guid":{"rendered":"https:\/\/www.europesays.com\/pl\/638400\/"},"modified":"2026-08-22T03:12:27","modified_gmt":"2026-08-22T03:12:27","slug":"poranny-pozar-w-lublinie-palil-sie-smietnik-i-zaparkowane-obok-auta-w-jednym-z-nich-spal-mezczyzna","status":"publish","type":"post","link":"https:\/\/www.europesays.com\/pl\/638400\/","title":{"rendered":"Poranny po\u017car w Lublinie, pali\u0142 si\u0119 \u015bmietnik i zaparkowane obok auta. W jednym z nich spa\u0142 m\u0119\u017cczyzna"},"content":{"rendered":"<p>W pi\u0105tek, 21 sierpnia, nad ranem, s\u0142u\u017cby ratunkowe zosta\u0142y zaalarmowane o po\u017carze przy ul. Pana Balcera w Lublinie. Na miejsce natychmiast skierowano stra\u017c po\u017carn\u0105 oraz policj\u0119.<\/p>\n<p>Ogie\u0144 zosta\u0142 zauwa\u017cony oko\u0142o godziny 4:30. Pali\u0142 si\u0119 \u015bmietnik, przy czym p\u0142omienie bardzo szybko rozprzestrzenia\u0142y si\u0119 na kolejne kontenery oraz zaparkowane w pobli\u017cu auta. Stra\u017cakom szybko uda\u0142o si\u0119 opanowa\u0107 sytuacj\u0119.<\/p>\n<p>Jak wyja\u015bnia nam m\u0142. kpt. Bart\u0142omiej Pytka z Komendy Miejskiej Pa\u0144stwowej Stra\u017cy Po\u017carnej w Lublinie, sp\u0142on\u0119\u0142y trzy kontenery na odpady, ogie\u0144 uszkodzi\u0142 r\u00f3wnie\u017c trzy samochody: dwa Mercedesy i Suzuki. Szkody zosta\u0142y wst\u0119pnie oszacowane na ok. 80 tys. z\u0142otych. Przypuszczaln\u0105 przyczyn\u0105 po\u017caru jest podpalenie.<\/p>\n<p>W jednym z aut, kt\u00f3re uszkodzi\u0142 ogie\u0144, spa\u0142 m\u0119\u017cczyzna. Policjanci ustalili, \u017ce by\u0142 to bezdomny 45-latek. Znajdowa\u0142 si\u0119 on pod wp\u0142ywem alkoholu. Zatrzymano go do wyja\u015bnienia.<\/p>\n<p>\n                                    <a href=\"https:\/\/www.google.com\/preferences\/source?q=lublin112.pl\" target=\"_blank\" rel=\"noopener noreferrer nofollow\" onclick=\"if (!window.__cfRLUnblockHandlers) return false; gtag(&#039;event&#039;, &#039;google_preferred_source_click&#039;, {&#010;                                           &#039;link_url&#039;: this.href,&#010;                                           &#039;link_text&#039;: &#039;Ustaw lublin112.pl jako preferowane \u017ar\u00f3d\u0142o&#039;&#010;                                       });\" style=\"text-align:center;display:block;\" data-cf-modified-639bc684f44237c4df202120-=\"\"><br \/>\n                                        <img decoding=\"async\" src=\"https:\/\/www.europesays.com\/pl\/wp-content\/uploads\/2026\/08\/1787368347_645_lublin112-google-source.webp\" alt=\"Ustaw lublin112.pl jako preferowane \u017ar\u00f3d\u0142o w Google\" style=\"max-width: 70%;\"\/><br \/>\n                                    <\/a><br \/>\n                                    <\/p>\n","protected":false},"excerpt":{"rendered":"W pi\u0105tek, 21 sierpnia, nad ranem, s\u0142u\u017cby ratunkowe zosta\u0142y zaalarmowane o po\u017carze przy ul. Pana Balcera w Lublinie.&hellip;\n","protected":false},"author":2,"featured_media":638401,"comment_status":"","ping_status":"","sticky":false,"template":"","format":"standard","meta":{"footnotes":"","_share_on_mastodon":"0"},"categories":[51612],"tags":[1081,125308,42,38,40,39,41,2148,125309,9104],"class_list":["post-638400","post","type-post","status-publish","format-standard","has-post-thumbnail","category-lublin","tag-lublin","tag-pana-balcera","tag-pl","tag-poland","tag-polish","tag-polska","tag-polski","tag-pozar","tag-pozar-smietnika","tag-samochody"],"share_on_mastodon":{"url":"https:\/\/pubeurope.com\/@pl\/117136979536567868","error":""},"_links":{"self":[{"href":"https:\/\/www.europesays.com\/pl\/wp-json\/wp\/v2\/posts\/638400","targetHints":{"allow":["GET"]}}],"collection":[{"href":"https:\/\/www.europesays.com\/pl\/wp-json\/wp\/v2\/posts"}],"about":[{"href":"https:\/\/www.europesays.com\/pl\/wp-json\/wp\/v2\/types\/post"}],"author":[{"embeddable":true,"href":"https:\/\/www.europesays.com\/pl\/wp-json\/wp\/v2\/users\/2"}],"replies":[{"embeddable":true,"href":"https:\/\/www.europesays.com\/pl\/wp-json\/wp\/v2\/comments?post=638400"}],"version-history":[{"count":0,"href":"https:\/\/www.europesays.com\/pl\/wp-json\/wp\/v2\/posts\/638400\/revisions"}],"wp:featuredmedia":[{"embeddable":true,"href":"https:\/\/www.europesays.com\/pl\/wp-json\/wp\/v2\/media\/638401"}],"wp:attachment":[{"href":"https:\/\/www.europesays.com\/pl\/wp-json\/wp\/v2\/media?parent=638400"}],"wp:term":[{"taxonomy":"category","embeddable":true,"href":"https:\/\/www.europesays.com\/pl\/wp-json\/wp\/v2\/categories?post=638400"},{"taxonomy":"post_tag","embeddable":true,"href":"https:\/\/www.europesays.com\/pl\/wp-json\/wp\/v2\/tags?post=638400"}],"curies":[{"name":"wp","href":"https:\/\/api.w.org\/{rel}","templated":true}]}}