{"id":638510,"date":"2026-08-22T04:21:14","date_gmt":"2026-08-22T04:21:14","guid":{"rendered":"https:\/\/www.europesays.com\/pl\/638510\/"},"modified":"2026-08-22T04:21:14","modified_gmt":"2026-08-22T04:21:14","slug":"usa-zaczynaja-splacac-dlugi-wobec-onz-grozila-im-utrata-prawa-glosu","status":"publish","type":"post","link":"https:\/\/www.europesays.com\/pl\/638510\/","title":{"rendered":"USA zaczynaj\u0105 sp\u0142aca\u0107 d\u0142ugi wobec ONZ. Grozi\u0142a im utrata prawa g\u0142osu"},"content":{"rendered":"<p>O planowanej p\u0142atno\u015bci poinformowano w niepublikowanym wcze\u015bniej pi\u015bmie Departamentu Stanu do Kongresu z 4 sierpnia. Pieni\u0105dze maj\u0105 zosta\u0107 przekazane przed wrze\u015bniowym wyst\u0105pieniem prezydenta USA Donalda Trumpa na Zgromadzeniu Og\u00f3lnym ONZ w Nowym Jorku \u2014 poda\u0142 w pi\u0105tek Reuters.<\/p>\n<p>Dalszy ci\u0105g artyku\u0142u pod materia\u0142em wideo<\/p>\n<p>725 mln dol. to mniej ni\u017c 20 proc. z ponad 4 mld dol., kt\u00f3re \u2014 wed\u0142ug majowych danych ONZ \u2014 Stany Zjednoczone s\u0105 jej winne. Waszyngton twierdzi, \u017ce rzeczywista kwota jest znacznie ni\u017csza i \u017ce dokona\u0142 ju\u017c cz\u0119\u015bci p\u0142atno\u015bci. USA s\u0105 najwi\u0119kszym p\u0142atnikiem do bud\u017cetu ONZ.<\/p>\n<p>Eugene Chen, by\u0142y urz\u0119dnik ONZ, powiedzia\u0142 Reutersowi, \u017ce taki transfer pom\u00f3g\u0142by ONZ tymczasowo wyp\u0142aca\u0107 pensje pracownikom, cho\u0107 prawdopodobnie nie wystarczy\u0142by na pokrycie wszystkich zobowi\u0105za\u0144. \u2014 To utrzyma statek na powierzchni troch\u0119 d\u0142u\u017cej \u2014 doda\u0142. Je\u015bli USA nie dokonaj\u0105 kolejnych p\u0142atno\u015bci, w styczniu prawdopodobnie strac\u0105 prawo g\u0142osu \u2014 uwa\u017ca Chen.<\/p>\n<p>USA zagro\u017cone utrat\u0105 prawa g\u0142osu<\/p>\n<p>Zgodnie z art. 19 Karty Narod\u00f3w Zjednoczonych pa\u0144stwo cz\u0142onkowskie traci prawo g\u0142osu w Zgromadzeniu Og\u00f3lnym, je\u015bli jego zaleg\u0142o\u015bci przekraczaj\u0105 wysoko\u015b\u0107 sk\u0142adek nale\u017cnych za dwa pe\u0142ne lata. Mo\u017cliwe s\u0105 jednak okresy karencji.<\/p>\n<p>Sekretarz generalny ONZ Antonio Guterres ostrzeg\u0142 wcze\u015bniej w tym roku, \u017ce organizacja jest &#8222;w wy\u015bcigu do bankructwa&#8221; i wskaza\u0142 na &#8222;bardzo realn\u0105 perspektyw\u0119 finansowego upadku&#8221; instytucji.<\/p>\n<p>Opr\u00f3cz tego, \u017ce USA zalegaj\u0105 z p\u0142atno\u015bciami na rzecz ONZ, wycofa\u0142y si\u0119 te\u017c z wielu program\u00f3w i agencji podlegaj\u0105cych organizacji, np. \u015awiatowej Organizacji Zdrowia. Prezydent Donald Trump argumentuje, \u017ce walczy w ten spos\u00f3b z tym, co okre\u015bla jako marnotrawstwo i z\u0142\u0105 polityk\u0119. Pozbawiona funduszy ONZ przeprowadzi\u0142a rekordowo wysokie ci\u0119cia wydatk\u00f3w i rozpocz\u0119\u0142a dzia\u0142ania na rzecz poprawy efektywno\u015bci.<\/p>\n","protected":false},"excerpt":{"rendered":"O planowanej p\u0142atno\u015bci poinformowano w niepublikowanym wcze\u015bniej pi\u015bmie Departamentu Stanu do Kongresu z 4 sierpnia. Pieni\u0105dze maj\u0105 zosta\u0107&hellip;\n","protected":false},"author":2,"featured_media":638511,"comment_status":"","ping_status":"","sticky":false,"template":"","format":"standard","meta":{"footnotes":"","_share_on_mastodon":"0"},"categories":[14],"tags":[9108,61195,32,33,44,27,34,35,28,31,48,25,46,1191,40,41,47,80,29,30,71,26,82,83,84],"class_list":["post-638510","post","type-post","status-publish","format-standard","has-post-thumbnail","category-swiat","tag-antonio_guterres","tag-bottomfeed_styl","tag-breaking-news","tag-breakingnews","tag-donald_trump","tag-headlines","tag-latest-news","tag-latestnews","tag-naglowki","tag-najwazniejsze-artykuly","tag-nat_styl","tag-news","tag-omp","tag-onz","tag-polish","tag-polski","tag-screening_general","tag-swiat","tag-top-stories","tag-topstories","tag-usa","tag-wiadomosci","tag-world","tag-world-news","tag-worldnews"],"share_on_mastodon":{"url":"https:\/\/pubeurope.com\/@pl\/117137249679993104","error":""},"_links":{"self":[{"href":"https:\/\/www.europesays.com\/pl\/wp-json\/wp\/v2\/posts\/638510","targetHints":{"allow":["GET"]}}],"collection":[{"href":"https:\/\/www.europesays.com\/pl\/wp-json\/wp\/v2\/posts"}],"about":[{"href":"https:\/\/www.europesays.com\/pl\/wp-json\/wp\/v2\/types\/post"}],"author":[{"embeddable":true,"href":"https:\/\/www.europesays.com\/pl\/wp-json\/wp\/v2\/users\/2"}],"replies":[{"embeddable":true,"href":"https:\/\/www.europesays.com\/pl\/wp-json\/wp\/v2\/comments?post=638510"}],"version-history":[{"count":0,"href":"https:\/\/www.europesays.com\/pl\/wp-json\/wp\/v2\/posts\/638510\/revisions"}],"wp:featuredmedia":[{"embeddable":true,"href":"https:\/\/www.europesays.com\/pl\/wp-json\/wp\/v2\/media\/638511"}],"wp:attachment":[{"href":"https:\/\/www.europesays.com\/pl\/wp-json\/wp\/v2\/media?parent=638510"}],"wp:term":[{"taxonomy":"category","embeddable":true,"href":"https:\/\/www.europesays.com\/pl\/wp-json\/wp\/v2\/categories?post=638510"},{"taxonomy":"post_tag","embeddable":true,"href":"https:\/\/www.europesays.com\/pl\/wp-json\/wp\/v2\/tags?post=638510"}],"curies":[{"name":"wp","href":"https:\/\/api.w.org\/{rel}","templated":true}]}}