{"id":638574,"date":"2026-08-22T05:05:09","date_gmt":"2026-08-22T05:05:09","guid":{"rendered":"https:\/\/www.europesays.com\/pl\/638574\/"},"modified":"2026-08-22T05:05:09","modified_gmt":"2026-08-22T05:05:09","slug":"motor-lublin-gkm-grudziadz-4644-ziolkowski-nie-bylo-zadnego-niepokoju","status":"publish","type":"post","link":"https:\/\/www.europesays.com\/pl\/638574\/","title":{"rendered":"Motor Lublin &#8211; GKM Grudzi\u0105dz 46:44. Zi\u00f3\u0142kowski: &#8222;Nie by\u0142o \u017cadnego niepokoju&#8221;"},"content":{"rendered":"<p>Obie dru\u017cyny czeka\u0142y na to spotkanie niemal dwa tygodnie. W momencie, w kt\u00f3rym Motor wypu\u015bci\u0142 punkt bonusowy w dwumeczu z Betard Spart\u0105 Wroc\u0142aw niemal pewne by\u0142o, \u017ce to w\u0142a\u015bnie w Grudzi\u0105dzu rozstrzygn\u0105 si\u0119 losy ostatniego miejsca gwarantuj\u0105cego udzia\u0142 w fazie play-off.<\/p>\n<p>Dalszy ci\u0105g artyku\u0142u pod materia\u0142em wideo<\/p>\n<p>Spotkanie rozpocz\u0119\u0142o si\u0119 od dominacji go\u015bci, kt\u00f3rzy szybko wyszli na sze\u015bciopunktowe prowadzenie. &#8222;Kozio\u0142ki&#8221; do\u015b\u0107 niespodziewanie wygra\u0142y bieg m\u0142odzie\u017cowy, a w\u015br\u00f3d senior\u00f3w najlepiej radzili sobie Mateusz Cierniak i Martin Vaculik, dla kt\u00f3rych ostatni czas nie by\u0142 najlepszy. W pierwszej po\u0142owie meczu to oni ci\u0105gn\u0119li wynik dru\u017cyny, gdy nie sz\u0142o Kacprowi Worynie i Bartoszowi Zmarzlikowi.<\/p>\n<p>\u2014 Rewelacyjne zawody Mateusza Cierniaka i Martina Vaculika, kt\u00f3rzy ostatnio mieli swoje problemy. \u015awietnie pojechali r\u00f3wnie\u017c juniorzy, bo obaj wygrali po wy\u015bcigu i do\u0142o\u017cyli \u0142\u0105cznie osiem punkt\u00f3w, tak \u017ce naprawd\u0119 ca\u0142a dru\u017cyna by\u0142a bardzo zmobilizowana. Mo\u017cna powiedzie\u0107, \u017ce co\u015b podobnego widzieli\u015bmy przed starciem w Zielonej G\u00f3rze, kt\u00f3re w\u00f3wczas r\u00f3wnie\u017c by\u0142o dla nas meczem o wszystko, bo ewentualna pora\u017cka wyklucza\u0142aby nas z tej walki o czw\u00f3rk\u0119. I dzisiaj by\u0142o podobnie. By\u0142a mobilizacja, koncentracja i mimo \u017ce to spotkanie by\u0142o troch\u0119 na prowadzeniu, potem z ty\u0142u, to ostatecznie wszystko si\u0119 dobrze u\u0142o\u017cy\u0142o i zwyci\u0119\u017cyli\u015bmy \u2014 powiedzia\u0142 nam trener Jacek Zi\u00f3\u0142kowski po meczu.<\/p>\n<p>Zachowali pe\u0142ny spok\u00f3j<\/p>\n<p>Po sze\u015bciu biegach go\u015bcie prowadzili 21:15 i wydawa\u0142o si\u0119, \u017ce maj\u0105 sytuacj\u0119 pod kontrol\u0105. Si\u00f3dma i \u00f3sma gonitwa to jednak dwa podw\u00f3jne zwyci\u0119stwa Grudzi\u0105dzan, kt\u00f3rzy nagle nabrali wiatru w \u017cagle i wyszli na prowadzenie w meczu. Swoje problemy mia\u0142 Zmarzlik, kt\u00f3ry w dw\u00f3ch wyst\u0119pach zdoby\u0142 tylko punkt. GKM mia\u0142 z kolei dwa punkty przewagi, a obok stadionu pojawi\u0142y si\u0119 nawet sztuczne ognie. Jak podkre\u015bla szkoleniowiec Motoru, w zespole nie by\u0142o jednak nerwowych ruch\u00f3w.<\/p>\n<p>\u2014 Nie by\u0142o \u017cadnego niepokoju, bo wiedzieli\u015bmy, \u017ce Kacper i Bartek na pewno si\u0119 prze\u0142ami\u0105. Oni mieli ten pocz\u0105tek taki niezbyt fortunny, ale wiedzieli\u015bmy, \u017ce z\u0142api\u0105 swoj\u0105 pr\u0119dko\u015b\u0107 i b\u0119dzie dobrze. Mo\u017cna powiedzie\u0107, \u017ce na tamtym etapie meczu czuli\u015bmy pewne rezerwy w dru\u017cynie i to si\u0119 potem potwierdzi\u0142o \u2014 zapewni\u0142 Zi\u00f3\u0142kowski.<\/p>\n<p>W czwartej serii start\u00f3w go\u015bcie ponownie odwr\u00f3cili wynik meczu i przed biegami nominowanymi prowadzili 41:37. W\u00f3wczas wiadomo by\u0142o, \u017ce aby zapewni\u0107 sobie awans do fazy play-off, przyjezdni potrzebuj\u0105 tylko czterech punkt\u00f3w w dw\u00f3ch biegach. Cel uda\u0142o si\u0119 zrealizowa\u0107 ju\u017c w gonitwie czternastej, wygranej przez par\u0119 Zmarzlik-Woryna 4:2.<\/p>\n<p>\u2014 Ogromna rado\u015b\u0107, \u017ce uda\u0142o si\u0119 ten mecz wygra\u0107, \u017ce zawodnicy pojechali naprawd\u0119 bardzo dobrze i to ca\u0142a dru\u017cyna, bo ka\u017cdy przywi\u00f3z\u0142 wa\u017cne punkty. Nawet ci, kt\u00f3rym pocz\u0105tek spotkania nie wyszed\u0142, potem si\u0119 troch\u0119 prze\u0142amali, dokonali odpowiednich korekt i byli szybcy \u2014 podkre\u015bli\u0142 Zi\u00f3\u0142kowski.<\/p>\n<p>\u2014 Gospodarze niczym nas nie zaskoczyli. Spodziewali\u015bmy si\u0119 twardego toru, kt\u00f3ry by\u0142 dzisiaj bardzo dobrze przygotowany, r\u00f3wniutki, twardziutki. Po prostu tylko si\u0119 \u015bciga\u0107. Trening w Gnie\u017anie na pewno si\u0119 przyda\u0142, bo tam te\u017c by\u0142o twardo \u2014 doda\u0142.<\/p>\n<p>&#8222;Najwa\u017cniejsze, \u017ce nie w Cz\u0119stochowie&#8221;<\/p>\n<p>Zwyci\u0119stwo oznacza, \u017ce Motor Lublin zapewni\u0142 sobie miejsce w pierwszej czw\u00f3rce na koniec rundy zasadniczej i b\u0119dzie walczy\u0142 o medale dru\u017cynowych mistrzostw Polski. Teraz &#8222;Kozio\u0142ki&#8221; musz\u0105 czeka\u0107 na decyzj\u0119 Sparty Wroc\u0142aw, kt\u00f3ra w poniedzia\u0142ek wybierze sobie rywala na p\u00f3\u0142fina\u0142. Trener Motoru przyznaje jednak, \u017ce nie ma to dla niego wi\u0119kszego znaczenia.<\/p>\n<p>\u2014 Najlepszym dla nas rozwi\u0105zaniem jest fakt, \u017ce to kto\u015b nas wybierze, a nie my b\u0119dziemy dokonywa\u0107 wyboru (gdyby Motor przegra\u0142, w\u00f3wczas spad\u0142by na 5. miejsce i wybiera\u0142 rywala w fazie play-down). Za tydzie\u0144 mamy wolne, a za dwa tygodnie mecz w Lublinie. Z kim? Nie mam poj\u0119cia, ale to tak naprawd\u0119 nie ma znaczenia. Najwa\u017cniejsze, \u017ce nie jad\u0119 za tydzie\u0144 w Cz\u0119stochowie \u2014 podsumowa\u0142 Jacek Zi\u00f3\u0142kowski.<\/p>\n","protected":false},"excerpt":{"rendered":"Obie dru\u017cyny czeka\u0142y na to spotkanie niemal dwa tygodnie. W momencie, w kt\u00f3rym Motor wypu\u015bci\u0142 punkt bonusowy w&hellip;\n","protected":false},"author":2,"featured_media":638575,"comment_status":"","ping_status":"","sticky":false,"template":"","format":"standard","meta":{"footnotes":"","_share_on_mastodon":"0"},"categories":[51612],"tags":[61195,173,4121,1081,3625,48,46,175,42,38,40,39,41,47,882,174],"class_list":["post-638574","post","type-post","status-publish","format-standard","has-post-thumbnail","category-lublin","tag-bottomfeed_styl","tag-ekstraliga","tag-jacek_ziolkowski","tag-lublin","tag-motor_lublin","tag-nat_styl","tag-omp","tag-pge_ekstraliga","tag-pl","tag-poland","tag-polish","tag-polska","tag-polski","tag-screening_general","tag-speedway","tag-zuzel"],"share_on_mastodon":{"url":"https:\/\/pubeurope.com\/@pl\/117137422869716431","error":""},"_links":{"self":[{"href":"https:\/\/www.europesays.com\/pl\/wp-json\/wp\/v2\/posts\/638574","targetHints":{"allow":["GET"]}}],"collection":[{"href":"https:\/\/www.europesays.com\/pl\/wp-json\/wp\/v2\/posts"}],"about":[{"href":"https:\/\/www.europesays.com\/pl\/wp-json\/wp\/v2\/types\/post"}],"author":[{"embeddable":true,"href":"https:\/\/www.europesays.com\/pl\/wp-json\/wp\/v2\/users\/2"}],"replies":[{"embeddable":true,"href":"https:\/\/www.europesays.com\/pl\/wp-json\/wp\/v2\/comments?post=638574"}],"version-history":[{"count":0,"href":"https:\/\/www.europesays.com\/pl\/wp-json\/wp\/v2\/posts\/638574\/revisions"}],"wp:featuredmedia":[{"embeddable":true,"href":"https:\/\/www.europesays.com\/pl\/wp-json\/wp\/v2\/media\/638575"}],"wp:attachment":[{"href":"https:\/\/www.europesays.com\/pl\/wp-json\/wp\/v2\/media?parent=638574"}],"wp:term":[{"taxonomy":"category","embeddable":true,"href":"https:\/\/www.europesays.com\/pl\/wp-json\/wp\/v2\/categories?post=638574"},{"taxonomy":"post_tag","embeddable":true,"href":"https:\/\/www.europesays.com\/pl\/wp-json\/wp\/v2\/tags?post=638574"}],"curies":[{"name":"wp","href":"https:\/\/api.w.org\/{rel}","templated":true}]}}