{"id":638672,"date":"2026-08-22T06:10:09","date_gmt":"2026-08-22T06:10:09","guid":{"rendered":"https:\/\/www.europesays.com\/pl\/638672\/"},"modified":"2026-08-22T06:10:09","modified_gmt":"2026-08-22T06:10:09","slug":"o-dwoch-takich-co-ukradli-ksiezyc-w-lodzi","status":"publish","type":"post","link":"https:\/\/www.europesays.com\/pl\/638672\/","title":{"rendered":"O dw\u00f3ch takich, co ukradli ksi\u0119\u017cyc w \u0141odzi"},"content":{"rendered":"<p class=\"atomsHappeningContent__desc\">Propozycja Arlekina jest wsp\u00f3\u0142czesn\u0105, roz\u015bpiewan\u0105 inscenizacj\u0105 znanej powie\u015bci Kornela Makuszy\u0144skiego o dw\u00f3ch niegrzecznych i leniwych braciach, kt\u00f3rzy swoim zachowaniem zatruwaj\u0105 \u017cycie rodziny i rodzinnej wsi. Jacek i Placek, bo tak nazywaj\u0105 si\u0119 bli\u017aniacy, sp\u0119dzaj\u0105 ca\u0142e dnie na wyg\u0142upach, leniuchowaniu, dokuczaniu innym a nawet na kradzie\u017cach\u2026 Poniewa\u017c nie zamierzaj\u0105 si\u0119 uczy\u0107 ani pracowa\u0107 w przysz\u0142o\u015bci, pewnego dnia postanawiaj\u0105 ukra\u015b\u0107 z\u0142oty ksi\u0119\u017cyc i sprzeda\u0107 go, aby mie\u0107 pieni\u0105dze na swoje pr\u00f3\u017cniacze \u017cycie. Ruszaj\u0105 wi\u0119c w d\u0142ug\u0105 i pe\u0142n\u0105 przyg\u00f3d podr\u00f3\u017c, kt\u00f3ra ca\u0142kowicie ich odmieni\u2026 Spotykaj\u0105 na swojej drodze ca\u0142\u0105 galeri\u0119 rozmaitych postaci jak matka z Bagien, pelikany, r\u00f3j pszcz\u00f3\u0142, zb\u00f3jc\u00f3w czy nieborak. Czy odnajd\u0105 w niej siebie i trafi\u0105 do mamy? Czy dotkn\u0105 i poczuj\u0105, co w ich \u017cyciu wa\u017cne? Czym b\u0119dzie dla nich wsp\u00f3lna droga w nieznane, i wreszcie \u2013 czym jest dla nich, a tak\u017ce i ich r\u00f3wie\u015bnik\u00f3w, dzisiejszych kilkulatk\u00f3w, poczucie straty\u2026<\/p>\n<p>Re\u017cyser: Jerzy Jan Po\u0142o\u0144ski<\/p>\n<p>Obsada: Agata Butwi\u0142owska jako Placek, Katarzyna Pa\u0142ka jako Jacek, Emilia Dryja jako Pelikanowa, Klaudia Kalinowska jako Pszczo\u0142a, Zb\u00f3j Rajstopek, Patrycja Czyszpak-Pawlak jako Matka, Matka z Bagna, Wojciech Kondzielnik jako Osio\u0142 Pata\u0142\u0142ach, Zb\u00f3j Krwawa Kiszka, Szymon Nygard jako B\u00f3br, Z\u0142oty Pan, Wojciech Schabowski jako Pelikan, Herszt Zb\u00f3j\u00f3w.<\/p>\n<p>Autor: Kornel Makuszy\u0144ski<br \/>Przek\u0142ad: Krystyna Wodnicka<br \/>Data premiery: 2019-03-02<br \/>Gatunek: dla dzieci<br \/>Scenografia: Marika Wojciechowska<br \/>Muzyka: Mieczys\u0142aw Janicz<br \/>\u015awiat\u0142o: Ma\u0142gorzata Sendke<br \/>Choreografia: Ewelina Ciszewska<br \/>Czas trwania: 90 min<\/p>\n","protected":false},"excerpt":{"rendered":"Propozycja Arlekina jest wsp\u00f3\u0142czesn\u0105, roz\u015bpiewan\u0105 inscenizacj\u0105 znanej powie\u015bci Kornela Makuszy\u0144skiego o dw\u00f3ch niegrzecznych i leniwych braciach, kt\u00f3rzy swoim&hellip;\n","protected":false},"author":2,"featured_media":638673,"comment_status":"","ping_status":"","sticky":false,"template":"","format":"standard","meta":{"footnotes":"","_share_on_mastodon":"0"},"categories":[51608],"tags":[6226,10195,3652,42,38,40,39,41,8812,22920],"class_list":["post-638672","post","type-post","status-publish","format-standard","has-post-thumbnail","category-lodz","tag-bilety","tag-impreza","tag-lodz","tag-pl","tag-poland","tag-polish","tag-polska","tag-polski","tag-spektakle","tag-wydarzenie"],"share_on_mastodon":{"url":"https:\/\/pubeurope.com\/@pl\/117137678483641515","error":""},"_links":{"self":[{"href":"https:\/\/www.europesays.com\/pl\/wp-json\/wp\/v2\/posts\/638672","targetHints":{"allow":["GET"]}}],"collection":[{"href":"https:\/\/www.europesays.com\/pl\/wp-json\/wp\/v2\/posts"}],"about":[{"href":"https:\/\/www.europesays.com\/pl\/wp-json\/wp\/v2\/types\/post"}],"author":[{"embeddable":true,"href":"https:\/\/www.europesays.com\/pl\/wp-json\/wp\/v2\/users\/2"}],"replies":[{"embeddable":true,"href":"https:\/\/www.europesays.com\/pl\/wp-json\/wp\/v2\/comments?post=638672"}],"version-history":[{"count":0,"href":"https:\/\/www.europesays.com\/pl\/wp-json\/wp\/v2\/posts\/638672\/revisions"}],"wp:featuredmedia":[{"embeddable":true,"href":"https:\/\/www.europesays.com\/pl\/wp-json\/wp\/v2\/media\/638673"}],"wp:attachment":[{"href":"https:\/\/www.europesays.com\/pl\/wp-json\/wp\/v2\/media?parent=638672"}],"wp:term":[{"taxonomy":"category","embeddable":true,"href":"https:\/\/www.europesays.com\/pl\/wp-json\/wp\/v2\/categories?post=638672"},{"taxonomy":"post_tag","embeddable":true,"href":"https:\/\/www.europesays.com\/pl\/wp-json\/wp\/v2\/tags?post=638672"}],"curies":[{"name":"wp","href":"https:\/\/api.w.org\/{rel}","templated":true}]}}