{"id":638708,"date":"2026-08-22T06:36:16","date_gmt":"2026-08-22T06:36:16","guid":{"rendered":"https:\/\/www.europesays.com\/pl\/638708\/"},"modified":"2026-08-22T06:36:16","modified_gmt":"2026-08-22T06:36:16","slug":"o-ktorej-mecz-korona-kielce-motor-lublin-transmisja-live-stream-gdzie-obejrzec-w-tv-cksport-pl-sport-kielce-korona-kielce","status":"publish","type":"post","link":"https:\/\/www.europesays.com\/pl\/638708\/","title":{"rendered":"O kt\u00f3rej mecz Korona Kielce \u2013 Motor Lublin? Transmisja, Live Stream. Gdzie obejrze\u0107 w TV? &#8211; CKsport.pl &#8211; Sport Kielce | Korona Kielce"},"content":{"rendered":"<p>W 5. kolejce sezonu 2026\/2027 PKO BP Ekstraklasy Korona Kielce zmierzy si\u0119 na Exbud Arenie z Motorem Lublin. Oczywi\u015bcie transmisja z tej potyczki b\u0119dzie dost\u0119pna w telewizji oraz w internecie.<\/p>\n<p>Przed nadchodz\u0105cym meczem jednym z kluczowych w\u0105tk\u00f3w by\u0142a neutralizacja lider\u00f3w formacji ofensywnej rywali. Marcel Pi\u0119czek z dystansem i szacunkiem odni\u00f3s\u0142 si\u0119 do jako\u015bci pi\u0142karskiej Motoru Lublin, zwracaj\u0105c uwag\u0119 na duet Karola Czubaka z Mbaye Jacques Ndiaye.\u00a0<\/p>\n<p>\u2013 Ja jeszcze nie wiem, kto wyjdzie na boisko w tym meczu, oczywi\u015bcie z Motorem, bo to na pewno zdecyduje o tym trener. Na pewno jest tam du\u017co indywidualno\u015bci, du\u017co jako\u015bci pi\u0142karskiej, co tu du\u017co m\u00f3wi\u0107. My skupiamy si\u0119 na sobie, mamy tej jako\u015bci bardzo du\u017co. Wiemy po prostu, na czym bazuje dru\u017cyna Motoru. Oczywi\u015bcie Karol Czubak, ma wiele bramek strzelanych w poprzednim sezonie, to bardzo dobry napastnik. Na pewno nie b\u0119dzie to \u0142atwe zadanie, ale jeste\u015bmy gotowi \u2013 <a href=\"https:\/\/www.cksport.pl\/pokazWiadomosc\/34089_pieczek_przed_motorem_nie_widac_w_nas_zadnej_sytosci.html\" rel=\"nofollow noopener\" target=\"_blank\">stwierdzi\u0142 <\/a>wahad\u0142owy \u201e\u017c\u00f3\u0142to-czerwonych\u201d.<\/p>\n<p>\u00a0<\/p>\n<p> <img decoding=\"async\" style=\"height: 40px; width: auto; display: block;\" src=\"https:\/\/www.europesays.com\/pl\/wp-content\/uploads\/2026\/08\/1787380570_473_ck_sport_1.png\" alt=\"CK Sport Logo\"\/> <\/p>\n<p style=\"font-size: clamp(11px, 3vw, 13px); font-weight: bold; color: #ffd700; text-transform: uppercase; letter-spacing: 2.5px; margin: 0px 0px 10px; opacity: 0.9; text-align: center;\">5. kolejka PKO BP Ekstraklasy<\/p>\n<p>\u00a0<\/p>\n<p><img decoding=\"async\" style=\"height: clamp(65px, 12vw, 95px); width: auto; object-fit: contain; margin-bottom: 15px; filter: drop-shadow(0 4px 8px rgba(0,0,0,0.5));\" src=\"https:\/\/www.europesays.com\/pl\/wp-content\/uploads\/2026\/08\/1787380571_476_kor_9.png\" alt=\"Korona Kielce\"\/> Korona Kielce<\/p>\n<p>VS<\/p>\n<p><img decoding=\"async\" style=\"height: clamp(65px, 12vw, 95px); width: auto; object-fit: contain; margin-bottom: 15px; filter: drop-shadow(0 4px 8px rgba(0,0,0,0.5));\" src=\"https:\/\/www.europesays.com\/pl\/wp-content\/uploads\/2026\/08\/herb_rgb_motor.png\" alt=\"Motor Lublin\"\/> Motor Lublin<\/p>\n<p style=\"font-size: clamp(14px, 4vw, 18px); color: #cfcfcf; margin-bottom: 25px; text-align: center;\">Sobota, 22 sierpnia \u2022 Godzina 14.45<\/p>\n<p style=\"font-size: 11px; font-weight: bold; color: rgba(255, 255, 255, 0.6); text-transform: uppercase; letter-spacing: 1.5px; margin: 0px 0px 12px; text-align: center;\">Transmisja TV:<\/p>\n<p> <img decoding=\"async\" style=\"height: 28px; width: auto; display: block; object-fit: contain;\" src=\"https:\/\/www.europesays.com\/pl\/wp-content\/uploads\/2026\/08\/1712672692_Canal_Sport3.png\" alt=\"Canal+ Sport 3\"\/> <\/p>\n<p style=\"font-size: clamp(10px, 3vw, 12px); color: rgba(255, 255, 255, 0.4); font-weight: 600; text-transform: uppercase; letter-spacing: 2px; text-align: center;\">MIEJSCE: KIELCE, EXBUD ARENA, UL. \u015aCIEGIENNEGO 8<\/p>\n<p>Fot. Marcin Deszczka<\/p>\n<p><a href=\"https:\/\/play.google.com\/store\/apps\/details?id=pl.koronnylicznik&amp;pli=1\" target=\"_blank\" rel=\"noopener nofollow\"> <img decoding=\"async\" src=\"https:\/\/www.europesays.com\/pl\/wp-content\/uploads\/2026\/08\/1787380574_197_top_kopia_3.png\" alt=\"Reklama 1\"\/> <\/a> <a href=\"https:\/\/play.google.com\/store\/apps\/details?id=pl.koronnylicznik&amp;pli=1\" target=\"_blank\" rel=\"noopener nofollow\"> <img decoding=\"async\" src=\"https:\/\/www.europesays.com\/pl\/wp-content\/uploads\/2026\/08\/1787380575_498_t6_1.png\" alt=\"Reklama 2\"\/> <\/a><br \/>\n&#8212;&#8212;&#8212;&#8212;<br \/>\nDzi\u0119kujemy, \u017ce jeste\u015b z nami i wspierasz tw\u00f3rczo\u015b\u0107 dost\u0119pn\u0105 na CKsport.pl. Kliknij w link poni\u017cej i postaw naszej redakcji symboliczn\u0105 kaw\u0119.<\/p>\n<p><a href=\"https:\/\/buycoffee.to\/cksportpl\" target=\"_blank\" rel=\"noopener nofollow\"><img decoding=\"async\" style=\"width: 300px; display: block; margin-left: auto; margin-right: auto;\" src=\"https:\/\/buycoffee.to\/btn\/buycoffeeto-btn-primary.svg\" alt=\"Postaw mi kaw\u0119 na buycoffee.to\"\/><\/a><\/p>\n","protected":false},"excerpt":{"rendered":"W 5. kolejce sezonu 2026\/2027 PKO BP Ekstraklasy Korona Kielce zmierzy si\u0119 na Exbud Arenie z Motorem Lublin.&hellip;\n","protected":false},"author":2,"featured_media":638709,"comment_status":"","ping_status":"","sticky":false,"template":"","format":"standard","meta":{"footnotes":"","_share_on_mastodon":"0"},"categories":[51612],"tags":[60263,2908,60262,1081,3364,60261,2573,42,38,40,39,41,545],"class_list":["post-638708","post","type-post","status-publish","format-standard","has-post-thumbnail","category-lublin","tag-gdzie-obejrzec-w-tv","tag-korona-kielce","tag-live-stream","tag-lublin","tag-motor-lublin","tag-o-ktorej-mecz","tag-pko-bp-ekstraklasa","tag-pl","tag-poland","tag-polish","tag-polska","tag-polski","tag-transmisja"],"share_on_mastodon":{"url":"https:\/\/pubeurope.com\/@pl\/117137781175384866","error":""},"_links":{"self":[{"href":"https:\/\/www.europesays.com\/pl\/wp-json\/wp\/v2\/posts\/638708","targetHints":{"allow":["GET"]}}],"collection":[{"href":"https:\/\/www.europesays.com\/pl\/wp-json\/wp\/v2\/posts"}],"about":[{"href":"https:\/\/www.europesays.com\/pl\/wp-json\/wp\/v2\/types\/post"}],"author":[{"embeddable":true,"href":"https:\/\/www.europesays.com\/pl\/wp-json\/wp\/v2\/users\/2"}],"replies":[{"embeddable":true,"href":"https:\/\/www.europesays.com\/pl\/wp-json\/wp\/v2\/comments?post=638708"}],"version-history":[{"count":0,"href":"https:\/\/www.europesays.com\/pl\/wp-json\/wp\/v2\/posts\/638708\/revisions"}],"wp:featuredmedia":[{"embeddable":true,"href":"https:\/\/www.europesays.com\/pl\/wp-json\/wp\/v2\/media\/638709"}],"wp:attachment":[{"href":"https:\/\/www.europesays.com\/pl\/wp-json\/wp\/v2\/media?parent=638708"}],"wp:term":[{"taxonomy":"category","embeddable":true,"href":"https:\/\/www.europesays.com\/pl\/wp-json\/wp\/v2\/categories?post=638708"},{"taxonomy":"post_tag","embeddable":true,"href":"https:\/\/www.europesays.com\/pl\/wp-json\/wp\/v2\/tags?post=638708"}],"curies":[{"name":"wp","href":"https:\/\/api.w.org\/{rel}","templated":true}]}}